{"id":60772,"date":"2025-04-29T02:55:11","date_gmt":"2025-04-29T02:55:11","guid":{"rendered":"https:\/\/www.europesays.com\/fr\/60772\/"},"modified":"2025-04-29T02:55:11","modified_gmt":"2025-04-29T02:55:11","slug":"le-tramway-cabane-est-acheve-dans-le-parc-de-proce-a-nantes","status":"publish","type":"post","link":"https:\/\/www.europesays.com\/fr\/60772\/","title":{"rendered":"Le tramway cabane est achev\u00e9 dans le parc de Proc\u00e9 \u00e0 Nantes"},"content":{"rendered":"<p>Les barri\u00e8res qui entouraient le chantier de construction viennent d\u2019\u00eatre enlev\u00e9es, au beau milieu du parc de Proc\u00e9, \u00e0 Nantes. Ici tr\u00f4ne, d\u00e9sormais livr\u00e9e aux usagers, une fa\u00e7ade\u00a0de tramway \u00e0 taille r\u00e9elle, 36\u00a0m\u00e8tres de long et trois m\u00e8tres de haut, mais habill\u00e9e de rondins de bois.<\/p>\n<p><strong>Voir aussi :<\/strong>\u00a0<a href=\"https:\/\/nantes.maville.com\/info\/info-locale\/voyage-nantes\/video-un-tram-cabane-s-installe-dans-le-parc-de-proce-pour-le-voyage-a-nantes-4c6a6320-d189-305c-8e37-3a011e4ab400\" target=\"_self\" rel=\"noopener\">VID\u00c9O. Un tram cabane s\u2019installe dans le parc de Proc\u00e9 pour le Voyage \u00e0 Nantes<\/a><\/p>\n<p>L\u2019artiste nantais Laurent Tixador<\/p>\n<p>Les bois de platanes, c\u00e8dres, s\u00e9quoias\u2026 qui ont permis de construire ce <strong>\u00ab\u00a0tramway cabane\u00a0\u00bb<\/strong> ont \u00e9t\u00e9 r\u00e9cup\u00e9r\u00e9s apr\u00e8s l\u2019\u00e9lagage d\u2019arbres ab\u00eem\u00e9s par la temp\u00eate Caetano, en novembre.<\/p>\n<p>Il s\u2019agit de l\u2019une des \u0153uvres imagin\u00e9es pour le <a href=\"https:\/\/nantes.maville.com\/actu\/actudet_-cet-ete-le-voyage-a-nantes-va-donner-dans-l-etrange-_8-6667565_actu.Htm\" target=\"_self\" rel=\"noopener\">prochain Voyage \u00e0 Nantes, parcours artistique dans la ville pr\u00e9vu du 28\u00a0juin au 31\u00a0ao\u00fbt.<\/a> On la doit \u00e0 l\u2019artiste nantais Laurent Tixador, qui l\u2019a r\u00e9alis\u00e9e avec des \u00e9tudiants de l\u2019\u00e9cole d\u2019architecture et des Beaux-arts de Nantes. Et en lien avec la direction\u00a0Nature et jardins de Nantes m\u00e9tropole pour la s\u00e9lection des essences de cet \u00c9pilogue sylvestre, le nom donn\u00e9 \u00e0 son \u0153uvre.<\/p>\n<p>\u00a0<\/p>\n","protected":false},"excerpt":{"rendered":"Les barri\u00e8res qui entouraient le chantier de construction viennent d\u2019\u00eatre enlev\u00e9es, au beau milieu du parc de Proc\u00e9,&hellip;\n","protected":false},"author":2,"featured_media":60773,"comment_status":"","ping_status":"","sticky":false,"template":"","format":"standard","meta":{"footnotes":""},"categories":[2818],"tags":[15801,1111,11,12776,1777,674,1011,27,766,12,153,2636,15802,25,4109],"class_list":{"0":"post-60772","1":"post","2":"type-post","3":"status-publish","4":"format-standard","5":"has-post-thumbnail","7":"category-nantes","8":"tag-acheve","9":"tag-actu","10":"tag-actualites","11":"tag-cabane","12":"tag-eu","13":"tag-europe","14":"tag-fr","15":"tag-france","16":"tag-nantes","17":"tag-news","18":"tag-parc","19":"tag-pays-de-la-loire","20":"tag-proce","21":"tag-republique-francaise","22":"tag-tramway"},"share_on_mastodon":{"url":"https:\/\/pubeurope.com\/@fr\/114419002434908474","error":""},"_links":{"self":[{"href":"https:\/\/www.europesays.com\/fr\/wp-json\/wp\/v2\/posts\/60772","targetHints":{"allow":["GET"]}}],"collection":[{"href":"https:\/\/www.europesays.com\/fr\/wp-json\/wp\/v2\/posts"}],"about":[{"href":"https:\/\/www.europesays.com\/fr\/wp-json\/wp\/v2\/types\/post"}],"author":[{"embeddable":true,"href":"https:\/\/www.europesays.com\/fr\/wp-json\/wp\/v2\/users\/2"}],"replies":[{"embeddable":true,"href":"https:\/\/www.europesays.com\/fr\/wp-json\/wp\/v2\/comments?post=60772"}],"version-history":[{"count":0,"href":"https:\/\/www.europesays.com\/fr\/wp-json\/wp\/v2\/posts\/60772\/revisions"}],"wp:featuredmedia":[{"embeddable":true,"href":"https:\/\/www.europesays.com\/fr\/wp-json\/wp\/v2\/media\/60773"}],"wp:attachment":[{"href":"https:\/\/www.europesays.com\/fr\/wp-json\/wp\/v2\/media?parent=60772"}],"wp:term":[{"taxonomy":"category","embeddable":true,"href":"https:\/\/www.europesays.com\/fr\/wp-json\/wp\/v2\/categories?post=60772"},{"taxonomy":"post_tag","embeddable":true,"href":"https:\/\/www.europesays.com\/fr\/wp-json\/wp\/v2\/tags?post=60772"}],"curies":[{"name":"wp","href":"https:\/\/api.w.org\/{rel}","templated":true}]}}