{"id":607720,"date":"2025-12-18T15:45:21","date_gmt":"2025-12-18T15:45:21","guid":{"rendered":"https:\/\/www.europesays.com\/fr\/607720\/"},"modified":"2025-12-18T15:45:21","modified_gmt":"2025-12-18T15:45:21","slug":"de-nouveaux-debris-identifies-en-mer-lenquete-relancee-57-ans-apres","status":"publish","type":"post","link":"https:\/\/www.europesays.com\/fr\/607720\/","title":{"rendered":"de nouveaux d\u00e9bris identifi\u00e9s en mer, l&rsquo;enqu\u00eate relanc\u00e9e 57 ans apr\u00e8s"},"content":{"rendered":"<p class=\"article-p mdl\">Pr\u00e8s de soixante ans apr\u00e8s la catastrophe a\u00e9rienne, l\u2019enqu\u00eate sur le crash de la caravelle reliant Ajaccio \u00e0 Nice conna\u00eet une avanc\u00e9e significative.\u00a0<a class=\"link\" href=\"https:\/\/www.rtl.fr\/actu\/debats-societe\/le-crash-de-la-caravelle-ajaccio-nice-7790659376\" target=\"_blank\" rel=\"noopener\">Le 11 septembre 1968, la caravelle AF 1611, assurant\u00a0la liaison Ajaccio-Nice<\/a>\u00a0en 45 minutes, s\u2019\u00e9tait brusquement crash\u00e9e en mer au large d\u2019Antibes, provoquant la mort des 95 personnes \u00e0 bord. L\u2019\u00e9pave avait ensuite \u00e9t\u00e9 localis\u00e9e \u00e0 grande profondeur. Une premi\u00e8re instruction pour homicide involontaire s\u2019\u00e9tait achev\u00e9e en 1973 par un non-lieu, la justice retenant alors la th\u00e8se d\u2019un incendie survenu dans la cabine des toilettes.<\/p>\n<p class=\"article-p mdl\">Depuis, des investigations ont \u00e9t\u00e9 men\u00e9es \u00e0 la mi-octobre par la marine nationale dans une zone maritime de 8 km\u00b2, consid\u00e9r\u00e9e comme le site pr\u00e9sum\u00e9 de l\u2019accident. Gr\u00e2ce \u00e0 une s\u00e9rie de photographies sous-marines, les \u00e9quipes ont pu identifier des \u00e9l\u00e9ments cl\u00e9s -de nouveaux d\u00e9bris- dans la M\u00e9diterran\u00e9e de l\u2019avion, \u00e0 savoir la queue et les r\u00e9acteurs de la caravelle et de nombreuses pi\u00e8ces de la carlingue.\u00a0<\/p>\n<p class=\"article-p mdl\">Ces nouvelles donn\u00e9es ont \u00e9t\u00e9 communiqu\u00e9es par le juge d\u2019instruction ni\u00e7ois en charge du dossier. Le procureur de la R\u00e9publique de Nice, Damien Martinelli, a confirm\u00e9 ce mercredi 17 d\u00e9cembre les \u00e9l\u00e9ments transmis par les avocats des familles. Il reste d\u00e9sormais \u00e0 d\u00e9terminer s\u2019il sera possible de remonter ces pi\u00e8ces sans les d\u00e9t\u00e9riorer, apr\u00e8s pr\u00e8s de six d\u00e9cennies pass\u00e9es \u00e0 un peu plus 2.000 m\u00e8tres de profondeur, pendant une trentaine d&rsquo;heures de plong\u00e9e.<\/p>\n<p>            Une avanc\u00e9e majeure pour les familles des victimes<\/p>\n<p class=\"article-p mdl\">Les avocats des parties civiles, Me St\u00e9phane Nesa, Me Paul Sollacaro et Me Philippe Soussi, ont salu\u00e9 \u00ab\u00a0une avanc\u00e9e majeure\u00a0\u00bb dans un dossier longtemps marqu\u00e9 par les zones d\u2019ombre.\u00a0<\/p>\n<p class=\"article-p mdl\">L&rsquo;enqu\u00eate judiciaire a \u00e9t\u00e9 relanc\u00e9e en 2012 pour \u00ab\u00a0soustraction et recel de preuves\u00a0\u00bb, mais\u00a0<a class=\"link\" href=\"https:\/\/www.rtl.fr\/actu\/politique\/crash-ajaccio-nice-le-moment-est-venu-de-dire-la-verite-dit-simeoni-sur-rtl-7798318562\" target=\"_blank\" rel=\"noopener\">elle a pris un nouveau tournant en 2018<\/a>, lorsque la justice a requis la lev\u00e9e du secret-d\u00e9fense. Et ce puisque les magistrats ont estim\u00e9 qu\u2019il fallait prendre tr\u00e8s au s\u00e9rieux l\u2019hypoth\u00e8se d\u2019un tir de missile accidentel depuis la base militaire du Levant, pr\u00e8s de Hy\u00e8res, dans le Var. En juillet 2019, le minist\u00e8re des Arm\u00e9es avait transmis plusieurs documents \u00e0 la justice, jug\u00e9s \u00ab\u00a0tr\u00e8s insatisfaisants\u00a0\u00bb par les familles des victimes.<\/p>\n<p class=\"article-p mdl\">L\u2019an dernier, le procureur de Nice, Damien Martinelli, soulignait que plusieurs \u00e9l\u00e9ments concrets notamment des t\u00e9moignages et des indices mat\u00e9riels, laissaient penser que des autorit\u00e9s civiles et ou militaires auraient pu chercher \u00e0 faire obstacle \u00e0 la d\u00e9termination des causes et des circonstances r\u00e9elles du crash.\u00a0Pour les proches des victimes, l\u2019identification de ces d\u00e9bris a raviv\u00e9 l\u2019espoir de comprendre enfin les causes exactes de la catastrophe.<\/p>\n<p>    La r\u00e9daction vous recommande<\/p>\n<p class=\"s-newsletter__title\">\n                L\u2019actualit\u00e9 par la r\u00e9daction de RTL dans votre bo\u00eete mail.\n            <\/p>\n<p class=\"s-newsletter__subtitle\">\n                Gr\u00e2ce \u00e0 votre compte RTL abonnez-vous \u00e0 la newsletter RTL info pour suivre toute l&rsquo;actualit\u00e9 au quotidien\n            <\/p>\n<p>\n                                    Lire la suite\n                                <\/p>\n","protected":false},"excerpt":{"rendered":"Pr\u00e8s de soixante ans apr\u00e8s la catastrophe a\u00e9rienne, l\u2019enqu\u00eate sur le crash de la caravelle reliant Ajaccio \u00e0&hellip;\n","protected":false},"author":2,"featured_media":607721,"comment_status":"","ping_status":"","sticky":false,"template":"","format":"standard","meta":{"footnotes":""},"categories":[2819],"tags":[1111,11,13796,4098,1777,674,107,1011,27,12,2401,882,25],"class_list":{"0":"post-607720","1":"post","2":"type-post","3":"status-publish","4":"format-standard","5":"has-post-thumbnail","7":"category-nice","8":"tag-actu","9":"tag-actualites","10":"tag-avions","11":"tag-crash","12":"tag-eu","13":"tag-europe","14":"tag-fil-info","15":"tag-fr","16":"tag-france","17":"tag-news","18":"tag-nice","19":"tag-provence-alpes-cote-dazur","20":"tag-republique-francaise"},"share_on_mastodon":{"url":"https:\/\/pubeurope.com\/@fr\/115741348733551058","error":""},"_links":{"self":[{"href":"https:\/\/www.europesays.com\/fr\/wp-json\/wp\/v2\/posts\/607720","targetHints":{"allow":["GET"]}}],"collection":[{"href":"https:\/\/www.europesays.com\/fr\/wp-json\/wp\/v2\/posts"}],"about":[{"href":"https:\/\/www.europesays.com\/fr\/wp-json\/wp\/v2\/types\/post"}],"author":[{"embeddable":true,"href":"https:\/\/www.europesays.com\/fr\/wp-json\/wp\/v2\/users\/2"}],"replies":[{"embeddable":true,"href":"https:\/\/www.europesays.com\/fr\/wp-json\/wp\/v2\/comments?post=607720"}],"version-history":[{"count":0,"href":"https:\/\/www.europesays.com\/fr\/wp-json\/wp\/v2\/posts\/607720\/revisions"}],"wp:featuredmedia":[{"embeddable":true,"href":"https:\/\/www.europesays.com\/fr\/wp-json\/wp\/v2\/media\/607721"}],"wp:attachment":[{"href":"https:\/\/www.europesays.com\/fr\/wp-json\/wp\/v2\/media?parent=607720"}],"wp:term":[{"taxonomy":"category","embeddable":true,"href":"https:\/\/www.europesays.com\/fr\/wp-json\/wp\/v2\/categories?post=607720"},{"taxonomy":"post_tag","embeddable":true,"href":"https:\/\/www.europesays.com\/fr\/wp-json\/wp\/v2\/tags?post=607720"}],"curies":[{"name":"wp","href":"https:\/\/api.w.org\/{rel}","templated":true}]}}