{"id":607722,"date":"2025-12-18T15:46:10","date_gmt":"2025-12-18T15:46:10","guid":{"rendered":"https:\/\/www.europesays.com\/fr\/607722\/"},"modified":"2025-12-18T15:46:10","modified_gmt":"2025-12-18T15:46:10","slug":"ils-avaient-commis-une-expedition-punitive-contre-un-vigile-pres-de-nantes-la-violence-etait-extreme","status":"publish","type":"post","link":"https:\/\/www.europesays.com\/fr\/607722\/","title":{"rendered":"Ils avaient commis une exp\u00e9dition punitive contre un vigile pr\u00e8s de Nantes : \u00ab\u00a0la violence \u00e9tait extr\u00eame\u00a0\u00bb"},"content":{"rendered":"<p>                    Par<br \/>\n        <strong><br \/>\n            <a href=\"https:\/\/actu.fr\/auteur\/laurent-fortin\" title=\"Consulter tous les articles de Laurent Fortin\" target=\"_blank\" rel=\"noopener\">Laurent Fortin<\/a><br \/>\n                    <\/strong><\/p>\n<p>        Publi\u00e9 le<\/p>\n<p>            18 d\u00e9c. 2025 \u00e0 16h25        <\/p>\n<p>Le<b> 22\u00a0octobre 2024<\/b>, une femme avait <b>tent\u00e9 de voler un manteau<\/b> en quittant le <a href=\"https:\/\/www.kiabi.com\/magasin\/kiabi-NANTES-BASSE-GO_FMGOULA\" target=\"_blank\" rel=\"noopener\">magasin Kiabi<\/a> de <a href=\"https:\/\/actu.fr\/pays-de-la-loire\/basse-goulaine_44009\" target=\"_blank\" rel=\"noopener\"><b>Basse-Goulaine<\/b><\/a> en mettant \u00ab\u2009le manteau sur sa fille\u2009\u00bb, apr\u00e8s avoir <b>\u00ab\u2009arrach\u00e9 l\u2019\u00e9tiquette et l\u2019antivol\u2009\u00bb<\/b>, a retrac\u00e9 la<b> pr\u00e9sidente du tribunal correctionnel de Nantes<\/b> lors de l\u2019audience. Interpell\u00e9e par le vigile,<b> cette femme issue de la communaut\u00e9 des gens du voyage<\/b> avait alors \u00ab\u2009menac\u00e9\u2009\u00bb<b> l\u2019agent de s\u00e9curit\u00e9 de \u00ab\u2009faire intervenir ses proches\u2009\u00bb<\/b>. Cette <b>femme de 23\u00a0ans<\/b> avait alors <b>contact\u00e9 <\/b>\u00e0 plusieurs reprises son <b>conjoint<\/b>, actuellement d\u00e9tenu, et ses <b>beaux-fr\u00e8res.<\/b><\/p>\n<p class=\" wall-content\">Quelques heures plus tard, \u00e0 la fermeture du magasin, alors que l\u2019agent de s\u00e9curit\u00e9 <b>quittait son lieu de travail, <\/b>pour sa compagne venue le chercher en voiture, un v\u00e9hicule Volkswagen rouge avait t<b>ent\u00e9 de les \u00ab\u2009bloquer\u2009<\/b>\u00bb. Le couple \u00e9tait parvenu \u00e0 s\u2019\u00e9loigner, mais il avait r\u00e9alis\u00e9, quelques minutes plus tard, qu\u2019il <b>\u00e9tait \u00ab\u2009pourchass\u00e9\u2009\u00bb\u2009<\/b>: leur <b>voiture avait m\u00eame \u00e9t\u00e9 \u00ab\u2009pouss\u00e9e dans un foss\u00e9\u2009\u00bb par l\u2019autre v\u00e9hicule.<\/b><\/p>\n<p class=\" wall-content\"><b>Trois hommes,<\/b> dont un qui n\u2019a pas pu \u00eatre identifi\u00e9 lors de l\u2019enqu\u00eate, \u00e9taient ensuite sortis de la voiture et avaient commenc\u00e9 \u00e0 taper sur le v\u00e9hicule du couple en f<b>or\u00e7ant l\u2019agent de s\u00e9curit\u00e9 \u00e0 sortir de l\u2019habitacle<\/b>. S\u2019ex\u00e9cutant, il avait <b>ordonn\u00e9 \u00e0 sa femme de s\u2019enfuir. <\/b>Seul face aux trois hommes, <b>le vigile avait ensuite re\u00e7u \u00ab\u2009de nombreux coups\u2009\u00bb<\/b> avant que ses agresseurs ne partent, l<b>e laissant sur place \u00ab\u2009presque inanim\u00e9\u2009\u00bb.<\/b> Cette \u00ab<b>\u2009violence extr\u00eame\u2009<\/b>\u00bb avait ainsi co\u00fbt\u00e9 <b>dix jours d\u2019incapacit\u00e9 totale de travail (ITT)\u2009: <\/b>surtout, il avait d\u00e9cid\u00e9 de d\u00e9missionner.<\/p>\n<p>Les accus\u00e9s contestent la rixe<\/p>\n<p class=\" wall-content\">\u00c0 la barre, les <b>deux fr\u00e8res ont contest\u00e9 les violences. <\/b>Leur<b> belle-s\u0153ur<\/b>, elle, \u00e9tait <b>absente \u00e0 son proc\u00e8s<\/b> puisqu\u2019elle vient d\u2019accoucher de son deuxi\u00e8me enfant. La<b> jeune femme avait d\u00e9j\u00e0 \u00e9t\u00e9 condamn\u00e9e pour \u00ab\u2009vol en r\u00e9union\u2009\u00bb en septembre\u00a02021<\/b>.<\/p>\n<blockquote class=\"ac-article-quote wall-content\">\n<p>Je ne sais pas ce que je fais ici.<\/p>\n<p>Un des trois hommes, \u00e2g\u00e9 de 32\u00a0ans et p\u00e8re de deux enfants.<\/p><\/blockquote>\n<p class=\" wall-content\">Cet \u00ab\u2009autoentrepreneur dans la r\u00e9novation de b\u00e2timent\u2009\u00bb, pr\u00e9sente un casier avec <b>une seule condamnation en date du 18\u00a0avril 2024, <\/b>pour \u00ab\u2009blanchiment\u2009\u00bb et \u00ab\u2009d\u00e9tention d\u2019armes de cat\u00e9gorie C\u2009\u00bb.<\/p>\n<p>Votre r\u00e9gion, votre actu !<\/p>\n<p>Recevez chaque jour les infos qui comptent pour vous.<\/p>\n<p>\t<a href=\"https:\/\/actu.fr\/newsletter\" class=\"ac-btn ac-btn--corner ac-btn--medium ac-btn--blue800\" target=\"_blank\" rel=\"noopener\">S&rsquo;incrire<\/a><\/p>\n<p class=\" wall-content\">Son fr\u00e8re cadet, lui, a<b> d\u00e9j\u00e0 \u00e9t\u00e9 condamn\u00e9 \u00e0 sept reprises entre\u00a02016 et\u00a02021<\/b>, pour diverses infractions\u2009: des violences conjugales, mais aussi <b>un \u00ab\u2009vol avec violence\u2009\u00bb et un \u00ab\u2009d\u00e9lit de fuite\u2009\u00bb.<\/b> C\u00e9libataire et sans enfant, il a expliqu\u00e9 ne pas avoir d\u2019emploi officiel, mais il travaille \u00ab\u2009un petit peu de temps en temps dans la ferraille\u2009\u00bb pour payer les \u00ab\u2009frais de l\u2019aire d\u2019accueil\u2009\u00bb sur laquelle il r\u00e9side.<\/p>\n<p class=\" wall-content\">En d\u00e9pit de leurs d\u00e9n\u00e9gations, le <b>duo a \u00e9cop\u00e9 entre un et deux ans de prison ferme<\/b>\u2009: ils seront prochainement convoqu\u00e9s par le juge d\u2019application des peines (JAP) pour<b> envisager une \u00e9ventuelle alternative \u00e0 la d\u00e9tention.<\/b> La jeune femme qui avait vol\u00e9 le manteau sera, elle aussi, convoqu\u00e9e par le juge pour l\u2019am\u00e9nagement des <b>six mois de prison ferme<\/b> qui ont \u00e9t\u00e9 prononc\u00e9s \u00e0 son encontre. \u00c0 l\u2019issue, elle sera sous le coup d\u2019un sursis simple pendant dix-huit mois. T<b>ous les trois ont \u00e9galement \u00e9cop\u00e9 d\u2019une amende de 1\u2009000\u00a0\u20ac e<\/b>t ont interdiction de d\u00e9tenir une arme pendant cinq ans.<\/p>\n<p class=\" wall-content\">Personnalisez votre actualit\u00e9 en ajoutant vos villes et m\u00e9dias en favori avec <a href=\"https:\/\/moncompte.actu.fr\" title=\"D\u00e9couvez Mon Actu\" rel=\"nofollow noopener\" data-trk=\"{&quot;cta&quot;:{&quot;action&quot;:&quot;https:\\\/\\\/moncompte.actu.fr&quot;,&quot;category&quot;:&quot;mon compte&quot;,&quot;from&quot;:&quot;article footer&quot;,&quot;name&quot;:&quot;Mon actu&quot;,&quot;type&quot;:&quot;cta&quot;}}\" target=\"_blank\">Mon Actu<\/a>.<\/p>\n","protected":false},"excerpt":{"rendered":"Par Laurent Fortin Publi\u00e9 le 18 d\u00e9c. 2025 \u00e0 16h25 Le 22\u00a0octobre 2024, une femme avait tent\u00e9 de&hellip;\n","protected":false},"author":2,"featured_media":607723,"comment_status":"","ping_status":"","sticky":false,"template":"","format":"standard","meta":{"footnotes":""},"categories":[2818],"tags":[1111,11,215,1777,674,1011,27,303,766,12,2636,25,104,2900],"class_list":{"0":"post-607722","1":"post","2":"type-post","3":"status-publish","4":"format-standard","5":"has-post-thumbnail","7":"category-nantes","8":"tag-actu","9":"tag-actualites","10":"tag-commerce","11":"tag-eu","12":"tag-europe","13":"tag-fr","14":"tag-france","15":"tag-justice","16":"tag-nantes","17":"tag-news","18":"tag-pays-de-la-loire","19":"tag-republique-francaise","20":"tag-societe","21":"tag-vignoble-nantais"},"share_on_mastodon":{"url":"https:\/\/pubeurope.com\/@fr\/115741352749806616","error":""},"_links":{"self":[{"href":"https:\/\/www.europesays.com\/fr\/wp-json\/wp\/v2\/posts\/607722","targetHints":{"allow":["GET"]}}],"collection":[{"href":"https:\/\/www.europesays.com\/fr\/wp-json\/wp\/v2\/posts"}],"about":[{"href":"https:\/\/www.europesays.com\/fr\/wp-json\/wp\/v2\/types\/post"}],"author":[{"embeddable":true,"href":"https:\/\/www.europesays.com\/fr\/wp-json\/wp\/v2\/users\/2"}],"replies":[{"embeddable":true,"href":"https:\/\/www.europesays.com\/fr\/wp-json\/wp\/v2\/comments?post=607722"}],"version-history":[{"count":0,"href":"https:\/\/www.europesays.com\/fr\/wp-json\/wp\/v2\/posts\/607722\/revisions"}],"wp:featuredmedia":[{"embeddable":true,"href":"https:\/\/www.europesays.com\/fr\/wp-json\/wp\/v2\/media\/607723"}],"wp:attachment":[{"href":"https:\/\/www.europesays.com\/fr\/wp-json\/wp\/v2\/media?parent=607722"}],"wp:term":[{"taxonomy":"category","embeddable":true,"href":"https:\/\/www.europesays.com\/fr\/wp-json\/wp\/v2\/categories?post=607722"},{"taxonomy":"post_tag","embeddable":true,"href":"https:\/\/www.europesays.com\/fr\/wp-json\/wp\/v2\/tags?post=607722"}],"curies":[{"name":"wp","href":"https:\/\/api.w.org\/{rel}","templated":true}]}}