{"id":607732,"date":"2025-12-18T15:51:18","date_gmt":"2025-12-18T15:51:18","guid":{"rendered":"https:\/\/www.europesays.com\/fr\/607732\/"},"modified":"2025-12-18T15:51:18","modified_gmt":"2025-12-18T15:51:18","slug":"rebondissement-sur-la69-le-parquet-de-toulouse-requiert-la-suspension-dune-partie-du-chantier","status":"publish","type":"post","link":"https:\/\/www.europesays.com\/fr\/607732\/","title":{"rendered":"Rebondissement sur l\u2019A69, le parquet de Toulouse requiert la suspension d\u2019une partie du chantier"},"content":{"rendered":"<p>\u00ab\u00a0Au regard (\u2026) de la gravit\u00e9 des atteintes \u00e0 l\u2019environnement relev\u00e9es, le parquet de Toulouse a d\u00e9cid\u00e9 de saisir hier (mercredi) le juge des libert\u00e9s et de la d\u00e9tention d\u2019un r\u00e9f\u00e9r\u00e9 p\u00e9nal environnemental (\u2026) afin de mettre fin aux agissements incrimin\u00e9s dans un but de pr\u00e9servation de l\u2019environnement\u00a0\u00bb, a indiqu\u00e9 le parquet dans un communiqu\u00e9, annon\u00e7ant une audience publique vendredi \u00e0 10\u00a0heures au palais de Justice de Toulouse.<\/p>\n<p>Fin novembre, les opposants \u00e0 cette autoroute qui doit relier Castres et Toulouse sur 53\u00a0km avaient d\u00e9nonc\u00e9 \u00ab\u00a0a minima 42 hectares d\u2019emprises suppl\u00e9mentaires\u00a0\u00bb et non autoris\u00e9es sur le chantier. Leurs avocats avaient quelques jours plus tard d\u00e9pos\u00e9 une plainte, assortie d\u2019une demande de r\u00e9f\u00e9r\u00e9 p\u00e9nal environnemental.<\/p>\n<p>En r\u00e9ponse \u00e0 leur d\u00e9marche, le parquet de Toulouse estime que les investigations qu\u2019il avait confi\u00e9es \u00e0 l\u2019Office fran\u00e7ais de biodiversit\u00e9 (OFB) et la Section de recherches de la gendarmerie, ont \u00ab\u00a0permis de confirmer que de tr\u00e8s nombreuses emprises avaient \u00e9t\u00e9 op\u00e9r\u00e9es par la SAS ATOSCA (en charge des travaux et futur concessionnaire de l\u2019A69) en dehors du p\u00e9rim\u00e8tre correspondant \u00e0 l\u2019autorisation environnementale d\u00e9livr\u00e9e le 1er mars 2023 par les Pr\u00e9fets du Tarn et de la Haute-Garonne\u00a0\u00bb.<\/p>\n<p>Des \u00ab\u00a0survols des zones en h\u00e9licopt\u00e8re pour mesurer les d\u00e9passements\u00a0\u00bb du p\u00e9rim\u00e8tre autoris\u00e9 ont notamment \u00e9t\u00e9 effectu\u00e9s ces derniers jours, selon une source proche de l\u2019enqu\u00eate.<\/p>\n<p>\u00ab\u00a0Le parquet de Toulouse requiert la suspension des travaux sur tous les terrains o\u00f9 des infractions ont \u00e9t\u00e9 relev\u00e9es, soit un total de 46 sites r\u00e9partis sur l\u2019ensemble du trac\u00e9 de l\u2019autoroute A69, entre Castres et Toulouse\u00a0\u00bb, a-t-il soulign\u00e9. Il r\u00e9clame en outre \u00ab\u00a0que cette demande de suspension soit assortie d\u2019une astreinte de 10 000\u00a0euros par jour de retard, pass\u00e9 un d\u00e9lai de deux jours \u00e0 compter de la d\u00e9cision du juge des libert\u00e9s et de la d\u00e9tention\u00a0\u00bb.<\/p>\n","protected":false},"excerpt":{"rendered":"\u00ab\u00a0Au regard (\u2026) de la gravit\u00e9 des atteintes \u00e0 l\u2019environnement relev\u00e9es, le parquet de Toulouse a d\u00e9cid\u00e9 de&hellip;\n","protected":false},"author":2,"featured_media":607733,"comment_status":"","ping_status":"","sticky":false,"template":"","format":"standard","meta":{"footnotes":""},"categories":[2816],"tags":[1111,11,1130,51,1777,674,1011,27,12,2680,25,2312],"class_list":{"0":"post-607732","1":"post","2":"type-post","3":"status-publish","4":"format-standard","5":"has-post-thumbnail","7":"category-toulouse","8":"tag-actu","9":"tag-actualites","10":"tag-biodiversite","11":"tag-ecologie","12":"tag-eu","13":"tag-europe","14":"tag-fr","15":"tag-france","16":"tag-news","17":"tag-occitanie","18":"tag-republique-francaise","19":"tag-toulouse"},"share_on_mastodon":{"url":"https:\/\/pubeurope.com\/@fr\/115741372291978146","error":""},"_links":{"self":[{"href":"https:\/\/www.europesays.com\/fr\/wp-json\/wp\/v2\/posts\/607732","targetHints":{"allow":["GET"]}}],"collection":[{"href":"https:\/\/www.europesays.com\/fr\/wp-json\/wp\/v2\/posts"}],"about":[{"href":"https:\/\/www.europesays.com\/fr\/wp-json\/wp\/v2\/types\/post"}],"author":[{"embeddable":true,"href":"https:\/\/www.europesays.com\/fr\/wp-json\/wp\/v2\/users\/2"}],"replies":[{"embeddable":true,"href":"https:\/\/www.europesays.com\/fr\/wp-json\/wp\/v2\/comments?post=607732"}],"version-history":[{"count":0,"href":"https:\/\/www.europesays.com\/fr\/wp-json\/wp\/v2\/posts\/607732\/revisions"}],"wp:featuredmedia":[{"embeddable":true,"href":"https:\/\/www.europesays.com\/fr\/wp-json\/wp\/v2\/media\/607733"}],"wp:attachment":[{"href":"https:\/\/www.europesays.com\/fr\/wp-json\/wp\/v2\/media?parent=607732"}],"wp:term":[{"taxonomy":"category","embeddable":true,"href":"https:\/\/www.europesays.com\/fr\/wp-json\/wp\/v2\/categories?post=607732"},{"taxonomy":"post_tag","embeddable":true,"href":"https:\/\/www.europesays.com\/fr\/wp-json\/wp\/v2\/tags?post=607732"}],"curies":[{"name":"wp","href":"https:\/\/api.w.org\/{rel}","templated":true}]}}