{"id":607734,"date":"2025-12-18T15:52:08","date_gmt":"2025-12-18T15:52:08","guid":{"rendered":"https:\/\/www.europesays.com\/fr\/607734\/"},"modified":"2025-12-18T15:52:08","modified_gmt":"2025-12-18T15:52:08","slug":"wasquehal-appelee-par-lagent-de-securite-du-carrefour-la-police-vient-en-aide-a-un-homme-diabetique","status":"publish","type":"post","link":"https:\/\/www.europesays.com\/fr\/607734\/","title":{"rendered":"Wasquehal. Appel\u00e9e par l&rsquo;agent de s\u00e9curit\u00e9 du Carrefour, la police vient en aide \u00e0 un homme diab\u00e9tique"},"content":{"rendered":"<p>                    Par<br \/>\n        <strong><br \/>\n            <a href=\"https:\/\/actu.fr\/auteur\/margot-nicodeme\" title=\"Consulter tous les articles de Margot Nicod\u00e8me\" target=\"_blank\" rel=\"noopener\">Margot Nicod\u00e8me<\/a><br \/>\n                    <\/strong><\/p>\n<p>        Publi\u00e9 le<\/p>\n<p>            18 d\u00e9c. 2025 \u00e0 16h03        <\/p>\n<p>Un mois, quasiment jour pour jour, apr\u00e8s <a href=\"https:\/\/actu.fr\/hauts-de-france\/lille_59350\/lille-le-sauvetage-heroique-dun-etudiant-rue-du-gand-par-trois-policiers-de-la-bac_63463356.html\" target=\"_blank\" rel=\"noopener\">le sauvetage h\u00e9ro\u00efque d\u2019un \u00e9tudiant rue de Gand<\/a> \u00e0 <a href=\"https:\/\/actu.fr\/hauts-de-france\/lille_59350\" target=\"_blank\" rel=\"noopener\">Lille<\/a>, les agents de<b> la police nationale<\/b> ont \u00e0 nouveau <b>vol\u00e9 au secours d\u2019un homme<\/b>. Le 13 d\u00e9cembre 2025, appel\u00e9s par l\u2019agent de s\u00e9curit\u00e9 du Carrefour de <a href=\"https:\/\/actu.fr\/hauts-de-france\/wasquehal_59646\" target=\"_blank\" rel=\"noopener\">Wasquehal<\/a> (Nord), ils ont compris qu\u2019un client dans son v\u00e9hicule se trouvait en tr\u00e8s mauvaise posture. Diab\u00e9tique, il \u00e9tait en fait en hypoglyc\u00e9mie s\u00e9v\u00e8re.<\/p>\n<p>La police vient en aide \u00e0 un homme diab\u00e9tique en hypoglyc\u00e9mie s\u00e9v\u00e8re \u00e0 Wasquehal<\/p>\n<p class=\" wall-content\">La police est intervenue pour ce qu\u2019<b>elle pensait \u00eatre un cas d\u2019ivresse avanc\u00e9e<\/b>. En effet, l\u2019homme qui a attir\u00e9 l\u2019attention du vigile de l\u2019enseigne Carrefour si\u00e8ge dans son v\u00e9hicule sur le parking, visiblement dans un \u00e9tat second.<\/p>\n<p class=\" wall-content\">Sur place toutefois, les fonctionnaires voient rapidement qu\u2019il n\u2019y a ni alcool dans la voiture, ni odeur suspecte, et que<b> l\u2019individu, diab\u00e9tique, est en fait en hypoglyc\u00e9mie<\/b>. Un appareil de mesure de glyc\u00e9mie retrouv\u00e9 dans l\u2019habitacle confirme leurs craintes.<\/p>\n<p class=\" wall-content\">L\u2019homme, \u00e2g\u00e9 de 54 ans, \u00ab\u00a0tremble, convulse, a les yeux ferm\u00e9s\u00a0\u00bb, relate une source judiciaire, tout en \u00e9tant \u00ab\u00a0conscient, r\u00e9ceptif aux questions, mais incapable de communiquer\u00a0\u00bb. Les policiers prennent attache \u00e0 la h\u00e2te avec les pompiers. Dans l\u2019entrefaite, ils cherchent sur l\u2019automobiliste de quoi l\u2019aider, et <b>trouvent une tablette de chocolat<\/b>. Ils lui en donnent quelques carr\u00e9s, et lui prodiguent de l\u2019eau p\u00e9tillante, sur les conseils d\u2019un m\u00e9decin joint via le 15.\u00a0<\/p>\n<p class=\" wall-content\">\u00ab\u00a0Le m\u00e9decin confirme que les actions entreprises sont adapt\u00e9es et informe que les sapeurs-pompiers sont en route.<b> Progressivement, la crise cesse<\/b>\u00ab\u00a0, poursuit la source judiciaire. L\u2019homme retrouve ses esprits, et \u00e0 l\u2019arriv\u00e9e des pompiers, son \u00e9tat de sant\u00e9 est jug\u00e9 satisfaisant. Il n\u2019a pas besoin d\u2019\u00eatre transport\u00e9 \u00e0 l\u2019h\u00f4pital, et peut regagner son domicile.<\/p>\n<p class=\" wall-content\">Personnalisez votre actualit\u00e9 en ajoutant vos villes et m\u00e9dias en favori avec <a href=\"https:\/\/moncompte.actu.fr\" title=\"D\u00e9couvez Mon Actu\" rel=\"nofollow noopener\" data-trk=\"{&quot;cta&quot;:{&quot;action&quot;:&quot;https:\\\/\\\/moncompte.actu.fr&quot;,&quot;category&quot;:&quot;mon compte&quot;,&quot;from&quot;:&quot;article footer&quot;,&quot;name&quot;:&quot;Mon actu&quot;,&quot;type&quot;:&quot;cta&quot;}}\" target=\"_blank\">Mon Actu<\/a>.<\/p>\n","protected":false},"excerpt":{"rendered":"Par Margot Nicod\u00e8me Publi\u00e9 le 18 d\u00e9c. 2025 \u00e0 16h03 Un mois, quasiment jour pour jour, apr\u00e8s le&hellip;\n","protected":false},"author":2,"featured_media":607735,"comment_status":"","ping_status":"","sticky":false,"template":"","format":"standard","meta":{"footnotes":""},"categories":[2815],"tags":[1111,11,4304,1777,674,118,1011,27,811,1307,12,1072,25],"class_list":{"0":"post-607734","1":"post","2":"type-post","3":"status-publish","4":"format-standard","5":"has-post-thumbnail","7":"category-lille","8":"tag-actu","9":"tag-actualites","10":"tag-carrefour","11":"tag-eu","12":"tag-europe","13":"tag-faits-divers","14":"tag-fr","15":"tag-france","16":"tag-hauts-de-france","17":"tag-lille","18":"tag-news","19":"tag-police","20":"tag-republique-francaise"},"share_on_mastodon":{"url":"https:\/\/pubeurope.com\/@fr\/115741376463295602","error":""},"_links":{"self":[{"href":"https:\/\/www.europesays.com\/fr\/wp-json\/wp\/v2\/posts\/607734","targetHints":{"allow":["GET"]}}],"collection":[{"href":"https:\/\/www.europesays.com\/fr\/wp-json\/wp\/v2\/posts"}],"about":[{"href":"https:\/\/www.europesays.com\/fr\/wp-json\/wp\/v2\/types\/post"}],"author":[{"embeddable":true,"href":"https:\/\/www.europesays.com\/fr\/wp-json\/wp\/v2\/users\/2"}],"replies":[{"embeddable":true,"href":"https:\/\/www.europesays.com\/fr\/wp-json\/wp\/v2\/comments?post=607734"}],"version-history":[{"count":0,"href":"https:\/\/www.europesays.com\/fr\/wp-json\/wp\/v2\/posts\/607734\/revisions"}],"wp:featuredmedia":[{"embeddable":true,"href":"https:\/\/www.europesays.com\/fr\/wp-json\/wp\/v2\/media\/607735"}],"wp:attachment":[{"href":"https:\/\/www.europesays.com\/fr\/wp-json\/wp\/v2\/media?parent=607734"}],"wp:term":[{"taxonomy":"category","embeddable":true,"href":"https:\/\/www.europesays.com\/fr\/wp-json\/wp\/v2\/categories?post=607734"},{"taxonomy":"post_tag","embeddable":true,"href":"https:\/\/www.europesays.com\/fr\/wp-json\/wp\/v2\/tags?post=607734"}],"curies":[{"name":"wp","href":"https:\/\/api.w.org\/{rel}","templated":true}]}}