{"id":607736,"date":"2025-12-18T15:53:21","date_gmt":"2025-12-18T15:53:21","guid":{"rendered":"https:\/\/www.europesays.com\/fr\/607736\/"},"modified":"2025-12-18T15:53:21","modified_gmt":"2025-12-18T15:53:21","slug":"limmense-embarras-de-ses-allies-socialistes-lillois","status":"publish","type":"post","link":"https:\/\/www.europesays.com\/fr\/607736\/","title":{"rendered":"l\u2019immense embarras de ses alli\u00e9s socialistes lillois"},"content":{"rendered":"<p>Quelques heures apr\u00e8s l\u2019annonce de la <a href=\"https:\/\/www.mediacites.fr\/complement-denquete\/lille\/2025\/12\/16\/condamne-en-appel-damien-castelain-va-devoir-quitter-la-presidence-de-la-metropole-de-lille\/\" target=\"_blank\" rel=\"noopener\">condamnation en appel<\/a> de Damien Castelain ce mardi 16 d\u00e9cembre, nous nous lan\u00e7ons dans une s\u00e9rie de coups de fil. Plusieurs \u00e9lus locaux d\u00e9crochent\u00a0: St\u00e9phane Baly, qui a d\u00e9gain\u00e9 deux communiqu\u00e9s de presse sit\u00f4t la d\u00e9cision de justice annonc\u00e9e, regrette que \u00ab\u202fles questions de probit\u00e9 du pr\u00e9sident aient entach\u00e9 tout le mandat\u202f\u00bb\u202f; Violette Spillebout nous renvoie vers un court texte dans lequel elle insiste, elle aussi, sur \u00ab\u202fl\u2019exigence d\u2019exemplarit\u00e9\u202f\u00bb\u202f; Rudy Elegeest, maire de Mons\u2010en\u2010Baroeul et candidat malheureux en 2020 face \u00e0 Damien Castelain, craint que cet \u00e9pisode n\u2019entache durablement l\u2019image de la m\u00e9tropole europ\u00e9enne de\u00a0Lille\u2026<\/p>\n<p>Dans le m\u00eame temps, les hommages \u00e9manant de proches du pr\u00e9sident d\u00e9missionn\u00e9 se multiplient. G\u00e9rald Darmanin, ex\u2010vice\u2010pr\u00e9sident aux transports et tenu \u00e0 une extr\u00eame r\u00e9serve car ministre de la justice, <a href=\"https:\/\/x.com\/GDarmanin\/status\/2000944189593268547?s=20\" target=\"_blank\" rel=\"noopener\">s\u2019est d\u00e9j\u00e0 fendu d\u2019un tweet<\/a> pour avoir \u201cune pens\u00e9e plus qu\u2019amicale\u201d pour le futur\u2010ex pr\u00e9sident de la MEL. Et les socialistes alors\u202f?<\/p>\n<p>Audrey Linkenheld, pr\u00e9sidente du groupe M\u00e9tropole durable et solidaire (MDS), alli\u00e9 de Damien Castelain depuis 2014\u202f? Messagerie. Charlotte Brun, premi\u00e8re adjointe au maire de Lille et vice\u2010pr\u00e9sidente \u00e0 la m\u00e9tropole\u202f? Messagerie. L\u2019attach\u00e9e de presse d\u2019Arnaud Deslandes nous r\u00e9pond\u2026 pour indiquer \u00e0 Mediacit\u00e9s qu\u2019aucune prise de parole n\u2019est pr\u00e9vue.\u00a0Dans la soir\u00e9e, Audrey Linkenheld indique\u00a0\u2026<\/p>\n<p>Nous vous offrons l\u2019acc\u00e8s \u00e0 cet article<\/p>\n<p>Et \u00e0 toutes nos enqu\u00eates pendant deux jours\u00a0\u00a0! <br \/>Oui, on est g\u00e9n\u00e9reux \ud83d\ude09 Mais pensez aussi \u00e0 <a href=\"https:\/\/www.mediacites.fr\/sabonner\/\" target=\"_blank\" style=\"color:#fff\" rel=\"noopener\">vous abonner<\/a>\u00a0\u00a0!<\/p>\n<p>\t\tEn renseignant votre adresse, vous acceptez nos <a href=\"https:\/\/www.mediacites.fr\/conditions-generales-d-utilisation\/\" target=\"_blank\" rel=\"noopener\">conditions g\u00e9n\u00e9rales d\u2019utilisation<\/a>. <br \/>Mediacit\u00e9s s\u2019engage \u00e0 ne pas c\u00e9der votre adresse \u00e0 des tiers. En cas d\u2019\u00e9chec, \u00e9crivez \u00e0 <a href=\"https:\/\/www.mediacites.fr\/complement-denquete\/lille\/2025\/12\/18\/damien-castelain-condamne-limmense-embarras-de-ses-allies-socialistes-lillois\/mailto:contact@mediacites.fr\" target=\"_blank\" rel=\"noopener\">contact@mediacites.fr<\/a><\/p>\n<ul>\n<li>J\u2019acc\u00e8de aux 4 \u00e9ditions de Mediacit\u00e9s (Lille, Lyon, Nantes et Toulouse)<\/li>\n<li>Je d\u00e9couvre un m\u00e9dia 100 % ind\u00e9pendant, avec 0 % de publicit\u00e9<\/li>\n<\/ul>\n<p>Envie de lire la\u00a0suite\u202f?<\/p>\n<p>Depuis neuf ans, Mediacit\u00e9s enqu\u00eate en toute ind\u00e9pendance dans votre ville. Gr\u00e2ce \u00e0 ses lecteurs\u202f! Abonnez\u2010vous pour ne rien manquer de nos enqu\u00eates, suivre les \u00e9lections municipales et soutenir un journal local d\u2019investigation.<\/p>\n<ul>\n<li>Acc\u00e8s aux 4 \u00e9ditions de Mediacit\u00e9s (Lille, Lyon, Nantes et Toulouse)<\/li>\n<li>100 % ind\u00e9pendant, avec 0 % de publicit\u00e9<\/li>\n<li>R\u00e9siliation facile \u00e0 tout moment<\/li>\n<\/ul>\n<p>Mediacit\u00e9s offre l\u2019acc\u00e8s \u00e0 cet article aux lecteurs de News2Com<\/p>\n<p>Et \u00e0 toutes nos enqu\u00eates pendant deux jours\u00a0\u00a0! <br \/>Oui, on est g\u00e9n\u00e9reux \ud83d\ude09 Mais pensez aussi \u00e0 <a href=\"https:\/\/www.mediacites.fr\/sabonner\/\" target=\"_blank\" style=\"color:#fff\" rel=\"noopener\">vous abonner<\/a>\u00a0\u00a0!<\/p>\n<p>\t\tEn renseignant votre adresse, vous acceptez nos <a href=\"https:\/\/www.mediacites.fr\/conditions-generales-d-utilisation\/\" target=\"_blank\" rel=\"noopener\">conditions g\u00e9n\u00e9rales d\u2019utilisation<\/a>. <br \/>Mediacit\u00e9s s\u2019engage \u00e0 ne pas c\u00e9der votre adresse \u00e0 des tiers. En cas d\u2019\u00e9chec, \u00e9crivez \u00e0 <a href=\"https:\/\/www.mediacites.fr\/complement-denquete\/lille\/2025\/12\/18\/damien-castelain-condamne-limmense-embarras-de-ses-allies-socialistes-lillois\/mailto:contact@mediacites.fr\" target=\"_blank\" rel=\"noopener\">contact@mediacites.fr<\/a><\/p>\n<ul>\n<li>J\u2019acc\u00e8de aux 4 \u00e9ditions de Mediacit\u00e9s (Lille, Lyon, Nantes et Toulouse)<\/li>\n<li>Je d\u00e9couvre un m\u00e9dia 100 % ind\u00e9pendant, avec 0 % de publicit\u00e9<\/li>\n<\/ul>\n","protected":false},"excerpt":{"rendered":"Quelques heures apr\u00e8s l\u2019annonce de la condamnation en appel de Damien Castelain ce mardi 16 d\u00e9cembre, nous nous&hellip;\n","protected":false},"author":2,"featured_media":607737,"comment_status":"","ping_status":"","sticky":false,"template":"","format":"standard","meta":{"footnotes":""},"categories":[2815],"tags":[1111,11,71897,28240,14878,13189,1777,674,1011,27,811,6192,303,1307,12,3541,429,25],"class_list":{"0":"post-607736","1":"post","2":"type-post","3":"status-publish","4":"format-standard","5":"has-post-thumbnail","7":"category-lille","8":"tag-actu","9":"tag-actualites","10":"tag-atteinte-a-la-probite","11":"tag-complement-denquete","12":"tag-damien-castelain","13":"tag-demission","14":"tag-eu","15":"tag-europe","16":"tag-fr","17":"tag-france","18":"tag-hauts-de-france","19":"tag-ineligibilite","20":"tag-justice","21":"tag-lille","22":"tag-news","23":"tag-parti-socialiste","24":"tag-ps","25":"tag-republique-francaise"},"share_on_mastodon":{"url":"https:\/\/pubeurope.com\/@fr\/115741380009080101","error":""},"_links":{"self":[{"href":"https:\/\/www.europesays.com\/fr\/wp-json\/wp\/v2\/posts\/607736","targetHints":{"allow":["GET"]}}],"collection":[{"href":"https:\/\/www.europesays.com\/fr\/wp-json\/wp\/v2\/posts"}],"about":[{"href":"https:\/\/www.europesays.com\/fr\/wp-json\/wp\/v2\/types\/post"}],"author":[{"embeddable":true,"href":"https:\/\/www.europesays.com\/fr\/wp-json\/wp\/v2\/users\/2"}],"replies":[{"embeddable":true,"href":"https:\/\/www.europesays.com\/fr\/wp-json\/wp\/v2\/comments?post=607736"}],"version-history":[{"count":0,"href":"https:\/\/www.europesays.com\/fr\/wp-json\/wp\/v2\/posts\/607736\/revisions"}],"wp:featuredmedia":[{"embeddable":true,"href":"https:\/\/www.europesays.com\/fr\/wp-json\/wp\/v2\/media\/607737"}],"wp:attachment":[{"href":"https:\/\/www.europesays.com\/fr\/wp-json\/wp\/v2\/media?parent=607736"}],"wp:term":[{"taxonomy":"category","embeddable":true,"href":"https:\/\/www.europesays.com\/fr\/wp-json\/wp\/v2\/categories?post=607736"},{"taxonomy":"post_tag","embeddable":true,"href":"https:\/\/www.europesays.com\/fr\/wp-json\/wp\/v2\/tags?post=607736"}],"curies":[{"name":"wp","href":"https:\/\/api.w.org\/{rel}","templated":true}]}}