{"id":607738,"date":"2025-12-18T15:56:24","date_gmt":"2025-12-18T15:56:24","guid":{"rendered":"https:\/\/www.europesays.com\/fr\/607738\/"},"modified":"2025-12-18T15:56:24","modified_gmt":"2025-12-18T15:56:24","slug":"les-salaries-darkema-reconduisent-la-greve-jusqua-mardi-a-marseille","status":"publish","type":"post","link":"https:\/\/www.europesays.com\/fr\/607738\/","title":{"rendered":"Les salari\u00e9s d\u2019Arkema reconduisent la gr\u00e8ve jusqu\u2019\u00e0 mardi \u00e0 Marseille"},"content":{"rendered":"\n<p>Un Comit\u00e9 social et \u00e9conomique (CSE) extraordinaire doit se tenir ce jeudi apr\u00e8s-midi avec la question d\u2019une potentielle mise en ch\u00f4mage technique d\u2019une partie des salari\u00e9s du site.<\/p>\n<p><a rel=\"noopener noreferrer\" href=\"https:\/\/www.lamarseillaise.fr\/social\/a-arkema-en-greve-pour-une-vraie-hausse-de-salaire-BK19319954\" target=\"_blank\">\u00c0 Arkema, en gr\u00e8ve pour une vraie hausse de salaire<\/a><\/p>\n<p>Plusieurs autres sites de l\u2019entreprise de chimie sont \u00e9galement dans le mouvement partout en France, suite \u00e0 des n\u00e9gociations annuelles obligatoires (NAO) dont les r\u00e9sultats sont jug\u00e9s \u00ab m\u00e9prisants \u00bb par la CGT.<\/p>\n","protected":false},"excerpt":{"rendered":"Un Comit\u00e9 social et \u00e9conomique (CSE) extraordinaire doit se tenir ce jeudi apr\u00e8s-midi avec la question d\u2019une potentielle&hellip;\n","protected":false},"author":2,"featured_media":607739,"comment_status":"","ping_status":"","sticky":false,"template":"","format":"standard","meta":{"footnotes":""},"categories":[2814],"tags":[1111,11,18874,1777,674,1011,27,884,12,882,25],"class_list":{"0":"post-607738","1":"post","2":"type-post","3":"status-publish","4":"format-standard","5":"has-post-thumbnail","7":"category-marseille","8":"tag-actu","9":"tag-actualites","10":"tag-arkema","11":"tag-eu","12":"tag-europe","13":"tag-fr","14":"tag-france","15":"tag-marseille","16":"tag-news","17":"tag-provence-alpes-cote-dazur","18":"tag-republique-francaise"},"share_on_mastodon":{"url":"https:\/\/pubeurope.com\/@fr\/115741391873630570","error":""},"_links":{"self":[{"href":"https:\/\/www.europesays.com\/fr\/wp-json\/wp\/v2\/posts\/607738","targetHints":{"allow":["GET"]}}],"collection":[{"href":"https:\/\/www.europesays.com\/fr\/wp-json\/wp\/v2\/posts"}],"about":[{"href":"https:\/\/www.europesays.com\/fr\/wp-json\/wp\/v2\/types\/post"}],"author":[{"embeddable":true,"href":"https:\/\/www.europesays.com\/fr\/wp-json\/wp\/v2\/users\/2"}],"replies":[{"embeddable":true,"href":"https:\/\/www.europesays.com\/fr\/wp-json\/wp\/v2\/comments?post=607738"}],"version-history":[{"count":0,"href":"https:\/\/www.europesays.com\/fr\/wp-json\/wp\/v2\/posts\/607738\/revisions"}],"wp:featuredmedia":[{"embeddable":true,"href":"https:\/\/www.europesays.com\/fr\/wp-json\/wp\/v2\/media\/607739"}],"wp:attachment":[{"href":"https:\/\/www.europesays.com\/fr\/wp-json\/wp\/v2\/media?parent=607738"}],"wp:term":[{"taxonomy":"category","embeddable":true,"href":"https:\/\/www.europesays.com\/fr\/wp-json\/wp\/v2\/categories?post=607738"},{"taxonomy":"post_tag","embeddable":true,"href":"https:\/\/www.europesays.com\/fr\/wp-json\/wp\/v2\/tags?post=607738"}],"curies":[{"name":"wp","href":"https:\/\/api.w.org\/{rel}","templated":true}]}}