{"id":607740,"date":"2025-12-18T15:57:16","date_gmt":"2025-12-18T15:57:16","guid":{"rendered":"https:\/\/www.europesays.com\/fr\/607740\/"},"modified":"2025-12-18T15:57:16","modified_gmt":"2025-12-18T15:57:16","slug":"lemotion-damine-kessaci-applaudi-au-conseil-municipal","status":"publish","type":"post","link":"https:\/\/www.europesays.com\/fr\/607740\/","title":{"rendered":"l\u2019\u00e9motion d\u2019Amine Kessaci, applaudi au conseil municipal"},"content":{"rendered":"<p>        <img decoding=\"async\" loading=\"lazy\" src=\"https:\/\/www.europesays.com\/fr\/wp-content\/uploads\/2025\/12\/a1a2e48_upload-1-ofh9pr7tnuam-afp-20251218-88hn3wb-v1-highres-francepoliticsmunicipalcouncil.jpg\"  width=\"728\" height=\"409\" alt=\"Amine Kessaci, ici arrivant au conseil municipal, \u00e0 Marseille, le 18\u00a0d\u00e9cembre 2025.\"\/>  <\/p>\n<p>THIBAUD MORITZ \/ AFP<\/p>\n<p>Amine Kessaci, ici arrivant au conseil municipal, \u00e0 Marseille, le 18\u00a0d\u00e9cembre 2025.<\/p>\n<p class=\"asset asset-text\">\u00ab\u00a0Marseille doit continuer \u00e0 \u00eatre debout face \u00e0 la guerre de la drogue\u00a0\u00bb. Amine Kessaci a lanc\u00e9 un appel ce jeudi 18\u00a0d\u00e9cembre au conseil municipal de Marseille, o\u00f9 il \u00e9tait invit\u00e9.<\/p>\n<p class=\"asset asset-text\">\u00ab\u00a0Marseille a \u00e9t\u00e9 debout, Marseille doit continuer \u00e0 \u00eatre debout face \u00e0 la guerre de la drogue, face \u00e0 celles et ceux qui veulent semer la terreur dans nos rues, qui veulent faire taire\u00a0\u00bb, a d\u00e9clar\u00e9 <a href=\"https:\/\/www.huffingtonpost.fr\/justice\/article\/le-militant-amine-kessaci-promet-qu-il-ne-se-taira-pas-apres-la-mort-de-son-frere_257293.html\" target=\"_blank\" rel=\"noopener\">Amine Kessaci<\/a>, 22\u00a0ans, endeuill\u00e9 par la mort de deux de ses fr\u00e8res, <a href=\"https:\/\/www.huffingtonpost.fr\/faits-divers\/article\/a-marseille-l-assassinat-d-un-frere-du-militant-ecologiste-amine-kessaci-cree-la-stupeur_257132.html\" target=\"_blank\" rel=\"noopener\">dont un assassin\u00e9 le 13\u00a0novembre sans doute pour le faire taire<\/a>.<\/p>\n<p class=\"asset asset-text\">Accueilli par des applaudissements nourris, le jeune homme a r\u00e9clam\u00e9 \u00ab\u00a0des actions concr\u00e8tes\u00a0\u00bb. \u00ab\u00a0Sans la r\u00e9novation des \u00e9coles, sans la cr\u00e9ation de services publics, sans l\u2019action des centres sociaux, on ne pourra jamais sortir ces enfants des quartiers\u00a0\u00bb.<\/p>\n<p> La lecture de ce contenu est susceptible d\u2019entra\u00eener un d\u00e9p\u00f4t de cookies de la part de l\u2019op\u00e9rateur tiers qui l\u2019h\u00e9berge. Compte-tenu des choix que vous avez exprim\u00e9s en mati\u00e8re de d\u00e9p\u00f4t de cookies, nous avons bloqu\u00e9 l\u2019affichage de ce contenu. Si vous souhaitez y acc\u00e9der, vous devez accepter la cat\u00e9gorie de cookies \u201cContenus tiers\u201d en cliquant sur le bouton ci-dessous. <\/p>\n<p> Lire la Vid\u00e9o        Extrader \u00ab\u00a0les t\u00eates de r\u00e9seau\u00a0\u00bb    <\/p>\n<p class=\"asset asset-text\">Pour le militant \u00e9cologiste, \u00ab\u00a0attaquer les petits jeunes au pied d\u2019immeuble ne va pas stopper ces trafics internationaux\u00a0\u00bb. Il faut \u00ab\u00a0exiger des pays comme l\u2019Arabie saoudite, comme le Qatar, comme la Tha\u00eflande\u00a0\u00bb d\u2019extrader \u00ab\u00a0les t\u00eates de r\u00e9seau qui vivent tr\u00e8s bien de l\u2019argent de la drogue, vivent loin du territoire et font couler le sang ici chez nous et nos enfants se retrouvent assassin\u00e9s\u00a0\u00bb.<\/p>\n<p> La lecture de ce contenu est susceptible d\u2019entra\u00eener un d\u00e9p\u00f4t de cookies de la part de l\u2019op\u00e9rateur tiers qui l\u2019h\u00e9berge. Compte-tenu des choix que vous avez exprim\u00e9s en mati\u00e8re de d\u00e9p\u00f4t de cookies, nous avons bloqu\u00e9 l\u2019affichage de ce contenu. Si vous souhaitez y acc\u00e9der, vous devez accepter la cat\u00e9gorie de cookies \u201cContenus tiers\u201d en cliquant sur le bouton ci-dessous. <\/p>\n<p> Lire la Vid\u00e9o        <\/p>\n<p class=\"asset asset-text\">Mardi, lors de son d\u00e9placement \u00e0 Marseille, le pr\u00e9sident de la R\u00e9publique Emmanuel Macron <a href=\"https:\/\/www.huffingtonpost.fr\/politique\/article\/a-marseille-macron-en-soutien-du-combat-d-amine-kessaci-contre-les-narcotrafics_258314.html\" target=\"_blank\" rel=\"noopener\">a r\u00e9affirm\u00e9 sa d\u00e9termination \u00e0 mener la \u00ab\u00a0guerre\u00a0\u00bb contre le narcotrafic<\/a>.<\/p>\n<p class=\"asset asset-text\">Il a affich\u00e9 sa volont\u00e9 d\u2019aller \u00ab\u00a0chercher dans les pays o\u00f9 sont les t\u00eates de r\u00e9seau de la coop\u00e9ration, pour pouvoir saisir leurs biens, pour pouvoir arr\u00eater les t\u00eates de r\u00e9seau, nous les restituer\u00a0\u00bb.<\/p>\n<p class=\"asset asset-text\">Le chef de l\u2019\u00c9tat doit se rendre\u00a0dimanche pour le No\u00ebl aux troupes aux \u00c9mirats arabes unis, o\u00f9 d\u2019importants narcotrafiquants ont trouv\u00e9 refuge, selon la justice fran\u00e7aise.<\/p>\n","protected":false},"excerpt":{"rendered":"THIBAUD MORITZ \/ AFP Amine Kessaci, ici arrivant au conseil municipal, \u00e0 Marseille, le 18\u00a0d\u00e9cembre 2025. \u00ab\u00a0Marseille doit&hellip;\n","protected":false},"author":2,"featured_media":607741,"comment_status":"","ping_status":"","sticky":false,"template":"","format":"standard","meta":{"footnotes":""},"categories":[2814],"tags":[1111,11,1984,1777,674,1011,27,884,12,316,882,25],"class_list":{"0":"post-607740","1":"post","2":"type-post","3":"status-publish","4":"format-standard","5":"has-post-thumbnail","7":"category-marseille","8":"tag-actu","9":"tag-actualites","10":"tag-conseil-municipal","11":"tag-eu","12":"tag-europe","13":"tag-fr","14":"tag-france","15":"tag-marseille","16":"tag-news","17":"tag-politique","18":"tag-provence-alpes-cote-dazur","19":"tag-republique-francaise"},"share_on_mastodon":{"url":"https:\/\/pubeurope.com\/@fr\/115741397127630090","error":""},"_links":{"self":[{"href":"https:\/\/www.europesays.com\/fr\/wp-json\/wp\/v2\/posts\/607740","targetHints":{"allow":["GET"]}}],"collection":[{"href":"https:\/\/www.europesays.com\/fr\/wp-json\/wp\/v2\/posts"}],"about":[{"href":"https:\/\/www.europesays.com\/fr\/wp-json\/wp\/v2\/types\/post"}],"author":[{"embeddable":true,"href":"https:\/\/www.europesays.com\/fr\/wp-json\/wp\/v2\/users\/2"}],"replies":[{"embeddable":true,"href":"https:\/\/www.europesays.com\/fr\/wp-json\/wp\/v2\/comments?post=607740"}],"version-history":[{"count":0,"href":"https:\/\/www.europesays.com\/fr\/wp-json\/wp\/v2\/posts\/607740\/revisions"}],"wp:featuredmedia":[{"embeddable":true,"href":"https:\/\/www.europesays.com\/fr\/wp-json\/wp\/v2\/media\/607741"}],"wp:attachment":[{"href":"https:\/\/www.europesays.com\/fr\/wp-json\/wp\/v2\/media?parent=607740"}],"wp:term":[{"taxonomy":"category","embeddable":true,"href":"https:\/\/www.europesays.com\/fr\/wp-json\/wp\/v2\/categories?post=607740"},{"taxonomy":"post_tag","embeddable":true,"href":"https:\/\/www.europesays.com\/fr\/wp-json\/wp\/v2\/tags?post=607740"}],"curies":[{"name":"wp","href":"https:\/\/api.w.org\/{rel}","templated":true}]}}