{"id":607742,"date":"2025-12-18T15:58:14","date_gmt":"2025-12-18T15:58:14","guid":{"rendered":"https:\/\/www.europesays.com\/fr\/607742\/"},"modified":"2025-12-18T15:58:14","modified_gmt":"2025-12-18T15:58:14","slug":"gregory-doucet-defend-la-fete-des-lumieres","status":"publish","type":"post","link":"https:\/\/www.europesays.com\/fr\/607742\/","title":{"rendered":"Gr\u00e9gory Doucet d\u00e9fend la F\u00eate des Lumi\u00e8res"},"content":{"rendered":"<p>                    Par<br \/>\n        <strong><br \/>\n            <a href=\"https:\/\/actu.fr\/auteur\/nicolas-zaugra\" title=\"Consulter tous les articles de Nicolas Zaugra\" target=\"_blank\" rel=\"noopener\">Nicolas Zaugra<\/a><br \/>\n                    <\/strong><\/p>\n<p>        Publi\u00e9 le<\/p>\n<p>            18 d\u00e9c. 2025 \u00e0 16h36        <\/p>\n<p>L\u2019\u00e9dition 2025 de la <a href=\"https:\/\/actu.fr\/tag\/fete-des-lumieres-de-lyon\" target=\"_blank\" rel=\"noopener\">F\u00eate des Lumi\u00e8res<\/a> de <a href=\"https:\/\/actu.fr\/auvergne-rhone-alpes\/lyon_69123\" target=\"_blank\" rel=\"noopener\">Lyon<\/a> a enflamm\u00e9 les esprits en pleine campagne des municipales. Critiqu\u00e9e par les oppositions, par le <a href=\"https:\/\/actu.fr\/auvergne-rhone-alpes\/lyon_69123\/lyon-jean-michel-aulas-en-campagne-a-la-fete-des-lumieres-j-ai-vu-des-trucs-absurdes_63550529.html\" target=\"_blank\" rel=\"noopener\">candidat Jean-Michel Aulas<\/a> ou encore <a href=\"https:\/\/actu.fr\/auvergne-rhone-alpes\/lyon_69123\/fete-des-lumieres-a-lyon-l-edition-2025-decevante-voici-pourquoi-il-faut-tout-changer_63546792.html\" target=\"_blank\" rel=\"noopener\">une partie des spectateurs<\/a>, cette version amput\u00e9e de 800 000 euros de budget municipal a fait beaucoup parler. Ce jeudi 18 d\u00e9cembre pour le dernier conseil municipal du mandat de Gr\u00e9gory Doucet, le maire et candidat \u00e0 sa r\u00e9\u00e9lection a d\u00e9fendu l\u2019\u00e9v\u00e9nement face \u00e0 une salve d\u2019attaques.<\/p>\n<p>\u00ab\u00a0Des pol\u00e9miques injustifi\u00e9es\u00a0\u00bb<\/p>\n<p class=\" wall-content\">Gr\u00e9gory Doucet a d\u00e9fendu en ouverture du conseil municipal une manifestation \u00ab\u00a0populaire\u00a0\u00bb et \u00ab\u00a0cr\u00e9ative\u00a0\u00bb, qui a \u00ab\u00a0rassembl\u00e9 plus de 2 millions de personnes\u00a0\u00bb.\u00a0<\/p>\n<p class=\" wall-content\">\u00ab\u00a0Une f\u00eate qui c\u00e9l\u00e8bre la <strong>libert\u00e9 artistique<\/strong>, l\u00e0 o\u00f9 la censure et l\u2019interventionnisme d\u2019\u00e9lus deviennent la norme\u00a0\u00bb, a-t-il attaqu\u00e9 en r\u00e9f\u00e9rence aux critiques sur les choix de certaines illuminations prononc\u00e9es par des \u00e9lus LR, RN ou par Jean-Michel Aulas lui-m\u00eame. \u00ab\u00a0La f\u00eate c\u00e9l\u00e8bre l\u2019\u00e9galit\u00e9 en \u00e9tant accessible au plus grand nombre, aux plus jeunes, aux personnes en situation de handicap (\u2026) qui c\u00e9l\u00e8bre la fraternit\u00e9, le plaisir de se retrouver, pour partager des \u00e9motions devant un mapping exaltant, un spectacle onirique ou encore une contemplation po\u00e9tique\u00a0\u00bb.\u00a0<\/p>\n<blockquote class=\"ac-article-quote wall-content\">\n<p>J&rsquo;aurais aim\u00e9 que ce moment lyonnais si particulier de c\u00e9l\u00e9bration d&rsquo;une identit\u00e9 ouverte et hospitali\u00e8re, de fiert\u00e9, de retrouvailles ne fasse l&rsquo;objet de pol\u00e9miques injustifi\u00e9es car l&rsquo;essentiel c&rsquo;est le public nombreux qui a \u00e9t\u00e9 au rendez-vous comme l&rsquo;ann\u00e9e derni\u00e8re. Des visiteurs se sont \u00e9merveill\u00e9s devant l&rsquo;\u0153uvre des quais de Sa\u00f4ne, il y a eu de la g\u00e9n\u00e9rosit\u00e9 pour les Luminions du Coeur, ils ont prolong\u00e9 leurs \u00e9clats de rire avec les chats (du parc de la T\u00eate d&rsquo;Or&#8230;).<\/p>\n<p>    <strong>Gr\u00e9gory Doucet, maire de Lyon<\/strong>\n            <\/p><\/blockquote>\n<p class=\" wall-content\">Il a remerci\u00e9 \u00ab\u00a0les agents de la Ville qui ont contribu\u00e9 dans l\u2019ombre\u00a0\u00bb \u00e0 la F\u00eate mais aussi les \u00ab\u00a0artistes, les m\u00e9c\u00e8nes, les agents de s\u00e9curit\u00e9 et de secours\u00a0\u00bb.\u00a0<\/p>\n<p class=\" wall-content\">Il d\u00e9nonce \u00ab\u00a0ceux qui veulent salir le travail\u00a0\u00bb des artistes \u00e0 \u00ab\u00a0des fins \u00e9lectoralistes\u00a0\u00bb, a-t-il attaqu\u00e9 en visant son opposition.<\/p>\n<p>\u00ab\u00a0Symbole manqu\u00e9\u00a0\u00bb, \u00ab\u00a0renoncement\u00a0\u00bb, \u00ab\u00a0gadget\u00a0\u00bb\u00a0<\/p>\n<p class=\" wall-content\">Lors du conseil, la conseill\u00e8re municipale Anne-Sophie Condemine (groupe Coeur Lyonnais de Jean-Michel Aulas) a sorti le bazooka pour attaquer cette \u00e9dition. Elle d\u00e9nonce \u00ab\u00a0la disparition totale de la place des C\u00e9lestins et de la place Bellecour de votre programmation qui est un renoncement\u00a0\u00bb.\u00a0<\/p>\n<p>Votre r\u00e9gion, votre actu !<\/p>\n<p>Recevez chaque jour les infos qui comptent pour vous.<\/p>\n<p>\t<a href=\"https:\/\/actu.fr\/newsletter\" class=\"ac-btn ac-btn--corner ac-btn--medium ac-btn--blue800\" target=\"_blank\" rel=\"noopener\">S&rsquo;incrire<\/a><\/p>\n<p class=\" wall-content\">Elle a attaqu\u00e9 l\u2019\u0153uvre de la place des Terreaux qui est un \u00ab\u00a0gadget\u00a0\u00bb qui \u00ab\u00a0a remplac\u00e9 le merveilleux\u00a0\u00bb. L\u2019\u00e9lue centriste a d\u00e9plor\u00e9 la gestion de la file d\u2019attente pour assister au spectacle de drones du parc de la T\u00eate d\u2019Or en pointant \u00ab\u00a0l\u2019incapacit\u00e9 croissante \u00e0 organiser les grands flux, les grands rassemblements, les grands moments collectifs.\u00a0\u00bb \u00ab\u00a0Ce que nous avons vu, c\u2019est une <strong>f\u00eate priv\u00e9e de son souffle<\/strong> et de son sens\u00a0\u00bb, a-t-elle conclu.\u00a0<\/p>\n<p class=\" wall-content\">Les soutiens de Jean-Michel Aulas ont aussi d\u00e9nonc\u00e9 les messages anti-police projet\u00e9s par les Soul\u00e8vement de la Terre place des Terreaux. La condamnation de l\u2019action par Gr\u00e9gory Doucet ne suffit pas. Pour Pierre Oliver (LR), \u00ab\u00a0ce sont des dysfonctionnements qui montrent une absence de pilotage rigoureux\u00a0\u00bb. Il a rappel\u00e9 des soutiens d\u2019\u00e9lus de la majorit\u00e9 \u00e0 ce mouvement.\u00a0<\/p>\n<p class=\" wall-content\">Personnalisez votre actualit\u00e9 en ajoutant vos villes et m\u00e9dias en favori avec <a href=\"https:\/\/moncompte.actu.fr\" title=\"D\u00e9couvez Mon Actu\" rel=\"nofollow noopener\" data-trk=\"{&quot;cta&quot;:{&quot;action&quot;:&quot;https:\\\/\\\/moncompte.actu.fr&quot;,&quot;category&quot;:&quot;mon compte&quot;,&quot;from&quot;:&quot;article footer&quot;,&quot;name&quot;:&quot;Mon actu&quot;,&quot;type&quot;:&quot;cta&quot;}}\" target=\"_blank\">Mon Actu<\/a>.<\/p>\n","protected":false},"excerpt":{"rendered":"Par Nicolas Zaugra Publi\u00e9 le 18 d\u00e9c. 2025 \u00e0 16h36 L\u2019\u00e9dition 2025 de la F\u00eate des Lumi\u00e8res de&hellip;\n","protected":false},"author":2,"featured_media":607743,"comment_status":"","ping_status":"","sticky":false,"template":"","format":"standard","meta":{"footnotes":""},"categories":[1889],"tags":[1111,11,2430,4188,1777,674,48837,1011,27,5226,2428,3434,12,316,25],"class_list":{"0":"post-607742","1":"post","2":"type-post","3":"status-publish","4":"format-standard","5":"has-post-thumbnail","7":"category-lyon","8":"tag-actu","9":"tag-actualites","10":"tag-auvergne-rhone-alpes","11":"tag-elections-municipales","12":"tag-eu","13":"tag-europe","14":"tag-fete-des-lumieres-de-lyon","15":"tag-fr","16":"tag-france","17":"tag-gregory-doucet","18":"tag-lyon","19":"tag-municipales-2026","20":"tag-news","21":"tag-politique","22":"tag-republique-francaise"},"share_on_mastodon":{"url":"https:\/\/pubeurope.com\/@fr\/115741399698889597","error":""},"_links":{"self":[{"href":"https:\/\/www.europesays.com\/fr\/wp-json\/wp\/v2\/posts\/607742","targetHints":{"allow":["GET"]}}],"collection":[{"href":"https:\/\/www.europesays.com\/fr\/wp-json\/wp\/v2\/posts"}],"about":[{"href":"https:\/\/www.europesays.com\/fr\/wp-json\/wp\/v2\/types\/post"}],"author":[{"embeddable":true,"href":"https:\/\/www.europesays.com\/fr\/wp-json\/wp\/v2\/users\/2"}],"replies":[{"embeddable":true,"href":"https:\/\/www.europesays.com\/fr\/wp-json\/wp\/v2\/comments?post=607742"}],"version-history":[{"count":0,"href":"https:\/\/www.europesays.com\/fr\/wp-json\/wp\/v2\/posts\/607742\/revisions"}],"wp:featuredmedia":[{"embeddable":true,"href":"https:\/\/www.europesays.com\/fr\/wp-json\/wp\/v2\/media\/607743"}],"wp:attachment":[{"href":"https:\/\/www.europesays.com\/fr\/wp-json\/wp\/v2\/media?parent=607742"}],"wp:term":[{"taxonomy":"category","embeddable":true,"href":"https:\/\/www.europesays.com\/fr\/wp-json\/wp\/v2\/categories?post=607742"},{"taxonomy":"post_tag","embeddable":true,"href":"https:\/\/www.europesays.com\/fr\/wp-json\/wp\/v2\/tags?post=607742"}],"curies":[{"name":"wp","href":"https:\/\/api.w.org\/{rel}","templated":true}]}}