{"id":607756,"date":"2025-12-18T16:15:24","date_gmt":"2025-12-18T16:15:24","guid":{"rendered":"https:\/\/www.europesays.com\/fr\/607756\/"},"modified":"2025-12-18T16:15:24","modified_gmt":"2025-12-18T16:15:24","slug":"guerre-en-ukraine-la-banque-de-russie-annonce-quelle-demandera-des-compensations-aux-banques-europeennes-pour-les-pertes-subies-en-raison-du-blocage-des-avoirs-russes","status":"publish","type":"post","link":"https:\/\/www.europesays.com\/fr\/607756\/","title":{"rendered":"Guerre en Ukraine\u00a0: la Banque de Russie annonce qu\u2019elle demandera des compensations aux banques europ\u00e9ennes pour les pertes subies en raison du blocage des avoirs russes"},"content":{"rendered":"<p>\n                                                                La Banque centrale de Russie annonce qu\u2019elle r\u00e9clamera des compensations aux banques europ\u00e9ennes pour le blocage de ses actifs. Euroclear, en Belgique, d\u00e9tient une grande partie de ces fonds. L\u2019UE envisage de les utiliser pour soutenir l\u2019Ukraine.\n                            <\/p>\n<p>La Banque centrale de Russie\u00a0a annonc\u00e9 dans un communiqu\u00e9 qu\u2019elle allait demander des dommages et int\u00e9r\u00eats aux banques europ\u00e9ennes devant un tribunal d\u2019arbitrage russe pour le blocage et l\u2019utilisation\u00a0de ses actifs.<\/p>\n<p>Ces dommages et int\u00e9r\u00eats couvriraient les \u00ab\u00a0avoirs d\u00e9tenus ill\u00e9galement et les pertes de profits\u00a0\u00bb, pr\u00e9cise le communiqu\u00e9 cit\u00e9 ce jeudi 18\u00a0d\u00e9cembre par l\u2019agence de presse russe <a href=\"https:\/\/www.interfax.ru\/russia\/1063965\" target=\"_self\" rel=\"noopener\">Interfax<\/a>.<\/p>\n<p>L\u2019autorit\u00e9 de r\u00e9gulation russe a fait cette d\u00e9claration \u00ab\u00a0en lien avec les tentatives en cours des autorit\u00e9s de l\u2019Union europ\u00e9enne de saisir\/utiliser ill\u00e9galement, sans le consentement de la Banque de Russie, ses actifs plac\u00e9s dans des institutions financi\u00e8res de l\u2019UE, notamment en \u00e9tablissant une immobilisation permanente de ses actifs\u00a0\u00bb, est-il soulign\u00e9.<\/p>\n<p>\u00ab\u00a0Nous parlons des institutions qui, ill\u00e9galement, entravent la capacit\u00e9 de la Banque de Russie \u00e0 g\u00e9rer ses actifs\u00a0\u00bb, a d\u00e9clar\u00e9 le service de presse de l\u2019autorit\u00e9 de r\u00e9gulation russe, estimant qu\u2019il est\u00a0pr\u00e9matur\u00e9\u00a0d\u2019\u00e9voquer toute \u00e9valuation des actifs de ces banques.<\/p>\n<p>Euroclear<\/p>\n<p>En effet, depuis le d\u00e9clenchement de la guerre en Ukraine, une partie des avoirs russes est gel\u00e9e dans les syst\u00e8mes financiers occidentaux.<\/p>\n<p>Comme l\u2019explique la <a href=\"https:\/\/www.rtbf.be\/article\/des-dizaines-de-milliards-d-avoirs-russes-geles-dans-des-banques-commerciales-une-autre-piste-pour-aider-l-ukraine-11649226\" target=\"_self\" rel=\"noopener\">RTBF<\/a>, la plus grande partie des avoirs russes gel\u00e9s se situe en Belgique, chez Euroclear, une chambre de compensation bas\u00e9e \u00e0 Bruxelles.<\/p>\n<p>Euroclear conserve entre 180 et 210\u00a0milliards d\u2019euros d\u2019actifs russes, essentiellement des avoirs souverains appartenant \u00e0 l\u2019\u00c9tat russe et \u00e0 la Banque centrale de Russie\u00a0: obligations, liquidit\u00e9s et titres financiers.<\/p>\n<p>Selon le <a href=\"https:\/\/www.ft.com\/content\/fe304bb8-d928-4b9b-8162-2000301be937\" target=\"_self\" rel=\"noopener\">Financial Times<\/a>, environ 18\u00a0milliards d\u2019euros d\u2019avoirs russes immobilis\u00e9s \u2014 principalement des r\u00e9serves de la Banque centrale de Russie \u2014 sont log\u00e9s dans des banques commerciales fran\u00e7aises, constituant l\u2019un des plus importants pools d\u2019actifs russes immobilis\u00e9s en Europe apr\u00e8s ceux d\u00e9tenus chez Euroclear en Belgique. D&rsquo;apr\u00e8s le quotidien britannique, cette somme se trouve principalement chez BNP Paribas et sa filiale belge.<\/p>\n<p>Certaines banques op\u00e9rant en France d\u00e9tiennent \u00e9galement des d\u00e9p\u00f4ts et avoirs de r\u00e9sidents russes (souverains, entreprises priv\u00e9es ou publiques), qui peuvent \u00eatre gel\u00e9s ou non selon leur nature et le cadre juridique applicable.<\/p>\n<p>Concernant Euroclear, \u00ab\u00a0le risque, c\u2019est que l\u2019utilisation des actifs gel\u00e9s sera per\u00e7ue hors d\u2019Europe comme un pr\u00e9c\u00e9dent assimilable \u00e0 une confiscation, susceptible d\u2019affecter l\u2019attractivit\u00e9 des march\u00e9s obligataires europ\u00e9ens et la confiance des investisseurs internationaux\u00a0\u00bb, alerte la radio-t\u00e9l\u00e9vision belge.<\/p>\n<p>Le 12\u00a0d\u00e9cembre, la Banque centrale de Russie portait plainte contre\u00a0Euroclear devant le tribunal arbitral de Moscou.<\/p>\n<p>Selon les autorit\u00e9s russes, les griefs portent sur les pr\u00e9judices subis du fait des \u00ab\u00a0agissements ill\u00e9gaux d\u2019Euroclear\u00a0\u00bb, ainsi que sur le projet, annonc\u00e9 officiellement par la Commission europ\u00e9enne, de geler d\u00e9finitivement les fonds de la Banque centrale et d\u2019utiliser ses actifs pour les transf\u00e9rer \u00e0 des tiers. L\u2019Ukraine sans la nommer.<\/p>\n<p>La Banque centrale de Russie, elle, estime ses pertes, tous actifs confondus, \u00e0 200,1\u00a0milliards d\u2019euros\u00a0au 1er\u00a0d\u00e9cembre 2025.<\/p>\n<p>Pr\u00eat de 90\u00a0milliards \u00e0 Kyiv<\/p>\n<p>C\u00f4t\u00e9 UE, les\u00a027 ont vot\u00e9 le 12\u00a0d\u00e9cembre\u00a0pour l\u2019immobilisation jusqu\u2019\u00e0 la fin du conflit en Ukraine des actifs que la banque centrale russe avait plac\u00e9s en Europe.<\/p>\n<p>Cette d\u00e9cision leur garantit\u00a0que les avoirs russes immobilis\u00e9s en Europe depuis le d\u00e9but de la guerre ne retourneront pas en Russie si les sanctions venaient \u00e0 ne pas \u00eatre reconduites.<\/p>\n<p>Ces 18 et 19\u00a0d\u00e9cembre, les dirigeants europ\u00e9ens doivent s\u2019accorder sur la lev\u00e9e de\u00a090\u00a0milliards d\u2019euros (dans les liquidit\u00e9s g\u00e9n\u00e9r\u00e9es par les avoirs russes gel\u00e9s) pour financer un \u00ab\u00a0pr\u00eat de r\u00e9paration\u00a0\u00bb\u00a0pour Kyiv l\u2019ann\u00e9e prochaine.<\/p>\n<p>Les pays membres doivent encore s\u2019entendre sur le m\u00e9canisme. Plusieurs sont pour, comme l\u2019Allemagne\u00a0ainsi que d\u2019autres pays baltes et nordiques, d\u2019autres sont frileux, comme la France et l\u2019Italie. Le principal opposant reste la Belgique, qui\u00a0craint de devoir porter les cons\u00e9quences d\u2019un tel pr\u00eat et demande de fortes garanties pour en partager les risques financiers.<\/p>\n<p>De son c\u00f4t\u00e9,\u00a0Kyiv met la pression aux dirigeants de l\u2019UE pour qu\u2019ils parviennent \u00e0 un accord sur l\u2019utilisation des avoirs russes gel\u00e9s pour financer ladite aide \u00e0 l\u2019Ukraine.<\/p>\n","protected":false},"excerpt":{"rendered":"La Banque centrale de Russie annonce qu\u2019elle r\u00e9clamera des compensations aux banques europ\u00e9ennes pour le blocage de ses&hellip;\n","protected":false},"author":2,"featured_media":607757,"comment_status":"","ping_status":"","sticky":false,"template":"","format":"standard","meta":{"footnotes":""},"categories":[1591],"tags":[1111,11,1887,131,14,12,1885,1886,132],"class_list":{"0":"post-607756","1":"post","2":"type-post","3":"status-publish","4":"format-standard","5":"has-post-thumbnail","7":"category-russie","8":"tag-actu","9":"tag-actualites","10":"tag-federation-de-russie","11":"tag-guerre-en-ukraine","12":"tag-international","13":"tag-news","14":"tag-russia","15":"tag-russian-federation","16":"tag-russie"},"share_on_mastodon":{"url":"https:\/\/pubeurope.com\/@fr\/115741466491705984","error":""},"_links":{"self":[{"href":"https:\/\/www.europesays.com\/fr\/wp-json\/wp\/v2\/posts\/607756","targetHints":{"allow":["GET"]}}],"collection":[{"href":"https:\/\/www.europesays.com\/fr\/wp-json\/wp\/v2\/posts"}],"about":[{"href":"https:\/\/www.europesays.com\/fr\/wp-json\/wp\/v2\/types\/post"}],"author":[{"embeddable":true,"href":"https:\/\/www.europesays.com\/fr\/wp-json\/wp\/v2\/users\/2"}],"replies":[{"embeddable":true,"href":"https:\/\/www.europesays.com\/fr\/wp-json\/wp\/v2\/comments?post=607756"}],"version-history":[{"count":0,"href":"https:\/\/www.europesays.com\/fr\/wp-json\/wp\/v2\/posts\/607756\/revisions"}],"wp:featuredmedia":[{"embeddable":true,"href":"https:\/\/www.europesays.com\/fr\/wp-json\/wp\/v2\/media\/607757"}],"wp:attachment":[{"href":"https:\/\/www.europesays.com\/fr\/wp-json\/wp\/v2\/media?parent=607756"}],"wp:term":[{"taxonomy":"category","embeddable":true,"href":"https:\/\/www.europesays.com\/fr\/wp-json\/wp\/v2\/categories?post=607756"},{"taxonomy":"post_tag","embeddable":true,"href":"https:\/\/www.europesays.com\/fr\/wp-json\/wp\/v2\/tags?post=607756"}],"curies":[{"name":"wp","href":"https:\/\/api.w.org\/{rel}","templated":true}]}}