{"id":607780,"date":"2025-12-18T16:36:18","date_gmt":"2025-12-18T16:36:18","guid":{"rendered":"https:\/\/www.europesays.com\/fr\/607780\/"},"modified":"2025-12-18T16:36:18","modified_gmt":"2025-12-18T16:36:18","slug":"quatre-passages-du-val-denfer-au-lieu-de-trois-lors-de-la-prochaine-ardeche-classic-lequipe","status":"publish","type":"post","link":"https:\/\/www.europesays.com\/fr\/607780\/","title":{"rendered":"Quatre passages du Val d&#039;Enfer au lieu de trois lors de la prochaine Ard\u00e8che Classic &#8211; L&#039;\u00c9quipe"},"content":{"rendered":"<ol>\n<li><a href=\"https:\/\/news.google.com\/rss\/articles\/CBMi3gFBVV95cUxPT01PVjZVeWhKSjJHS2MteFh3bUVWQkNPZWZoRDdpdVZaVTQ3UkFubXNtWS1kX2thQ1NuS1l2dUZSclB2M2VudlFLVExuS3dnUW1oNzFQc2pGcVlrSS1jZ1VuUDI0dl9rSU83emFKOFFtT0dad2NlRFh2YU1TRl9KTlFZeGZNY2JpcTdkQktLWW5GTHpmWW96aG55RnNoNnhfaGNqbzV4V0QwUlo2QTI1N050RjF0WEdEQjNEWHdoQ1lQMWNFdmQtbGhmVGtucUsxYWt4VFFxaHI0bmhkNWc?oc=5\" target=\"_blank\" rel=\"noopener\">Quatre passages du Val d&rsquo;Enfer au lieu de trois lors de la prochaine Ard\u00e8che Classic<\/a>&nbsp;&nbsp;L&rsquo;\u00c9quipe<\/li>\n<li><a href=\"https:\/\/news.google.com\/rss\/articles\/CBMilgFBVV95cUxNZ1lJNU13UHVNYW1sNW5TRnE5SmZ5eVU5bVl0SGgxTUd3VzNKajVQM2xQb2tJSmpkNHpKMGtlQy1zaEtIbHFnZUpEWVZWa1JIb0gwNzNQRlhGa1djYUNRSzJnSDhFRVpwYWd1b3VGaTZqbEZmZ0F0THF1XzJSeUFQS2dnS3pyZXJjOU4zcmY1d1VWQnZoRGc?oc=5\" target=\"_blank\" rel=\"noopener\">Boucles Dr\u00f4me-Ard\u00e8che 2026 : Avec 12 WorldTeams et 6 ProTeams<\/a>&nbsp;&nbsp;DirectVelo<\/li>\n<li><a href=\"https:\/\/news.google.com\/rss\/articles\/CBMi7AFBVV95cUxNLTVtTURlYV9oQTlRcktfQjBQZnU0OWVUY1NaWVdlNVhwd042LVN4QXotRC1mRjZ4RmJHQnkyYVpDM3p4bFFKZkUzZHM1ZFpkRlptdTVyV2Y5cVIySnNERElxSGRFNDVfdnMyLU1HZEtoUWFUbm91RWthZGJOREdKMTBoZ1pZaFVZZ2JjQ1FjZVU5Vk4wRTk2aEpWMWhKcnV3R253N19rSkZaNUhtb1hQcjRqQnRIUy0yWFhWZnJiR2w4bnM2d1diMjA3QzlVN1FWcmQ4MUdsTWlCYndWWHYyanFYQTVLQ2dvWDV1RA?oc=5\" target=\"_blank\" rel=\"noopener\">Cyclisme : le parcours de l&rsquo;Ard\u00e8che Classic, course de rentr\u00e9e de Paul Seixas en 2026, l\u00e9g\u00e8rement revu<\/a>&nbsp;&nbsp;La Provence<\/li>\n<li><a href=\"https:\/\/news.google.com\/rss\/articles\/CBMi3wFBVV95cUxOemxDN3V5T09IOFc2TXgtZDFKOEVTZXpJOGYxX0U1bndyRkxqUnZQOTAwTDVjMEp1eVVmYU1LM3ZBRU9qdVVFQmdCMk5sTHQwd0MzSzViOUFROXBRS3JybEk0MElwZFc3SU1OWTFwdzZERE1CY2E3MDE3TjF2SF9pS0VDcnlUb1hBZndKejNILTA0Y0JpWDVhNmcyTDNVcVdId1ZSek5FOUt0T3dKbEQwZHJsMHB1TTRLT25PX1BSUzlVdjdRLU5iMWQ2U1JrMTFHR2U5U3BsNlZySUh2Z0Jz?oc=5\" target=\"_blank\" rel=\"noopener\">Nouvelles \u00e9quipes, parcours modifi\u00e9s, Paul Seixas attendu&#8230; Tout savoir sur les Boucles Dr\u00f4me Ard\u00e8che 2026<\/a>&nbsp;&nbsp;Le Dauphin\u00e9 Lib\u00e9r\u00e9<\/li>\n<li><a href=\"https:\/\/news.google.com\/rss\/articles\/CBMi0AFBVV95cUxPQlRWeEZPZlNfZzAxR1FiWXdaYlUwSFFoOFhSaHBrckZIRDBTdm11dklZa01ETmZ4YTluVWFkamFPc2xSb0JpRUk2NXRJWV9rT3NLWDZrTkpmbjc2bDJKLWpPUEdscFBpZ0pqNEJ5Nl9xTW9HaG51WF9EWDVnU3ZyVWs1dTJoZWRIbGNGUjktV095TXd5Zl93ZjNrQ0trbkhRNnNvNUtqWEl6bklfOHdGSmxYMFBLTmVuREQ2Y29lVUtpQWppbWF0M3pEWVNTcTBL?oc=5\" target=\"_blank\" rel=\"noopener\">Faun-Ard\u00e8che Classic 2026 et Faun Dr\u00f4me Classic 2026, 21 \u00e9quipes au d\u00e9part : douze \u00e9quipes WorldTour.<\/a>&nbsp;&nbsp;| CyclingPro.Net<\/li>\n<\/ol>\n","protected":false},"excerpt":{"rendered":"Quatre passages du Val d&rsquo;Enfer au lieu de trois lors de la prochaine Ard\u00e8che Classic&nbsp;&nbsp;L&rsquo;\u00c9quipe Boucles Dr\u00f4me-Ard\u00e8che 2026&hellip;\n","protected":false},"author":2,"featured_media":607781,"comment_status":"","ping_status":"","sticky":false,"template":"","format":"standard","meta":{"footnotes":""},"categories":[1411],"tags":[1154,207,1011,27,60],"class_list":{"0":"post-607780","1":"post","2":"type-post","3":"status-publish","4":"format-standard","5":"has-post-thumbnail","7":"category-cyclisme","8":"tag-cycling","9":"tag-cyclisme","10":"tag-fr","11":"tag-france","12":"tag-sports"},"share_on_mastodon":{"url":"https:\/\/pubeurope.com\/@fr\/115741549242782997","error":""},"_links":{"self":[{"href":"https:\/\/www.europesays.com\/fr\/wp-json\/wp\/v2\/posts\/607780","targetHints":{"allow":["GET"]}}],"collection":[{"href":"https:\/\/www.europesays.com\/fr\/wp-json\/wp\/v2\/posts"}],"about":[{"href":"https:\/\/www.europesays.com\/fr\/wp-json\/wp\/v2\/types\/post"}],"author":[{"embeddable":true,"href":"https:\/\/www.europesays.com\/fr\/wp-json\/wp\/v2\/users\/2"}],"replies":[{"embeddable":true,"href":"https:\/\/www.europesays.com\/fr\/wp-json\/wp\/v2\/comments?post=607780"}],"version-history":[{"count":0,"href":"https:\/\/www.europesays.com\/fr\/wp-json\/wp\/v2\/posts\/607780\/revisions"}],"wp:featuredmedia":[{"embeddable":true,"href":"https:\/\/www.europesays.com\/fr\/wp-json\/wp\/v2\/media\/607781"}],"wp:attachment":[{"href":"https:\/\/www.europesays.com\/fr\/wp-json\/wp\/v2\/media?parent=607780"}],"wp:term":[{"taxonomy":"category","embeddable":true,"href":"https:\/\/www.europesays.com\/fr\/wp-json\/wp\/v2\/categories?post=607780"},{"taxonomy":"post_tag","embeddable":true,"href":"https:\/\/www.europesays.com\/fr\/wp-json\/wp\/v2\/tags?post=607780"}],"curies":[{"name":"wp","href":"https:\/\/api.w.org\/{rel}","templated":true}]}}