{"id":607784,"date":"2025-12-18T16:38:13","date_gmt":"2025-12-18T16:38:13","guid":{"rendered":"https:\/\/www.europesays.com\/fr\/607784\/"},"modified":"2025-12-18T16:38:13","modified_gmt":"2025-12-18T16:38:13","slug":"michele-laroque-a-fait-un-choix-vital-deux-jours-par-semaine","status":"publish","type":"post","link":"https:\/\/www.europesays.com\/fr\/607784\/","title":{"rendered":"Mich\u00e8le Laroque a fait un choix vital : \u00ab\u00a0Deux jours par semaine&#8230;\u00a0\u00bb"},"content":{"rendered":"<p>\u00c0 65 ans, Mich\u00e8le Laroque continue de surprendre l\u00e0 o\u00f9 on ne<br \/>\nl\u2019attend pas. La com\u00e9dienne fran\u00e7aise fait partie des nouvelles<br \/>\nt\u00eates <strong>qui rejoignent l\u2019univers d\u2019Emily in Paris.<\/strong><br \/>\nLa saison 5 de la s\u00e9rie imagin\u00e9e par Darren Star est mise en ligne<br \/>\nce jeudi 18 d\u00e9cembre 2025 sur Netflix, et l\u2019arriv\u00e9e de l\u2019actrice<br \/>\nmarque un tournant symbolique : celui d\u2019une figure populaire du<br \/>\ncin\u00e9ma fran\u00e7ais int\u00e9gr\u00e9e \u00e0 une fiction devenue un ph\u00e9nom\u00e8ne<br \/>\nmondial. <strong>Un projet d\u2019envergure<\/strong>, expos\u00e9, exigeant,<br \/>\nqui s\u2019inscrit pourtant dans une p\u00e9riode de vie o\u00f9 Mich\u00e8le Laroque<br \/>\ndit avoir fait des choix essentiels pour se pr\u00e9server.<\/p>\n<p>Si elle accepte aujourd\u2019hui des r\u00f4les forts, <a href=\"https:\/\/www.closermag.fr\/people\/kad-merad-tape-une-crise-de-jalousie-a-michele-laroque-elle-balance-tout-3586909\" target=\"_blank\" rel=\"noopener\"><br \/>\nl&rsquo;amie de Kad Merad<\/a> veille plus que jamais \u00e0 garder un<br \/>\n<strong>\u00e9quilibre personnel strict.<\/strong> Mich\u00e8le Laroque<br \/>\nexplique ainsi avoir mis en place, depuis longtemps, une r\u00e8gle<br \/>\nsimple mais rigoureuse pour \u00e9viter toute forme d\u2019accoutumance. Elle<br \/>\nprend un exemple du quotidien, en apparence anodin, mais<br \/>\nr\u00e9v\u00e9lateur. \u201cSi je prends l\u2019exemple du caf\u00e9, les m\u00e9decins m\u2019ont<br \/>\ntoujours dit qu\u2019il fallait <strong>s\u2019abstenir d\u2019en boire<\/strong><br \/>\ndeux jours par semaine pour \u00e9viter que nos organes s\u2019y<br \/>\naccoutument\u201d, raconte-t-elle dans les colonnes de<br \/>\nGala.\u00a0<\/p>\n<p>Mich\u00e8le Laroque : cette mesure qui lui permet de rester en<br \/>\nforme<\/p>\n<p>Une recommandation m\u00e9dicale devenue, au fil du temps, un<br \/>\nv\u00e9ritable rituel personnel. Et la com\u00e9dienne d\u2019ajouter, toujours<br \/>\navec cette m\u00eame lucidit\u00e9 : \u201cJ\u2019ai toujours cette habitude<br \/>\nd\u2019arr\u00eater deux jours pour garder le contr\u00f4le\u201d. Deux jours par<br \/>\nsemaine, sans exception. Un choix qu\u2019elle qualifie elle-m\u00eame de<br \/>\nvital, tant il lui permet de rester ma\u00eetresse de ses habitudes, de<br \/>\nson corps et de son esprit.<\/p>\n<p>Une discipline discr\u00e8te, mais r\u00e9v\u00e9latrice d\u2019un rapport tr\u00e8s<br \/>\nconscient au temps, \u00e0 la sant\u00e9 et \u00e0 la libert\u00e9. Ce besoin de<br \/>\ncontr\u00f4le n\u2019a rien de rigide ou d\u2019angoiss\u00e9. Il s\u2019inscrit plut\u00f4t dans<br \/>\nune volont\u00e9 d\u2019\u00e9quilibre, nourrie par l\u2019exp\u00e9rience et les ann\u00e9es.<br \/>\nMich\u00e8le Laroque a vu, de pr\u00e8s ou de loin, <a href=\"https:\/\/www.closermag.fr\/people\/je-lai-vu-michele-laroque-consent-a-parler-de-pierre-palmade-et-les-mots-sont-durs-3530349\" target=\"_blank\" rel=\"noopener\"><br \/>\nles d\u00e9g\u00e2ts que certaines d\u00e9pendances<\/a> peuvent provoquer,<br \/>\nnotamment dans le milieu artistique. Elle n\u2019en fait pas un combat<br \/>\npublic, mais une ligne de conduite personnelle. Aujourd\u2019hui, elle<br \/>\npeut ainsi jouer entre le succ\u00e8s international d\u2019Emily in<br \/>\nParis sur Netflix.<\/p>\n<p>La com\u00e9dienne se sent bien dans son<br \/>\ncorps<\/p>\n<p>Car elle souhaite continuer \u00e0 cr\u00e9er, \u00e0 s\u2019exposer, \u00e0 jouer, oui.<br \/>\nMais jamais au prix de sa libert\u00e9. <strong>Deux jours par semaine<br \/>\npour s\u2019arr\u00eater<\/strong>, respirer, et rester aux commandes. Un<br \/>\nchoix simple en apparence, mais fondamental pour durer.<\/p>\n<p>Et hors de question pour elle de laisser le temps avoir de<br \/>\nl\u2019emprise : \u201cLes sexag\u00e9naires d&rsquo;aujourd&rsquo;hui ne sont plus les<br \/>\nm\u00eames qu&rsquo;avant. Ils veulent avoir une vie de jeune. Moi, je<br \/>\ncontinue de faire autant de danse, de tennis, de ski. J&rsquo;ai une<br \/>\np\u00eache intacte\u00a0\u00bb. Et il y a bien autre chose qui la maintient en<br \/>\nforme : \u00ab\u00a0<a href=\"https:\/\/www.closermag.fr\/people\/michele-laroque-ce-choix-radical-pour-sa-fille-qui-ferait-bondir-certains-parents-3539506\" target=\"_blank\" rel=\"noopener\">Je<br \/>\nne peux plus devenir m\u00e8re,<\/a> alors j&rsquo;adorerais \u00eatre grand-m\u00e8re.<br \/>\nMais je vous rassure, ma fille ne se met aucune pression de ce<br \/>\nc\u00f4t\u00e9-l\u00e0\u201d.\u00a0<\/p>\n","protected":false},"excerpt":{"rendered":"\u00c0 65 ans, Mich\u00e8le Laroque continue de surprendre l\u00e0 o\u00f9 on ne l\u2019attend pas. La com\u00e9dienne fran\u00e7aise fait&hellip;\n","protected":false},"author":2,"featured_media":607785,"comment_status":"","ping_status":"","sticky":false,"template":"","format":"standard","meta":{"footnotes":""},"categories":[1359],"tags":[21303,58,59,1011,27,70202,973],"class_list":{"0":"post-607784","1":"post","2":"type-post","3":"status-publish","4":"format-standard","5":"has-post-thumbnail","7":"category-people","8":"tag-buzz_nonli","9":"tag-divertissement","10":"tag-entertainment","11":"tag-fr","12":"tag-france","13":"tag-marfeel_connexes","14":"tag-people"},"share_on_mastodon":{"url":"https:\/\/pubeurope.com\/@fr\/115741557263023800","error":""},"_links":{"self":[{"href":"https:\/\/www.europesays.com\/fr\/wp-json\/wp\/v2\/posts\/607784","targetHints":{"allow":["GET"]}}],"collection":[{"href":"https:\/\/www.europesays.com\/fr\/wp-json\/wp\/v2\/posts"}],"about":[{"href":"https:\/\/www.europesays.com\/fr\/wp-json\/wp\/v2\/types\/post"}],"author":[{"embeddable":true,"href":"https:\/\/www.europesays.com\/fr\/wp-json\/wp\/v2\/users\/2"}],"replies":[{"embeddable":true,"href":"https:\/\/www.europesays.com\/fr\/wp-json\/wp\/v2\/comments?post=607784"}],"version-history":[{"count":0,"href":"https:\/\/www.europesays.com\/fr\/wp-json\/wp\/v2\/posts\/607784\/revisions"}],"wp:featuredmedia":[{"embeddable":true,"href":"https:\/\/www.europesays.com\/fr\/wp-json\/wp\/v2\/media\/607785"}],"wp:attachment":[{"href":"https:\/\/www.europesays.com\/fr\/wp-json\/wp\/v2\/media?parent=607784"}],"wp:term":[{"taxonomy":"category","embeddable":true,"href":"https:\/\/www.europesays.com\/fr\/wp-json\/wp\/v2\/categories?post=607784"},{"taxonomy":"post_tag","embeddable":true,"href":"https:\/\/www.europesays.com\/fr\/wp-json\/wp\/v2\/tags?post=607784"}],"curies":[{"name":"wp","href":"https:\/\/api.w.org\/{rel}","templated":true}]}}