{"id":607786,"date":"2025-12-18T16:39:15","date_gmt":"2025-12-18T16:39:15","guid":{"rendered":"https:\/\/www.europesays.com\/fr\/607786\/"},"modified":"2025-12-18T16:39:15","modified_gmt":"2025-12-18T16:39:15","slug":"totalement-inadmissible-le-louvre-porte-plainte-apres-la-fuite-de-documents-internes","status":"publish","type":"post","link":"https:\/\/www.europesays.com\/fr\/607786\/","title":{"rendered":"\u00ab\u00a0Totalement inadmissible\u00a0\u00bb\u00a0: le Louvre porte plainte apr\u00e8s la fuite de documents internes"},"content":{"rendered":"<p class=\"paragraph text_align_left lp-f-body-02\">Le Louvre a port\u00e9 plainte contre X apr\u00e8s la fuite dans la presse de \u00ab documents internes et confidentiels \u00bb, a indiqu\u00e9 jeudi une porte-parole du mus\u00e9e parisien.<\/p>\n<p class=\"\">\u00ab Le 16 d\u00e9cembre 2025, ayant constat\u00e9 que des documents internes et confidentiels avaient \u00e9t\u00e9 communiqu\u00e9s \u00e0 des tiers en vue de leur publication, l\u2019Etablissement public du <a href=\"https:\/\/www.leparisien.fr\/paris-75\/musee-du-louvre\/\" target=\"_blank\" rel=\"noreferrer noopener\">mus\u00e9e du Louvre<\/a> a saisi le procureur de la R\u00e9publique de Paris d\u2019une plainte contre X pour abus de confiance et recel d\u2019abus de confiance \u00bb, a indiqu\u00e9 cette source.<\/p>\n<p class=\"\">Cette plainte avait \u00e9t\u00e9 \u00e9voqu\u00e9e mercredi 17 d\u00e9cembre par <a href=\"https:\/\/www.leparisien.fr\/paris-75\/casse-du-louvre-la-fenetre-de-la-galerie-dapollon-par-laquelle-se-sont-introduits-les-voleurs-sera-a-nouveau-protegee-avant-noel-17-12-2025-JLZOP4X6YZEYHK55375N2UCBMY.php\" target=\"_blank\" rel=\"noreferrer noopener\">la pr\u00e9sidente du Louvre devant les s\u00e9nateurs<\/a> qui l\u2019interrogeaient sur les failles de s\u00e9curit\u00e9 r\u00e9v\u00e9l\u00e9es par le cambriolage du 19 octobre.<\/p>\n<p class=\"\">\u00ab Trop de documents sensibles fuitent du Louvre (\u2026) dans les m\u00e9dias. C\u2019est totalement inadmissible \u00bb, avait d\u00e9clar\u00e9 Laurence des Cars, en poste depuis fin 2021, qui a \u00e9t\u00e9 longuement interrog\u00e9e sur <a href=\"https:\/\/www.leparisien.fr\/culture-loisirs\/pour-moi-la-galerie-dapollon-etait-un-dossier-clos-apres-le-casse-la-patronne-du-louvre-prete-a-tenir-le-cap-01-12-2025-HKFW24WFQZGURMF7RJXN3S53YE.php\" target=\"_blank\" rel=\"noreferrer noopener\">deux audits s\u00e9curitaires alarmants<\/a> datant de 2017 et 2019, dont l\u2019un avait \u00e9t\u00e9 r\u00e9v\u00e9l\u00e9 fin novembre par Le Monde.<\/p>\n<p>\u00ab Devoir de discr\u00e9tion \u00bb des employ\u00e9s<\/p>\n<p class=\"\">De son c\u00f4t\u00e9, le Louvre n\u2019a pas pr\u00e9cis\u00e9 quels documents \u00e9taient vis\u00e9s par la plainte. Devant les s\u00e9nateurs, la pr\u00e9sidente du Louvre a simplement pr\u00e9cis\u00e9 avoir saisi la justice apr\u00e8s une publication par un \u00ab organe de presse \u00bb, tout en affirmant que cette action ne visait pas les m\u00e9dias mais le responsable de la fuite.<\/p>\n<p class=\"\">\u00ab Si nous identifions la personne qui a fait fuiter des documents extr\u00eamement sensibles du Louvre, il y aura \u00e9videmment une action, c\u2019est totalement \u00e9vident \u00bb, a-t-elle affirm\u00e9.<\/p>\n<p class=\"\">Plus g\u00e9n\u00e9ralement, cette plainte vise, selon Laurence des Cars, \u00e0 \u00ab rappeler aux uns et aux autres qui travaillent dans cet \u00e9tablissement leur devoir de discr\u00e9tion, de r\u00e9serve lorsqu\u2019ils manipulent des informations sensibles \u00bb. Le directeur de la r\u00e9daction du site La Tribune de l\u2019Art, Didier Rykner, a assur\u00e9 \u00eatre indirectement vis\u00e9 par la plainte de Laurence des Cars, dont il a d\u00e9nonc\u00e9 les \u00ab mensonges \u00bb dans des articles illustr\u00e9s par des documents internes.<\/p>\n<p class=\"\">Laurence des Cars \u00ab s\u2019est faite en effet mena\u00e7ante, non directement contre nous &#8211; elle ne nous cite d\u2019ailleurs pas explicitement &#8211; mais contre la personne qui nous renseigne \u00bb, a \u00e9crit le journaliste dans un message publi\u00e9 mercredi soir sur son site, o\u00f9 il affirme disposer de plusieurs sources internes.<\/p>\n<p class=\"\">Dans ce message, Didier Rykner estime poursuivre \u00ab un objectif l\u00e9gitime d\u2019information du public \u00bb et assure que ses sources jouent \u00ab un r\u00f4le de lanceur d\u2019alerte \u00bb. \u00ab Les menacer d\u2019une action en justice constitue une volont\u00e9, m\u00eame pas camoufl\u00e9e, de leur faire peur et ainsi de nous priver d\u2019informations essentielles \u00bb, d\u00e9nonce-t-il, jugeant cette d\u00e9marche \u00ab ahurissant(e) \u00bb.<\/p>\n","protected":false},"excerpt":{"rendered":"Le Louvre a port\u00e9 plainte contre X apr\u00e8s la fuite dans la presse de \u00ab documents internes et&hellip;\n","protected":false},"author":2,"featured_media":516152,"comment_status":"","ping_status":"","sticky":false,"template":"","format":"standard","meta":{"footnotes":""},"categories":[1358],"tags":[1348,1384,1385,872,1386,58,59,1011,27,1944,626],"class_list":{"0":"post-607786","1":"post","2":"type-post","3":"status-publish","4":"format-standard","5":"has-post-thumbnail","7":"category-arts-et-design","8":"tag-arts","9":"tag-arts-and-design","10":"tag-arts-et-design","11":"tag-culture-et-loisirs","12":"tag-design","13":"tag-divertissement","14":"tag-entertainment","15":"tag-fr","16":"tag-france","17":"tag-ma-ville","18":"tag-paris"},"share_on_mastodon":{"url":"https:\/\/pubeurope.com\/@fr\/115741560915364628","error":""},"_links":{"self":[{"href":"https:\/\/www.europesays.com\/fr\/wp-json\/wp\/v2\/posts\/607786","targetHints":{"allow":["GET"]}}],"collection":[{"href":"https:\/\/www.europesays.com\/fr\/wp-json\/wp\/v2\/posts"}],"about":[{"href":"https:\/\/www.europesays.com\/fr\/wp-json\/wp\/v2\/types\/post"}],"author":[{"embeddable":true,"href":"https:\/\/www.europesays.com\/fr\/wp-json\/wp\/v2\/users\/2"}],"replies":[{"embeddable":true,"href":"https:\/\/www.europesays.com\/fr\/wp-json\/wp\/v2\/comments?post=607786"}],"version-history":[{"count":0,"href":"https:\/\/www.europesays.com\/fr\/wp-json\/wp\/v2\/posts\/607786\/revisions"}],"wp:featuredmedia":[{"embeddable":true,"href":"https:\/\/www.europesays.com\/fr\/wp-json\/wp\/v2\/media\/516152"}],"wp:attachment":[{"href":"https:\/\/www.europesays.com\/fr\/wp-json\/wp\/v2\/media?parent=607786"}],"wp:term":[{"taxonomy":"category","embeddable":true,"href":"https:\/\/www.europesays.com\/fr\/wp-json\/wp\/v2\/categories?post=607786"},{"taxonomy":"post_tag","embeddable":true,"href":"https:\/\/www.europesays.com\/fr\/wp-json\/wp\/v2\/tags?post=607786"}],"curies":[{"name":"wp","href":"https:\/\/api.w.org\/{rel}","templated":true}]}}