{"id":607788,"date":"2025-12-18T16:42:13","date_gmt":"2025-12-18T16:42:13","guid":{"rendered":"https:\/\/www.europesays.com\/fr\/607788\/"},"modified":"2025-12-18T16:42:13","modified_gmt":"2025-12-18T16:42:13","slug":"alain-souchon-a-rencontre-pete-doherty-venu-assister-a-son-concert","status":"publish","type":"post","link":"https:\/\/www.europesays.com\/fr\/607788\/","title":{"rendered":"Alain\u202fSouchon\u202fa\u202frencontr\u00e9\u202fPete Doherty\u202fvenu\u202fassister \u00e0 son concert"},"content":{"rendered":"<p>Il y a des rencontres auxquelles on ne s\u2019attend pas. <a href=\"https:\/\/www.20minutes.fr\/dossier\/alain_souchon\" class=\"c-link c-link--is-underlined\" target=\"_blank\" rel=\"noopener\">Alain Souchon<\/a> et <a href=\"https:\/\/www.20minutes.fr\/arts-stars\/people\/4139996-20250223-pete-doherty-va-peut-etre-devoir-faire-amputer-orteils-cause-diabete-type-2\" target=\"_blank\" class=\"c-link c-link--is-underlined\" rel=\"noopener\">Pete Doherty<\/a> en sont la preuve. Le rockeur britannique \u00e9tait pourtant bien au c\u00f4t\u00e9 du chanteur de Foule sentimentale. Pete Doherty, qui vit depuis quelques ann\u00e9es \u00e0 \u00c9tretat, en Seine-Maritime, a probablement assist\u00e9 au concert d\u2019Alain Souchon le 16\u00a0d\u00e9cembre \u00e0 quelques kilom\u00e8tres de chez lui, au\u00a0Havre.<\/p>\n<p>Dans ses <a href=\"https:\/\/www.instagram.com\/katiadevidas\/ ,\" rel=\"nofollow noopener\" target=\"_blank\" class=\"c-link c-link--is-underlined\">Stories Instagram<\/a>, l\u2019\u00e9pouse du chanteur de 46 ans, l\u2019artiste fran\u00e7aise Katia de Vidas, a d\u2019abord partag\u00e9 des images du spectacle, montrant la foule chanter en ch\u0153ur All\u00f4 Maman Bobo pour accompagner <a href=\"https:\/\/www.20minutes.fr\/societe\/4185773-20251114-presidentielle-2027-souchon-imagine-francais-assez-cons-elire-rn-sinon-irait-suisse\" target=\"_blank\" class=\"c-link c-link--is-underlined\" rel=\"noopener\">Alain Souchon<\/a> sur sc\u00e8ne. L\u2019image suivante montre Pete Doherty enlacer le chanteur de 81 ans, t\u00e9moignant de leur rencontre en marge du concert.<\/p>\n<p>Dr\u00f4le de rencontre<\/p>\n<p>Le clich\u00e9, accompagn\u00e9 en Story du tube Quand j\u2019serai K.O. (1988) d\u2019Alain Souchon, laisse penser que ce t\u00eate-\u00e0-t\u00eate entre les deux artistes a \u00e9t\u00e9 convivial, tandis qu\u2019un verre de rouge et deux bouteilles apparaissent derri\u00e8re eux. Mais le leader des Libertines, en proie \u00e0 des probl\u00e8mes de sant\u00e9 ces derni\u00e8res ann\u00e9es en raison de ses nombreuses addictions par le pass\u00e9, a <a href=\"https:\/\/www.20minutes.fr\/arts-stars\/people\/4148760-20250415-pete-doherty-heureux-nouvelle-hygiene-vie-jessica-biel-embarrassee-audition-sept-maison\" target=\"_blank\" class=\"c-link c-link--is-underlined\" rel=\"noopener\">revu son hygi\u00e8ne de vie<\/a>.<\/p>\n<p>Devenu papa en\u00a02023 de <a href=\"https:\/\/www.20minutes.fr\/people\/4039928-20230605-pete-doherty-papa-nabilla-fete-premier-anniversaire-leyann\" target=\"_blank\" class=\"c-link c-link--is-underlined\" rel=\"noopener\">son troisi\u00e8me enfant <\/a>et premier avec son \u00e9pouse, une petite fille, le musicien n\u2019a rien cach\u00e9 de ses d\u00e9mons et de sa lutte contre l\u2019addiction dans le documentaire que lui a d\u00e9di\u00e9 Katia de Vidas, <a href=\"https:\/\/www.20minutes.fr\/arts-stars\/culture\/musique\/4076698-20240219-pete-doherty-stranger-in-my-own-skin-enfance-stricte-litterature-vrai-visage-rock-star\" target=\"_blank\" class=\"c-link c-link--is-underlined\" rel=\"noopener\">Pete Doherty\u00a0: Stranger in My Own Skin<\/a>, deux ans plus t\u00f4t. \u00ab\u00a0L\u2019h\u00e9ro\u00efne et le crack\u2026 Je suis tomb\u00e9 l\u00e0-dedans. Puis ce fut la coca\u00efne, la cigarette et l\u2019<a href=\"https:\/\/www.20minutes.fr\/dossier\/alcool\" class=\"c-link c-link--is-underlined\" target=\"_blank\" rel=\"noopener\">alcool<\/a>, et maintenant c\u2019est le fromage et le saucisson, et le sucre dans le th\u00e9\u2026 tout cela doit dispara\u00eetre\u00a0\u00bb, avait-il affirm\u00e9 au journaliste Louis Theroux \u00e0 l\u2019\u00e9poque. De son c\u00f4t\u00e9, Alain Souchon poursuit sa tourn\u00e9e et sera en Belgique apr\u00e8s les f\u00eates de fin d\u2019ann\u00e9e, pour revenir en France et terminer en f\u00e9vrier avec quatre dates \u00e0 la salle Pleyel, \u00e0 Paris.<\/p>\n<p><script async src=\"\/\/www.instagram.com\/embed.js\"><\/script><\/p>\n","protected":false},"excerpt":{"rendered":"Il y a des rencontres auxquelles on ne s\u2019attend pas. Alain Souchon et Pete Doherty en sont la&hellip;\n","protected":false},"author":2,"featured_media":607789,"comment_status":"","ping_status":"","sticky":false,"template":"","format":"standard","meta":{"footnotes":""},"categories":[1355],"tags":[36362,5551,58,59,1011,27,662,2440,1361,873,5161,626,973,40479,5163,133],"class_list":{"0":"post-607788","1":"post","2":"type-post","3":"status-publish","4":"format-standard","5":"has-post-thumbnail","7":"category-musique","8":"tag-alain-souchon","9":"tag-chanson-francaise","10":"tag-divertissement","11":"tag-entertainment","12":"tag-fr","13":"tag-france","14":"tag-ile-de-france","15":"tag-instagram","16":"tag-music","17":"tag-musique","18":"tag-normandie","19":"tag-paris","20":"tag-people","21":"tag-pete-doherty","22":"tag-seine-maritime","23":"tag-video"},"share_on_mastodon":{"url":"https:\/\/pubeurope.com\/@fr\/115741572855746480","error":""},"_links":{"self":[{"href":"https:\/\/www.europesays.com\/fr\/wp-json\/wp\/v2\/posts\/607788","targetHints":{"allow":["GET"]}}],"collection":[{"href":"https:\/\/www.europesays.com\/fr\/wp-json\/wp\/v2\/posts"}],"about":[{"href":"https:\/\/www.europesays.com\/fr\/wp-json\/wp\/v2\/types\/post"}],"author":[{"embeddable":true,"href":"https:\/\/www.europesays.com\/fr\/wp-json\/wp\/v2\/users\/2"}],"replies":[{"embeddable":true,"href":"https:\/\/www.europesays.com\/fr\/wp-json\/wp\/v2\/comments?post=607788"}],"version-history":[{"count":0,"href":"https:\/\/www.europesays.com\/fr\/wp-json\/wp\/v2\/posts\/607788\/revisions"}],"wp:featuredmedia":[{"embeddable":true,"href":"https:\/\/www.europesays.com\/fr\/wp-json\/wp\/v2\/media\/607789"}],"wp:attachment":[{"href":"https:\/\/www.europesays.com\/fr\/wp-json\/wp\/v2\/media?parent=607788"}],"wp:term":[{"taxonomy":"category","embeddable":true,"href":"https:\/\/www.europesays.com\/fr\/wp-json\/wp\/v2\/categories?post=607788"},{"taxonomy":"post_tag","embeddable":true,"href":"https:\/\/www.europesays.com\/fr\/wp-json\/wp\/v2\/tags?post=607788"}],"curies":[{"name":"wp","href":"https:\/\/api.w.org\/{rel}","templated":true}]}}