{"id":607817,"date":"2025-12-18T16:57:13","date_gmt":"2025-12-18T16:57:13","guid":{"rendered":"https:\/\/www.europesays.com\/fr\/607817\/"},"modified":"2025-12-18T16:57:13","modified_gmt":"2025-12-18T16:57:13","slug":"transferts-top-14-toulon-attend-taccola-et-reste-a-laffut-pour-dimitri-delibes-qui-na-pas-encore-arrete-son-choix","status":"publish","type":"post","link":"https:\/\/www.europesays.com\/fr\/607817\/","title":{"rendered":"Transferts \/ Top 14 &#8211; Toulon attend Taccola et reste \u00e0 l\u2019aff\u00fbt pour Dimitri Delibes qui n\u2019a pas encore arr\u00eat\u00e9 son choix"},"content":{"rendered":"<p>\n                Le RCT, qui cherche \u00e0 se densifier au poste de centre, devrait accueillir le Vannetais Robin Taccola la saison prochaine. ET il reste en \u00e9veil sur d\u2019autres dossiers majeurs.\n            <\/p>\n<p>Apr\u00e8s avoir \u00e9chou\u00e9 sur les dossiers Menoncello et Gailleton, qui ont respectivement choisi de s\u2019engager \u00e0 Toulouse et de prolonger \u00e0 Pau, le club de Toulon est bien d\u00e9cid\u00e9 \u00e0 renforcer son milieu du terrain en vue de la saison prochaine. Et il continue d\u2019\u00eatre particuli\u00e8rement actif. Selon nos informations, ces derniers jours, les dirigeants varois auraient ainsi acc\u00e9l\u00e9r\u00e9 sur l\u2019hypoth\u00e8se Robin Taccola (20 ans). Attraction du march\u00e9 ces r\u00e9centes semaines, le CV du trois-quarts centre vannetais avait en effet circul\u00e9 du c\u00f4t\u00e9 de Bayonne et Bordeaux-B\u00e8gles et il avait surtout \u00e9t\u00e9 re\u00e7u \u00e0 Montpellier. Depuis, les d\u00e9cideurs du MHR ont enregistr\u00e9 la prolongation du bail d\u2019Auguste Cadot et travaillent pour \u00e9tendre le contrat de leur international argentin Justo Piccardo. Du coup, la piste Taccola a \u00e9t\u00e9 abandonn\u00e9e et c\u2019est bien le RCT qui tient la corde.<\/p>\n<p>En fin de contrat en juin 2026, l\u2019international moins de 20 ans s\u2019est impos\u00e9 au plus haut niveau avec le club breton depuis trois saisons et a r\u00e9alis\u00e9 un exercice plein en Top 14 en 2024-2025 (vingt rencontres disput\u00e9es). \u00ab\u00a0Rien n\u2019est tranch\u00e9\u00a0\u00bb, avait r\u00e9cemment indiqu\u00e9, concernant l\u2019avenir de l\u2019int\u00e9ress\u00e9, son manager Jean-No\u00ebl Spitzer, qui esp\u00e9rait le convaincre de prolonger. Mais la tendance est plus que jamais \u00e0 un d\u00e9part et il est aujourd\u2019hui tout proche de s\u2019engager dans sur la rade.<\/p>\n<p>Il pourrait d\u2019ailleurs pas \u00eatre le seul \u00e9l\u00e9ment \u00e0 venir densifier les lignes arri\u00e8re toulonnaises, puisque Pierre Mignoni attendrait, au minimum, un autre joueur.<\/p>\n<p>Lebel vers la prolongation \u00e0 Toulouse<\/p>\n<p>Comme cela avait \u00e9t\u00e9 r\u00e9v\u00e9l\u00e9 par nos confr\u00e8res de La D\u00e9p\u00eache du Midi, les Toulousains Dimitri Delibes (26 ans) et Matthis Lebel (26 ans) &#8211; tous deux en fin de contrat en juin &#8211; ont visit\u00e9 les installations du RCT. L\u2019option la plus chaude semblait mener au premier, auteur de cinq essais en six matchs de Top 14 cette saison. Capable d\u2019\u00e9voluer \u00e0 l\u2019aile ou au centre, Delibes pla\u00eet au staff varois. Mais l\u2019int\u00e9ress\u00e9 n\u2019a pas encore arr\u00eat\u00e9 son choix et aurait repouss\u00e9 sa r\u00e9ponse. Alors qu\u2019il \u00e9tait \u00e9galement sur les tablettes de Bayonne il y a quelque temps, o\u00f9 il ne signera s\u00fbrement pas, il ne faut pas \u00e9carter la possibilit\u00e9 d\u2019une prolongation \u00e0 Ernest-Wallon.<\/p>\n<p>C\u2019est d\u2019ailleurs l\u2019issue la plus probable pour Lebel, que son club souhaite conserver. Les derniers dossiers \u00e9taient en stand-by \u00e0 Toulouse en attendant la d\u00e9cision de la commission de discipline et de r\u00e9gulation du rugby fran\u00e7ais (voir pages 2-3). D\u00e9sormais, les choses devraient s\u2019acc\u00e9l\u00e9rer pour l\u2019international fran\u00e7ais (6 s\u00e9lections), actuellement bless\u00e9 mais qui a inscrit 8 essais lors de ses six derniers matchs. A Ernest-Wallon, l\u2019autre dossier \u00e0 finaliser est celui du pilier polyvalent Paul Mallez (24 ans, 3 s\u00e9lections), aussi en fin de contrat \u00e0 l\u2019issue de la saison.<\/p>\n","protected":false},"excerpt":{"rendered":"Le RCT, qui cherche \u00e0 se densifier au poste de centre, devrait accueillir le Vannetais Robin Taccola la&hellip;\n","protected":false},"author":2,"featured_media":607818,"comment_status":"","ping_status":"","sticky":false,"template":"","format":"standard","meta":{"footnotes":""},"categories":[9619],"tags":[1111,11,1777,674,1011,27,12,882,25,2310,10662],"class_list":{"0":"post-607817","1":"post","2":"type-post","3":"status-publish","4":"format-standard","5":"has-post-thumbnail","7":"category-toulon","8":"tag-actu","9":"tag-actualites","10":"tag-eu","11":"tag-europe","12":"tag-fr","13":"tag-france","14":"tag-news","15":"tag-provence-alpes-cote-dazur","16":"tag-republique-francaise","17":"tag-toulon","18":"tag-transferts"},"share_on_mastodon":{"url":"https:\/\/pubeurope.com\/@fr\/115741631799929278","error":""},"_links":{"self":[{"href":"https:\/\/www.europesays.com\/fr\/wp-json\/wp\/v2\/posts\/607817","targetHints":{"allow":["GET"]}}],"collection":[{"href":"https:\/\/www.europesays.com\/fr\/wp-json\/wp\/v2\/posts"}],"about":[{"href":"https:\/\/www.europesays.com\/fr\/wp-json\/wp\/v2\/types\/post"}],"author":[{"embeddable":true,"href":"https:\/\/www.europesays.com\/fr\/wp-json\/wp\/v2\/users\/2"}],"replies":[{"embeddable":true,"href":"https:\/\/www.europesays.com\/fr\/wp-json\/wp\/v2\/comments?post=607817"}],"version-history":[{"count":0,"href":"https:\/\/www.europesays.com\/fr\/wp-json\/wp\/v2\/posts\/607817\/revisions"}],"wp:featuredmedia":[{"embeddable":true,"href":"https:\/\/www.europesays.com\/fr\/wp-json\/wp\/v2\/media\/607818"}],"wp:attachment":[{"href":"https:\/\/www.europesays.com\/fr\/wp-json\/wp\/v2\/media?parent=607817"}],"wp:term":[{"taxonomy":"category","embeddable":true,"href":"https:\/\/www.europesays.com\/fr\/wp-json\/wp\/v2\/categories?post=607817"},{"taxonomy":"post_tag","embeddable":true,"href":"https:\/\/www.europesays.com\/fr\/wp-json\/wp\/v2\/tags?post=607817"}],"curies":[{"name":"wp","href":"https:\/\/api.w.org\/{rel}","templated":true}]}}