{"id":607821,"date":"2025-12-18T16:59:13","date_gmt":"2025-12-18T16:59:13","guid":{"rendered":"https:\/\/www.europesays.com\/fr\/607821\/"},"modified":"2025-12-18T16:59:13","modified_gmt":"2025-12-18T16:59:13","slug":"ligne-5-de-tramway-a-montpellier-cest-grace-a-vous-la-ville-reunit-ceux-qui-ont-fait-la-nouvelle-rame-et-devoile-une-plaque-de-1-200-noms","status":"publish","type":"post","link":"https:\/\/www.europesays.com\/fr\/607821\/","title":{"rendered":"Ligne 5 de tramway \u00e0 Montpellier\u00a0: \u00ab\u00a0C\u2019est gr\u00e2ce \u00e0 vous\u00a0\u00bb, la ville r\u00e9unit ceux qui ont fait la nouvelle rame et d\u00e9voile une plaque de 1\u00a0200 noms"},"content":{"rendered":"<p>\n                                                                Ce jeudi 18\u00a0d\u00e9cembre, \u00e0 quelques jours de l\u2019inauguration de la Ligne 5 de tramway pr\u00e9vue samedi 20\u00a0d\u00e9cembre, Montpellier a rendu hommage \u00e0 celles et ceux qui ont contribu\u00e9 \u00e0 ce chantier d\u2019envergure.\n                            <\/p>\n<p>Ce jeudi 18\u00a0d\u00e9cembre 2025, \u00e0 quelques heures de l\u2019inauguration officielle de la Ligne 5 de tramway pr\u00e9vue ce samedi 20\u00a0d\u00e9cembre, Montpellier a rendu hommage \u00e0 celles et ceux qui ont rendu ce projet possible.<\/p>\n<p>Micha\u00ebl Delafosse, maire de Montpellier et pr\u00e9sident de Montpellier M\u00e9diterran\u00e9e M\u00e9tropole, Julie Fr\u00eache, vice-pr\u00e9sidente d\u00e9l\u00e9gu\u00e9e aux Transports et mobilit\u00e9s actives, ainsi que Lo\u00efc Messner, directeur g\u00e9n\u00e9ral de TaM, ont chaleureusement remerci\u00e9 l\u2019ensemble des \u00e9quipes ayant \u0153uvr\u00e9 \u00e0 la r\u00e9alisation de la Ligne 5.<\/p>\n<p>Am\u00e9liorer la mobilit\u00e9<\/p>\n<p>Une plaque a \u00e9t\u00e9 d\u00e9voil\u00e9e \u00e0 cette occasion, portant les noms de pr\u00e8s de 1\u00a0200 personnes\u00a0: ouvriers, techniciens, ing\u00e9nieurs, architectes, mais aussi les services supports \u2013 juridique, finances, communication, ressources humaines \u2013 qui ont contribu\u00e9 \u00e0 ce projet d\u2019envergure.<\/p>\n<p>\u00ab\u00a0C\u2019est gr\u00e2ce \u00e0 vous que Montpellier continue de se moderniser et d\u2019am\u00e9liorer la mobilit\u00e9 de ses habitants\u00a0\u00bb, a soulign\u00e9 Micha\u00ebl Delafosse, saluant le travail collectif et l\u2019engagement de toutes ces \u00e9quipes.<\/p>\n<p>La mise en service de la Ligne 5, qui reliera diff\u00e9rents quartiers strat\u00e9giques de la ville, marque une nouvelle \u00e9tape dans le d\u00e9veloppement du r\u00e9seau de tramway montpelli\u00e9rain et s\u2019inscrit dans une dynamique de mobilit\u00e9 durable et partag\u00e9e.<\/p>\n","protected":false},"excerpt":{"rendered":"Ce jeudi 18\u00a0d\u00e9cembre, \u00e0 quelques jours de l\u2019inauguration de la Ligne 5 de tramway pr\u00e9vue samedi 20\u00a0d\u00e9cembre, Montpellier&hellip;\n","protected":false},"author":2,"featured_media":607822,"comment_status":"","ping_status":"","sticky":false,"template":"","format":"standard","meta":{"footnotes":""},"categories":[9599],"tags":[1111,11,68902,1777,674,1011,27,7089,71111,2208,12,2680,25,4109,71110,4063],"class_list":{"0":"post-607821","1":"post","2":"type-post","3":"status-publish","4":"format-standard","5":"has-post-thumbnail","7":"category-montpellier","8":"tag-actu","9":"tag-actualites","10":"tag-circulation-du00e9placements","11":"tag-eu","12":"tag-europe","13":"tag-fr","14":"tag-france","15":"tag-herault","16":"tag-ligne-5-du-tramway","17":"tag-montpellier","18":"tag-news","19":"tag-occitanie","20":"tag-republique-francaise","21":"tag-tramway","22":"tag-voiture-u00e0-montpellier-ou00f9-en-sont-les-travaux","23":"tag-vu00e9lo"},"share_on_mastodon":{"url":"https:\/\/pubeurope.com\/@fr\/115741639527918688","error":""},"_links":{"self":[{"href":"https:\/\/www.europesays.com\/fr\/wp-json\/wp\/v2\/posts\/607821","targetHints":{"allow":["GET"]}}],"collection":[{"href":"https:\/\/www.europesays.com\/fr\/wp-json\/wp\/v2\/posts"}],"about":[{"href":"https:\/\/www.europesays.com\/fr\/wp-json\/wp\/v2\/types\/post"}],"author":[{"embeddable":true,"href":"https:\/\/www.europesays.com\/fr\/wp-json\/wp\/v2\/users\/2"}],"replies":[{"embeddable":true,"href":"https:\/\/www.europesays.com\/fr\/wp-json\/wp\/v2\/comments?post=607821"}],"version-history":[{"count":0,"href":"https:\/\/www.europesays.com\/fr\/wp-json\/wp\/v2\/posts\/607821\/revisions"}],"wp:featuredmedia":[{"embeddable":true,"href":"https:\/\/www.europesays.com\/fr\/wp-json\/wp\/v2\/media\/607822"}],"wp:attachment":[{"href":"https:\/\/www.europesays.com\/fr\/wp-json\/wp\/v2\/media?parent=607821"}],"wp:term":[{"taxonomy":"category","embeddable":true,"href":"https:\/\/www.europesays.com\/fr\/wp-json\/wp\/v2\/categories?post=607821"},{"taxonomy":"post_tag","embeddable":true,"href":"https:\/\/www.europesays.com\/fr\/wp-json\/wp\/v2\/tags?post=607821"}],"curies":[{"name":"wp","href":"https:\/\/api.w.org\/{rel}","templated":true}]}}