{"id":607831,"date":"2025-12-18T17:06:24","date_gmt":"2025-12-18T17:06:24","guid":{"rendered":"https:\/\/www.europesays.com\/fr\/607831\/"},"modified":"2025-12-18T17:06:24","modified_gmt":"2025-12-18T17:06:24","slug":"quentin-merlin-claque-la-porte","status":"publish","type":"post","link":"https:\/\/www.europesays.com\/fr\/607831\/","title":{"rendered":"Quentin Merlin claque la porte"},"content":{"rendered":"<p><b>Coup de sang \u00e0 Rennes, o\u00f9 Quentin Merlin n&rsquo;appr\u00e9cie pas d&rsquo;avoir perdu son statut de titulaire et regarde ailleurs en vue du <a href=\"https:\/\/www.foot01.com\/mercato\" title=\"Mercato\" target=\"_blank\" rel=\"noopener\">mercato<\/a> hivernal. <\/b>Le <a href=\"https:\/\/www.foot01.com\/rennes\" target=\"_self\" rel=\"noopener\">Stade Rennais<\/a> va beaucoup mieux sur ces deux derniers mois, mais certains joueurs ont fait les frais de ces changements. S\u2019il a beaucoup \u00e9t\u00e9 question des cadres rel\u00e9gu\u00e9s au second rang comme Ludovic Blas et Seko Fofana, un autre joueur a beaucoup perdu. Son attitude n\u2019est pas remise en cause, mais Quentin Merlin a \u00e9t\u00e9 victime du nouveau positionnement tr\u00e8s efficace de Mousa Al-Tamari.Al-Tamari fait une victime \u00e0 Rennes<\/p>\n<p>Gr\u00e2ce \u00e0 son coffre \u00e9norme, le Jordanien est pr\u00e9sent dans tout le couloir, que ce soit pour d\u00e9fendre m\u00eame si c\u2019est parfois maladroit, que pour attaquer et provoquer des contres ravageurs. Ou \u00eatre \u00e0 l\u2019aff\u00fbt des erreurs adverses comme ce fut le cas contre Brest avec la double boulette de Kenny Lala.<\/p>\n<p>Dans ce nouveau dispositif, Quentin Merlin a quasiment disparu. L\u2019ancien marseillais, titulaire indiscutable en premi\u00e8re partie de saison, est rel\u00e9gu\u00e9 comme rempla\u00e7ant, ou d\u00e9panne \u00e0 droite. Sa derni\u00e8re titularisation remonte au match gagn\u00e9 au Paris FC, le 7 novembre dernier.<\/p>\n<p>Et selon Foot Mercato, cette situation lui p\u00e8serait au point d\u2019envisager un d\u00e9part cet hiver. L\u2019ancien nantais ne dig\u00e8re pas cette nouvelle situation et regarde d\u00e9sormais ailleurs. Ce serait un d\u00e9part surprise pour l\u2019ancien international espoirs, achet\u00e9 13 ME par Rennes l\u2019\u00e9t\u00e9 dernier. Merlin pourrait bien atterrir en Angleterre, o\u00f9 il est assez appr\u00e9ci\u00e9.<\/p>\n<p>Cela m\u00eame si son entourage, comme le pr\u00e9cise le m\u00e9dia sp\u00e9cialis\u00e9, l\u2019incite \u00e0 prendre son temps avant de prendre une d\u00e9cision pr\u00e9cipit\u00e9e, et de voir comment \u00e9volue la saison du Stade Rennais. Le mois de janvier pourrait en tout cas provoquer ce d\u00e9part inattendu d\u2019un joueur qui avait su faire oublier son pass\u00e9 nantais avec son abattage et ses passes d\u00e9cisives en d\u00e9but de saison.<\/p>\n<p><img decoding=\"async\" class=\"w-6 h-6\" src=\"https:\/\/www.europesays.com\/fr\/wp-content\/uploads\/2025\/12\/307.png\" alt=\"\"\/>Coupe de France21 d\u00e9cembre 2025 \u00e0 17:30<\/p>\n","protected":false},"excerpt":{"rendered":"Coup de sang \u00e0 Rennes, o\u00f9 Quentin Merlin n&rsquo;appr\u00e9cie pas d&rsquo;avoir perdu son statut de titulaire et regarde&hellip;\n","protected":false},"author":2,"featured_media":607832,"comment_status":"","ping_status":"","sticky":false,"template":"","format":"standard","meta":{"footnotes":""},"categories":[2821],"tags":[1111,11,8936,829,1777,674,1011,27,1434,12,584,25],"class_list":{"0":"post-607831","1":"post","2":"type-post","3":"status-publish","4":"format-standard","5":"has-post-thumbnail","7":"category-rennes","8":"tag-actu","9":"tag-actualites","10":"tag-breaking-news","11":"tag-bretagne","12":"tag-eu","13":"tag-europe","14":"tag-fr","15":"tag-france","16":"tag-mercato","17":"tag-news","18":"tag-rennes","19":"tag-republique-francaise"},"share_on_mastodon":{"url":"https:\/\/pubeurope.com\/@fr\/115741668281484170","error":""},"_links":{"self":[{"href":"https:\/\/www.europesays.com\/fr\/wp-json\/wp\/v2\/posts\/607831","targetHints":{"allow":["GET"]}}],"collection":[{"href":"https:\/\/www.europesays.com\/fr\/wp-json\/wp\/v2\/posts"}],"about":[{"href":"https:\/\/www.europesays.com\/fr\/wp-json\/wp\/v2\/types\/post"}],"author":[{"embeddable":true,"href":"https:\/\/www.europesays.com\/fr\/wp-json\/wp\/v2\/users\/2"}],"replies":[{"embeddable":true,"href":"https:\/\/www.europesays.com\/fr\/wp-json\/wp\/v2\/comments?post=607831"}],"version-history":[{"count":0,"href":"https:\/\/www.europesays.com\/fr\/wp-json\/wp\/v2\/posts\/607831\/revisions"}],"wp:featuredmedia":[{"embeddable":true,"href":"https:\/\/www.europesays.com\/fr\/wp-json\/wp\/v2\/media\/607832"}],"wp:attachment":[{"href":"https:\/\/www.europesays.com\/fr\/wp-json\/wp\/v2\/media?parent=607831"}],"wp:term":[{"taxonomy":"category","embeddable":true,"href":"https:\/\/www.europesays.com\/fr\/wp-json\/wp\/v2\/categories?post=607831"},{"taxonomy":"post_tag","embeddable":true,"href":"https:\/\/www.europesays.com\/fr\/wp-json\/wp\/v2\/tags?post=607831"}],"curies":[{"name":"wp","href":"https:\/\/api.w.org\/{rel}","templated":true}]}}