{"id":607835,"date":"2025-12-18T17:08:18","date_gmt":"2025-12-18T17:08:18","guid":{"rendered":"https:\/\/www.europesays.com\/fr\/607835\/"},"modified":"2025-12-18T17:08:18","modified_gmt":"2025-12-18T17:08:18","slug":"strasbourg-echange-entre-les-lycees-ort-et-samuel-raapoto-de-tahiti","status":"publish","type":"post","link":"https:\/\/www.europesays.com\/fr\/607835\/","title":{"rendered":"Strasbourg. \u00c9change entre les lyc\u00e9es ORT et Samuel-Raapoto de Tahiti"},"content":{"rendered":"<p>L\u2019\u00e9change, planifi\u00e9 et coordonn\u00e9 depuis plus de neuf mois par Henri Bresson a mis en relation dans un premier temps la direction des deux lyc\u00e9es, Belinda Walker (directrice du LSR de Tahiti) et Laurent Sellam (directeur du lyc\u00e9e ORT Strasbourg) ainsi que les enseignants du DN Made de l\u2019ORT, le Dipl\u00f4me national des m\u00e9tiers d\u2019art et du design qui propose deux parcours, le parcours Mode et \u00e9ditorial et un parcours Mode et textile, avec les enseignants du lyc\u00e9e Samuel-Raapoto qui propose \u00e9galement dans son DN Made Mat\u00e9riaux un parcours Fibres et textiles, h\u00e9ritages polyn\u00e9siens autour d\u2019un processus innovant et \u00e9coresponsable.<\/p>\n<p>Ce DN Made de Tahiti a \u00e9t\u00e9 mis en place en \u00e9troite collaboration avec le Centre des m\u00e9tiers d\u2019art de Tahiti\u00a0; les \u00e9tablissements de Strasbourg et de Tahiti sont tous deux sous tutelle universitaire, l\u2018un avec l\u2019Universit\u00e9 de&#8230;<\/p>\n","protected":false},"excerpt":{"rendered":"L\u2019\u00e9change, planifi\u00e9 et coordonn\u00e9 depuis plus de neuf mois par Henri Bresson a mis en relation dans un&hellip;\n","protected":false},"author":2,"featured_media":607836,"comment_status":"","ping_status":"","sticky":false,"template":"","format":"standard","meta":{"footnotes":""},"categories":[2820],"tags":[1111,11,3599,2880,1057,1777,674,1011,27,775,12,25,640,2879],"class_list":{"0":"post-607835","1":"post","2":"type-post","3":"status-publish","4":"format-standard","5":"has-post-thumbnail","7":"category-strasbourg","8":"tag-actu","9":"tag-actualites","10":"tag-college-lycee","11":"tag-edition-strasbourg","12":"tag-education","13":"tag-eu","14":"tag-europe","15":"tag-fr","16":"tag-france","17":"tag-grand-est","18":"tag-news","19":"tag-republique-francaise","20":"tag-strasbourg","21":"tag-strasbourg-ville"},"share_on_mastodon":{"url":"https:\/\/pubeurope.com\/@fr\/115741674926712527","error":""},"_links":{"self":[{"href":"https:\/\/www.europesays.com\/fr\/wp-json\/wp\/v2\/posts\/607835","targetHints":{"allow":["GET"]}}],"collection":[{"href":"https:\/\/www.europesays.com\/fr\/wp-json\/wp\/v2\/posts"}],"about":[{"href":"https:\/\/www.europesays.com\/fr\/wp-json\/wp\/v2\/types\/post"}],"author":[{"embeddable":true,"href":"https:\/\/www.europesays.com\/fr\/wp-json\/wp\/v2\/users\/2"}],"replies":[{"embeddable":true,"href":"https:\/\/www.europesays.com\/fr\/wp-json\/wp\/v2\/comments?post=607835"}],"version-history":[{"count":0,"href":"https:\/\/www.europesays.com\/fr\/wp-json\/wp\/v2\/posts\/607835\/revisions"}],"wp:featuredmedia":[{"embeddable":true,"href":"https:\/\/www.europesays.com\/fr\/wp-json\/wp\/v2\/media\/607836"}],"wp:attachment":[{"href":"https:\/\/www.europesays.com\/fr\/wp-json\/wp\/v2\/media?parent=607835"}],"wp:term":[{"taxonomy":"category","embeddable":true,"href":"https:\/\/www.europesays.com\/fr\/wp-json\/wp\/v2\/categories?post=607835"},{"taxonomy":"post_tag","embeddable":true,"href":"https:\/\/www.europesays.com\/fr\/wp-json\/wp\/v2\/tags?post=607835"}],"curies":[{"name":"wp","href":"https:\/\/api.w.org\/{rel}","templated":true}]}}