{"id":60785,"date":"2025-04-29T03:03:12","date_gmt":"2025-04-29T03:03:12","guid":{"rendered":"https:\/\/www.europesays.com\/fr\/60785\/"},"modified":"2025-04-29T03:03:12","modified_gmt":"2025-04-29T03:03:12","slug":"letat-civil-sinstalle-a-lhopital-saint-joseph-pour-faciliter-les-demarches-des-parents","status":"publish","type":"post","link":"https:\/\/www.europesays.com\/fr\/60785\/","title":{"rendered":"l&rsquo;\u00e9tat civil s&rsquo;installe \u00e0 l&rsquo;h\u00f4pital Saint-Joseph pour faciliter les d\u00e9marches des parents"},"content":{"rendered":"<p class=\"rev-margin-0 rev-text-xs-normal\">Au c\u0153ur de l&rsquo;h\u00f4pital Saint-Joseph, la maternit\u00e9 Sainte-Monique, premi\u00e8re \u00e0 Marseille avec 4 800 naissances par an, devant la Conception et h\u00f4pital Nord (AP-HM) va exp\u00e9rimenter pendant un an la d\u00e9claration des nouveau-n\u00e9s \u00e0 l&rsquo;\u00c9tat Civil.<\/p>\n<p class=\"rev-margin-0 rev-text-xs-bold\">La Provence \/ Fr\u00e9d\u00e9ric Speich<\/p>\n<p>D\u00e9clarer son nouveau-n\u00e9 \u00e0 la maternit\u00e9, c\u2019est la proposition de la mairie des 6e et 8e arrondissements de <a href=\"https:\/\/www.laprovence.com\/ville\/marseille\" target=\"_blank\" rel=\"noopener\">Marseille<\/a>, adopt\u00e9e lors du <a href=\"https:\/\/www.laprovence.com\/article\/region\/3988431727594714\/au-conseil-municipal-de-marseille-la-securite-comme-theme-de-pre-campagne\" target=\"_blank\" rel=\"noopener\">dernier conseil municipal<\/a>. Au c\u0153ur de l\u2019h\u00f4pital Saint-Joseph, la maternit\u00e9 Sainte-Monique, la premi\u00e8re de Marseille avec 4\u00a0800 naissances par an, devant <a href=\"https:\/\/www.laprovence.com\/article\/edition-marseille\/4846513\/une-nouvelle-maternite-vite.html\" target=\"_blank\" rel=\"noopener\">la Conception (5e)<\/a> et l\u2019h\u00f4pital Nord (AP-HM), va exp\u00e9rimenter pendant un an une permanence d\u2019\u00e9tat civil.<\/p>\n<p>Chaque ann\u00e9e, la ville de <a href=\"https:\/\/www.laprovence.com\/article\/societe\/29348312177337\/46-586-bebes-sont-nes-en-provence-en-2023-le-chiffre-le-plus-bas-depuis-la-fin-de-la-seconde-guerre-mondiale\" target=\"_blank\" rel=\"noopener\">Marseille enregistre 13\u00a0500\u00a0naissances<\/a>. Le nouveau-n\u00e9 doit \u00eatre d\u00e9clar\u00e9 dans les cinq jours suivant la naissance aupr\u00e8s de l\u2019officier d\u2019\u00e9tat civil, soit par l\u2019un de ses parents, soit par l\u2019un des docteurs, chirurgiens, sages-femmes ou autres professionnels de sant\u00e9 ayant assist\u00e9 \u00e0 l\u2019accouchement.<\/p>\n<p>\u00ab\u00a0Une d\u00e9marche de proximit\u00e9 et d\u2019\u00e9galit\u00e9\u00a0\u00bb<\/p>\n<p>Une formalit\u00e9 qui peut s\u2019av\u00e9rer complexe pour certains parents en raison de la <a href=\"https:\/\/www.laprovence.com\/article\/societe\/4920417221695115\/une-mere-sur-cinq-souffre-de-depression-du-post-partum-en-paca-la-deuxieme-region-la-plus-touchee-en-france\" target=\"_blank\" rel=\"noopener\">fatigue post-partum<\/a>, du manque d\u2019information ou de l\u2019\u00e9loignement g\u00e9ographique. Cette nouvelle permanence aura pour but d\u2019informer les jeunes parents, de faciliter leurs d\u00e9marches administratives mais aussi de les r\u00e9orienter vers le tribunal judiciaire pour r\u00e9aliser certaines modifications.<\/p>\n<p>\u00ab\u00a0Deux officiers d\u2019\u00e9tat civil de la mairie des 6e\u00a0et\u00a08e arrondissements seront d\u00e9tach\u00e9s du lundi au samedi au sein de la maternit\u00e9\u00a0\u00bb, d\u00e9taillait ainsi Jean-Marc Pantalacci-Bonnaffous, premier adjoint \u00e0 la maire des 6e-8e et d\u00e9l\u00e9gu\u00e9 \u00e0 l\u2019\u00e9tat civil, lors du conseil d\u2019arrondissements des 6e-8e.<\/p>\n<p>Mise en place d\u00e8s le mois de juin, la permanence d\u2019\u00e9tat civil est \u00ab\u00a0un exemple concret de ce que nous d\u00e9fendons, un service public qui sort des murs et s\u2019adapte \u00e0 la vraie vie. Une d\u00e9marche de proximit\u00e9 et d\u2019\u00e9galit\u00e9\u00a0\u00bb, a ajout\u00e9 Sophie Roques, adjointe \u00e0 la mairie de Marseille et d\u00e9l\u00e9gu\u00e9e \u00e0 l\u2019\u00e9tat civil. Si les r\u00e9sultats se r\u00e9v\u00e8lent positifs, le dispositif sera p\u00e9rennis\u00e9 et \u00e9tendu \u00e0 l\u2019ensemble des maternit\u00e9s de la commune.<\/p>\n","protected":false},"excerpt":{"rendered":"Au c\u0153ur de l&rsquo;h\u00f4pital Saint-Joseph, la maternit\u00e9 Sainte-Monique, premi\u00e8re \u00e0 Marseille avec 4 800 naissances par an, devant&hellip;\n","protected":false},"author":2,"featured_media":60786,"comment_status":"","ping_status":"","sticky":false,"template":"","format":"standard","meta":{"footnotes":""},"categories":[2814],"tags":[17,1111,11,15803,1777,674,1011,27,8880,7419,884,12,471,882,16,25,15804,15805],"class_list":{"0":"post-60785","1":"post","2":"type-post","3":"status-publish","4":"format-standard","5":"has-post-thumbnail","7":"category-marseille","8":"tag-17","9":"tag-actu","10":"tag-actualites","11":"tag-civil","12":"tag-eu","13":"tag-europe","14":"tag-fr","15":"tag-france","16":"tag-letat","17":"tag-lhopital","18":"tag-marseille","19":"tag-news","20":"tag-pour","21":"tag-provence-alpes-cote-dazur","22":"tag-region","23":"tag-republique-francaise","24":"tag-sinstalle","25":"tag-saint-joseph"},"share_on_mastodon":{"url":"https:\/\/pubeurope.com\/@fr\/114419033972569265","error":""},"_links":{"self":[{"href":"https:\/\/www.europesays.com\/fr\/wp-json\/wp\/v2\/posts\/60785","targetHints":{"allow":["GET"]}}],"collection":[{"href":"https:\/\/www.europesays.com\/fr\/wp-json\/wp\/v2\/posts"}],"about":[{"href":"https:\/\/www.europesays.com\/fr\/wp-json\/wp\/v2\/types\/post"}],"author":[{"embeddable":true,"href":"https:\/\/www.europesays.com\/fr\/wp-json\/wp\/v2\/users\/2"}],"replies":[{"embeddable":true,"href":"https:\/\/www.europesays.com\/fr\/wp-json\/wp\/v2\/comments?post=60785"}],"version-history":[{"count":0,"href":"https:\/\/www.europesays.com\/fr\/wp-json\/wp\/v2\/posts\/60785\/revisions"}],"wp:featuredmedia":[{"embeddable":true,"href":"https:\/\/www.europesays.com\/fr\/wp-json\/wp\/v2\/media\/60786"}],"wp:attachment":[{"href":"https:\/\/www.europesays.com\/fr\/wp-json\/wp\/v2\/media?parent=60785"}],"wp:term":[{"taxonomy":"category","embeddable":true,"href":"https:\/\/www.europesays.com\/fr\/wp-json\/wp\/v2\/categories?post=60785"},{"taxonomy":"post_tag","embeddable":true,"href":"https:\/\/www.europesays.com\/fr\/wp-json\/wp\/v2\/tags?post=60785"}],"curies":[{"name":"wp","href":"https:\/\/api.w.org\/{rel}","templated":true}]}}