{"id":607851,"date":"2025-12-18T17:17:12","date_gmt":"2025-12-18T17:17:12","guid":{"rendered":"https:\/\/www.europesays.com\/fr\/607851\/"},"modified":"2025-12-18T17:17:12","modified_gmt":"2025-12-18T17:17:12","slug":"nouvelle-entree-creation-dune-boutique-trois-salons-renoves-le-musee-des-augustins-rouvre-ce-vendredi-a-10-heures","status":"publish","type":"post","link":"https:\/\/www.europesays.com\/fr\/607851\/","title":{"rendered":"Nouvelle entr\u00e9e, cr\u00e9ation d\u2019une boutique, trois salons r\u00e9nov\u00e9s\u00a0: le mus\u00e9e des Augustins rouvre ce vendredi \u00e0 10\u00a0heures"},"content":{"rendered":"<p>\n                                                                    l&rsquo;essentiel<br \/>\n                                                                Le Mus\u00e9e des Augustins \u00e0 Toulouse rouvre ses portes le 19\u00a0d\u00e9cembre, apr\u00e8s une transformation majeure. Une nouvelle exp\u00e9rience culturelle attend les visiteurs.\n                            <\/p>\n<p>Au 21 rue de Metz, \u00e0 Toulouse, le Mus\u00e9e des Augustins s\u2019appr\u00eate \u00e0 d\u00e9voiler un nouveau visage en rouvrant ses portes au public ce 19\u00a0d\u00e9cembre, apr\u00e8s plusieurs ann\u00e9es de transformation. Cette r\u00e9ouverture marque une \u00e9tape majeure pour l\u2019institution, qui conjugue d\u00e9sormais patrimoine historique et cr\u00e9ation contemporaine.<\/p>\n<p>D\u00e8s l\u2019entr\u00e9e, le visiteur d\u00e9couvre une nouvelle fa\u00e7ade et un vaste espace d\u2019accueil de 222 m\u00b2, recr\u00e9ant l\u2019ancienne aile sud du couvent et offrant un acc\u00e8s direct au grand clo\u00eetre. Le parcours se prolonge avec la salle romane, longtemps ferm\u00e9e, sublim\u00e9e par une installation lumineuse et color\u00e9e de Jorge Pardo. Les chapiteaux romans y retrouvent une pr\u00e9sence vibrante, transformant cet espace embl\u00e9matique en un lieu d\u2019\u00e9motion et de contemplation.<\/p>\n<p>Autre temps fort\u00a0: l\u2019escalier Viollet-le-Duc, fra\u00eechement restaur\u00e9, accueille Escalier Spectral, une installation lumineuse et sonore de Pablo Valbuena, qui fait dialoguer architecture, lumi\u00e8re et m\u00e9moire du lieu.<\/p>\n<p>Au premier \u00e9tage, les salons de peinture sont repens\u00e9s. Accrochages temporaires, nouvelles perspectives et dialogues entre peintures et sculptures renouvellent l\u2019exp\u00e9rience de visite, tandis que des \u0153uvres majeures, de Valentin de Boulogne \u00e0 Henri Martin, ponctuent le parcours.<\/p>\n<p>Enfin, une boutique-librairie-caf\u00e9 prend place dans le pavillon d\u2019honneur, offrant une transition apais\u00e9e vers la ville. Ce nouvel \u00e9crin, ouvert sur la rue de Metz, accueille aussi une \u0153uvre monumentale\u00a0: Le G\u00e9nie de Toulouse de Carlo Sarrabezolles, symbole fort de l\u2019attachement du mus\u00e9e \u00e0 son territoire.<\/p>\n<p>Mus\u00e9e des Augustins, 21 rue de Metz, \u00e0 Toulouse. Pendant les vacances de No\u00ebl, ouvert de 10\u00a0h \u00e0 18\u00a0h, ferm\u00e9 les mercredis et jeudis. Tarifs\u00a0: 5\u00a0\u20ac, 3\u00a0\u20ac, 15\u00a0\u20ac pour le billet tribu. Gratuit pour les moins de 6 ans et le premier dimanche de chaque mois.<\/p>\n","protected":false},"excerpt":{"rendered":"l&rsquo;essentiel Le Mus\u00e9e des Augustins \u00e0 Toulouse rouvre ses portes le 19\u00a0d\u00e9cembre, apr\u00e8s une transformation majeure. Une nouvelle&hellip;\n","protected":false},"author":2,"featured_media":607852,"comment_status":"","ping_status":"","sticky":false,"template":"","format":"standard","meta":{"footnotes":""},"categories":[2816],"tags":[1111,11,872,1777,674,1011,27,2722,71906,11625,12,2680,2551,25,2312],"class_list":{"0":"post-607851","1":"post","2":"type-post","3":"status-publish","4":"format-standard","5":"has-post-thumbnail","7":"category-toulouse","8":"tag-actu","9":"tag-actualites","10":"tag-culture-et-loisirs","11":"tag-eu","12":"tag-europe","13":"tag-fr","14":"tag-france","15":"tag-haute-garonne","16":"tag-musu00e9e-des-augustins","17":"tag-musu00e9es","18":"tag-news","19":"tag-occitanie","20":"tag-patrimoine","21":"tag-republique-francaise","22":"tag-toulouse"},"share_on_mastodon":{"url":"https:\/\/pubeurope.com\/@fr\/115741710497141128","error":""},"_links":{"self":[{"href":"https:\/\/www.europesays.com\/fr\/wp-json\/wp\/v2\/posts\/607851","targetHints":{"allow":["GET"]}}],"collection":[{"href":"https:\/\/www.europesays.com\/fr\/wp-json\/wp\/v2\/posts"}],"about":[{"href":"https:\/\/www.europesays.com\/fr\/wp-json\/wp\/v2\/types\/post"}],"author":[{"embeddable":true,"href":"https:\/\/www.europesays.com\/fr\/wp-json\/wp\/v2\/users\/2"}],"replies":[{"embeddable":true,"href":"https:\/\/www.europesays.com\/fr\/wp-json\/wp\/v2\/comments?post=607851"}],"version-history":[{"count":0,"href":"https:\/\/www.europesays.com\/fr\/wp-json\/wp\/v2\/posts\/607851\/revisions"}],"wp:featuredmedia":[{"embeddable":true,"href":"https:\/\/www.europesays.com\/fr\/wp-json\/wp\/v2\/media\/607852"}],"wp:attachment":[{"href":"https:\/\/www.europesays.com\/fr\/wp-json\/wp\/v2\/media?parent=607851"}],"wp:term":[{"taxonomy":"category","embeddable":true,"href":"https:\/\/www.europesays.com\/fr\/wp-json\/wp\/v2\/categories?post=607851"},{"taxonomy":"post_tag","embeddable":true,"href":"https:\/\/www.europesays.com\/fr\/wp-json\/wp\/v2\/tags?post=607851"}],"curies":[{"name":"wp","href":"https:\/\/api.w.org\/{rel}","templated":true}]}}