{"id":607853,"date":"2025-12-18T17:18:16","date_gmt":"2025-12-18T17:18:16","guid":{"rendered":"https:\/\/www.europesays.com\/fr\/607853\/"},"modified":"2025-12-18T17:18:16","modified_gmt":"2025-12-18T17:18:16","slug":"lille-cette-enseigne-de-boulangerie-tres-appreciee-vient-dofficialiser-son-arrivee-sur-la-grandplace","status":"publish","type":"post","link":"https:\/\/www.europesays.com\/fr\/607853\/","title":{"rendered":"Lille. Cette enseigne de boulangerie tr\u00e8s appr\u00e9ci\u00e9e vient d&rsquo;officialiser son arriv\u00e9e sur la Grand&rsquo;Place"},"content":{"rendered":"<p>                    Par<br \/>\n        <strong><br \/>\n            <a href=\"https:\/\/actu.fr\/auteur\/hervine-mahaud\" title=\"Consulter tous les articles de Hervine Mahaud\" target=\"_blank\" rel=\"noopener\">Hervine Mahaud<\/a><br \/>\n                    <\/strong><\/p>\n<p>        Publi\u00e9 le<\/p>\n<p>            18 d\u00e9c. 2025 \u00e0 17h46        <\/p>\n<p>Depuis d\u00e9but d\u00e9cembre, le chantier intrigue autant les passants, que les curieux que nous sommes. Mais \u00e7a y est, on sait enfin ce qui se trame \u00e0 l\u2019angle de la <b>rue Nationale<\/b> et de la <b>Grand\u2019Place<\/b> de <a href=\"https:\/\/actu.fr\/hauts-de-france\/lille_59350\" target=\"_blank\" rel=\"noopener\">Lille<\/a>. D\u00e9but 2026, une <b>boulangerie<\/b> bien connu de la <b>m\u00e9tropole lilloise<\/b>\u00a0va ouvrir sa <b>nouvelle boutique<\/b>.<\/p>\n<p>Cette enseigne de boulangerie tr\u00e8s appr\u00e9ci\u00e9e de la m\u00e9tropole de Lille d\u00e9barque sur la Grand\u2019Place<\/p>\n<p class=\" wall-content\">Vous le saviez sans doute d\u00e9j\u00e0, si vous avez pris le temps de lire l\u2019affichage annon\u00e7ant une p\u00e9riode de travaux. Une enseigne de boulangerie appr\u00e9ci\u00e9e dans la m\u00e9tropole lilloise va s\u2019installer au <b>1, rue Nationale<\/b>. Il s\u2019agit d\u2019<b>Auguste et Ferdinand<\/b>. Son arriv\u00e9e vient tout juste d\u2019\u00eatre officialis\u00e9e avec la pose, cette semaine, de la vitrophanie. Apr\u00e8s une ouverture l\u2019\u00e9t\u00e9 dernier \u00e0 <a href=\"https:\/\/actu.fr\/hauts-de-france\/roubaix_59512\" target=\"_blank\" rel=\"noopener\">Roubaix<\/a>, la boulangerie-p\u00e2tisserie poursuit donc son expansion.\u00a0<\/p>\n<p class=\" wall-content\"><a href=\"https:\/\/www.instagram.com\/p\/DPT5hPiiAan\/embed\" title=\"Ouvrir le lien sur Instagram\" target=\"_blank\" rel=\"noopener\">Visualiser le contenu sur Instagram<\/a><\/p>\n<p class=\" wall-content\">Et cette fois, c\u2019est un emplacement de premier choix qui a \u00e9t\u00e9 s\u00e9lectionn\u00e9 pour la 5\u00e8me boutique : <b>sur la Grand\u2019Place de Lille<\/b>. Auparavant, le local \u00e9tait occup\u00e9 par <a href=\"https:\/\/actu.fr\/hauts-de-france\/lille_59350\/c-est-quoi-station-v-le-lieu-qui-a-ouvert-sur-la-grand-place-de-lille_44743169.html\" target=\"_blank\" rel=\"noopener\">Station V by Vilogia<\/a>, ferm\u00e9 depuis janvier 2025.<\/p>\n<p class=\" wall-content\">Pour accueillir la boulangerie, il \u00e9tait donc imp\u00e9ratif de m\u00e9tamorphoser le lieu en <b>espace de vente<\/b> avec une partie <b>salon de th\u00e9<\/b>. C\u2019est ce que font actuellement les ouvriers pr\u00e9sents sur le chantier. Ce jeudi, ils pr\u00e9paraient le sol qui recevra un carrelage de la maison Winckelmans. \u00ab\u00a0Une fois que le sol sera pos\u00e9, \u00e7a ira tr\u00e8s vite\u00a0\u00bb, nous confie-t-on sur place. L\u2019ouverture du nouveau point de vente serait en effet pr\u00e9vue d\u00e9but 2026.<\/p>\n<p class=\" wall-content\">En attendant l\u2019ouverture, il faudra se rendre \u00e0 Lambersart, Avelin ou Roubaix, dans l\u2019une des autres boulangeries d\u2019Auguste et Ferdinand pour tester leurs sp\u00e9cialit\u00e9s. Parmi elles, <a href=\"https:\/\/actu.fr\/hauts-de-france\/lambersart_59328\/meilleur-burger-de-la-metropole-de-lille-voici-le-grand-gagnant-de-l-edition-2022_55184223.html\" target=\"_blank\" rel=\"noopener\">un burger qui a m\u00eame \u00e9t\u00e9 \u00e9lu \u00ab\u00a0meilleur burger de la m\u00e9tropole de Lille\u00a0\u00bb en 2022<\/a>.<\/p>\n<p class=\" wall-content\">L\u2019enseigne avait \u00e9galement \u00e9t\u00e9 mise en lumi\u00e8re en 2021 lors de <a href=\"https:\/\/actu.fr\/hauts-de-france\/lambersart_59328\/a-lambersart-auguste-et-ferdinand-dans-la-meilleure-boulangerie-de-france_38717454.html\" target=\"_blank\" rel=\"noopener\">son passage dans l\u2019\u00e9mission La Meilleure boulangerie de France<\/a> sur M6.<\/p>\n<p class=\" wall-content\">Personnalisez votre actualit\u00e9 en ajoutant vos villes et m\u00e9dias en favori avec <a href=\"https:\/\/moncompte.actu.fr\" title=\"D\u00e9couvez Mon Actu\" rel=\"nofollow noopener\" data-trk=\"{&quot;cta&quot;:{&quot;action&quot;:&quot;https:\\\/\\\/moncompte.actu.fr&quot;,&quot;category&quot;:&quot;mon compte&quot;,&quot;from&quot;:&quot;article footer&quot;,&quot;name&quot;:&quot;Mon actu&quot;,&quot;type&quot;:&quot;cta&quot;}}\" target=\"_blank\">Mon Actu<\/a>.<\/p>\n<p>                    <script async src=\"\/\/www.instagram.com\/embed.js\"><\/script><\/p>\n","protected":false},"excerpt":{"rendered":"Par Hervine Mahaud Publi\u00e9 le 18 d\u00e9c. 2025 \u00e0 17h46 Depuis d\u00e9but d\u00e9cembre, le chantier intrigue autant les&hellip;\n","protected":false},"author":2,"featured_media":607854,"comment_status":"","ping_status":"","sticky":false,"template":"","format":"standard","meta":{"footnotes":""},"categories":[2815],"tags":[1111,11,1477,33,1777,674,1011,27,811,1307,12,3147,25],"class_list":{"0":"post-607853","1":"post","2":"type-post","3":"status-publish","4":"format-standard","5":"has-post-thumbnail","7":"category-lille","8":"tag-actu","9":"tag-actualites","10":"tag-artisanat","11":"tag-economie","12":"tag-eu","13":"tag-europe","14":"tag-fr","15":"tag-france","16":"tag-hauts-de-france","17":"tag-lille","18":"tag-news","19":"tag-nouveaux-commerces","20":"tag-republique-francaise"},"share_on_mastodon":{"url":"https:\/\/pubeurope.com\/@fr\/115741714536828817","error":""},"_links":{"self":[{"href":"https:\/\/www.europesays.com\/fr\/wp-json\/wp\/v2\/posts\/607853","targetHints":{"allow":["GET"]}}],"collection":[{"href":"https:\/\/www.europesays.com\/fr\/wp-json\/wp\/v2\/posts"}],"about":[{"href":"https:\/\/www.europesays.com\/fr\/wp-json\/wp\/v2\/types\/post"}],"author":[{"embeddable":true,"href":"https:\/\/www.europesays.com\/fr\/wp-json\/wp\/v2\/users\/2"}],"replies":[{"embeddable":true,"href":"https:\/\/www.europesays.com\/fr\/wp-json\/wp\/v2\/comments?post=607853"}],"version-history":[{"count":0,"href":"https:\/\/www.europesays.com\/fr\/wp-json\/wp\/v2\/posts\/607853\/revisions"}],"wp:featuredmedia":[{"embeddable":true,"href":"https:\/\/www.europesays.com\/fr\/wp-json\/wp\/v2\/media\/607854"}],"wp:attachment":[{"href":"https:\/\/www.europesays.com\/fr\/wp-json\/wp\/v2\/media?parent=607853"}],"wp:term":[{"taxonomy":"category","embeddable":true,"href":"https:\/\/www.europesays.com\/fr\/wp-json\/wp\/v2\/categories?post=607853"},{"taxonomy":"post_tag","embeddable":true,"href":"https:\/\/www.europesays.com\/fr\/wp-json\/wp\/v2\/tags?post=607853"}],"curies":[{"name":"wp","href":"https:\/\/api.w.org\/{rel}","templated":true}]}}