{"id":607857,"date":"2025-12-18T17:21:17","date_gmt":"2025-12-18T17:21:17","guid":{"rendered":"https:\/\/www.europesays.com\/fr\/607857\/"},"modified":"2025-12-18T17:21:17","modified_gmt":"2025-12-18T17:21:17","slug":"un-repas-de-noel-solidaire-a-marseille-pour-les-personnes-a-la-rue","status":"publish","type":"post","link":"https:\/\/www.europesays.com\/fr\/607857\/","title":{"rendered":"Un repas de No\u00ebl solidaire \u00e0 Marseille pour les personnes \u00e0 la rue"},"content":{"rendered":"<p class=\"rev-margin-0 rev-text-xs-normal\">En bout de table, Th\u00e9a commence \u00e0 \u00eatre servie. \u00ab\u00a0Je suis arriv\u00e9e de G\u00e9orgie il y a seulement deux semaines pour soigner un cancer. Je ne pensais pas faire de repas de No\u00ebl cette ann\u00e9e, alors c\u2019est une belle surprise\u00a0\u00bb, confie-t-elle en souriant.<\/p>\n<p class=\"rev-margin-0 rev-text-xs-bold\">\/ Photo Noa THEVENIN<\/p>\n<p>Il y a ceux qui viennent chaque ann\u00e9e et ceux qui s\u2019attablent pour la premi\u00e8re fois. Sur le square Stalingrad (1er), <a href=\"https:\/\/www.laprovence.com\/article\/societe\/3147386011211314\/dans-la-plus-vieille-communaute-emmaues-de-marseille-les-benevoles-sestiment-trahis-et-oublies\" target=\"_blank\" rel=\"noopener\">les communaut\u00e9s d\u2019Emma\u00fcs Pointe Rouge<\/a> et Saint-Marcel ont organis\u00e9 ce jeudi 18\u00a0d\u00e9cembre leur quinzi\u00e8me\u00a0No\u00ebl <a href=\"https:\/\/www.laprovence.com\/article\/societe\/9049096842055914\/5e-edition-de-la-nuit-de-la-solidarite-a-marseille-certaines-situations-frolent-la-crise-humanitaire\" target=\"_blank\" rel=\"noopener\">solidaire.<\/a>\u00a0200 personnes ont pu y d\u00e9guster riz cr\u00e9ole, poulet basquaise et tiramisu.<\/p>\n<p>\u00ab\u00a0C\u2019est un rituel. Il y a de plus en plus de gens \u00e0 la rue ou qui vivent seuls. Un fl\u00e9au \u00e0 Marseille. Et ce moment leur apporte de la chaleur humaine. Indispensable pendant les f\u00eates\u00a0\u00bb, soutient Nouara Bernou, responsable de la communaut\u00e9 <a href=\"https:\/\/www.laprovence.com\/article\/region\/5685172258002114\/marseille-chez-emmaues-un-traumatisme-et-beaucoup-de-questions-apres-les-accusations-contre-labbe-pierre\" target=\"_blank\" rel=\"noopener\">Emma\u00fcs<\/a> \u00e0 la Pointe Rouge.<\/p>\n<p><img alt=\"Depuis quatre ans, ce d\u00e9jeuner est servi par les \u00e9tudiants du lyc\u00e9e Sully (6e). &quot;Il y a le baccalaur\u00e9at mais il y a aussi la transmission des valeurs humaines, du d\u00e9passement de soi, du plaisir de partager et d\u2019aider. \u00c7a leur montre une autre r\u00e9alit\u00e9,...\" loading=\"lazy\" decoding=\"async\" data-nimg=\"fill\" class=\" TwicCore_img__i9TC1 undefined  undefined\" style=\"position:absolute;height:100%;width:100%;left:0;top:0;right:0;bottom:0;color:transparent;background-size:cover;background-position:50% 50%;background-repeat:no-repeat;background-image:url(&quot;data:image\/svg+xml;charset=utf-8,%3Csvg xmlns='http:\/\/www.w3.org\/2000\/svg' %3E%3Cfilter id='b' color-interpolation-filters='sRGB'%3E%3CfeGaussianBlur stdDeviation='20'\/%3E%3CfeColorMatrix values='1 0 0 0 0 0 1 0 0 0 0 0 1 0 0 0 0 0 100 -1' result='s'\/%3E%3CfeFlood x='0' y='0' width='100%25' height='100%25'\/%3E%3CfeComposite operator='out' in='s'\/%3E%3CfeComposite in2='SourceGraphic'\/%3E%3CfeGaussianBlur stdDeviation='20'\/%3E%3C\/filter%3E%3Cimage width='100%25' height='100%25' x='0' y='0' preserveAspectRatio='none' style='filter: url(%23b);' href='https:\/\/pictures.laprovence.com\/cdn-cgi\/image\/blur=250\/media\/melody\/2025\/12\/18\/04-repas-de-noel-offert-par-emmaus-et-l-ecole-sully-pour-les-sdf-place-reformes-a-marseille-1766078267_4664844814496aa64844814499e648v_.jpg'\/%3E%3C\/svg%3E&quot;)\"   src=\"https:\/\/www.europesays.com\/fr\/wp-content\/uploads\/2025\/12\/04-repas-de-noel-offert-par-emmaus-et-l-ecole-sully-pour-les-sdf-place-reformes-a-marseille-17660782.jpeg\"\/>Depuis quatre ans, ce d\u00e9jeuner est servi par les \u00e9tudiants du lyc\u00e9e Sully (6e). \u00ab\u00a0Il y a le baccalaur\u00e9at mais il y a aussi la transmission des valeurs humaines, du d\u00e9passement de soi, du plaisir de partager et d\u2019aider. \u00c7a leur montre une autre r\u00e9alit\u00e9,&#8230; \/ Photo Noa THEVENIN<\/p>\n<p>Ouvert \u00e0 tous, ce repas est pr\u00e9par\u00e9 par l\u2019association culturelle Casa Consolat.<\/p>\n<p>Un repas de No\u00ebl servi par les lyc\u00e9ens du quartier<\/p>\n<p>En bout de table, Th\u00e9a commence \u00e0 \u00eatre servie. \u00ab\u00a0Je suis arriv\u00e9e de G\u00e9orgie il y a seulement deux semaines pour soigner un cancer. Je ne pensais pas faire de repas de No\u00ebl cette ann\u00e9e, alors c\u2019est une belle surprise\u00a0\u00bb, confie-t-elle en souriant. \u00c0 la table voisine, les convives prennent la pose pour les photos souvenirs.<\/p>\n<p>Depuis quatre ans, ce d\u00e9jeuner est servi par les \u00e9l\u00e8ves du lyc\u00e9e Sully (6e).\u00a0\u00ab\u00a0Il y a le baccalaur\u00e9at mais il y a aussi la transmission des valeurs humaines, du d\u00e9passement de soi, du plaisir de partager et d\u2019aider. C\u2019est important\u00a0\u00bb, rappelle Camille Granat, professeure principale \u00e0 l\u2019initiative du projet. Non loin, Luna fait le service \u00e0 table et prend du temps pour \u00e9changer avec tous les participants. \u00ab\u00a0Peut-\u00eatre que certains seront expuls\u00e9s demain, que d\u2019autres vivent dans la rue, seuls\u2026 \u00c7a fait r\u00e9fl\u00e9chir\u00a0\u00bb, raconte la jeune fille de 17\u00a0ans.<\/p>\n<p><img alt=\"&quot;On n\u2019a pas cours aujourd\u2019hui mais on pr\u00e9f\u00e8re quand m\u00eame \u00eatre l\u00e0&quot;, ajoute Driss, investi dans plusieurs associations d\u2019aide aux sans-abri \u00e0 Marseille.\" loading=\"lazy\" decoding=\"async\" data-nimg=\"fill\" class=\" TwicCore_img__i9TC1 undefined  undefined\" style=\"position:absolute;height:100%;width:100%;left:0;top:0;right:0;bottom:0;color:transparent;background-size:cover;background-position:50% 50%;background-repeat:no-repeat;background-image:url(&quot;data:image\/svg+xml;charset=utf-8,%3Csvg xmlns='http:\/\/www.w3.org\/2000\/svg' %3E%3Cfilter id='b' color-interpolation-filters='sRGB'%3E%3CfeGaussianBlur stdDeviation='20'\/%3E%3CfeColorMatrix values='1 0 0 0 0 0 1 0 0 0 0 0 1 0 0 0 0 0 100 -1' result='s'\/%3E%3CfeFlood x='0' y='0' width='100%25' height='100%25'\/%3E%3CfeComposite operator='out' in='s'\/%3E%3CfeComposite in2='SourceGraphic'\/%3E%3CfeGaussianBlur stdDeviation='20'\/%3E%3C\/filter%3E%3Cimage width='100%25' height='100%25' x='0' y='0' preserveAspectRatio='none' style='filter: url(%23b);' href='https:\/\/pictures.laprovence.com\/cdn-cgi\/image\/blur=250\/media\/melody\/2025\/12\/18\/04-repas-de-noel-offert-par-emmaus-et-l-ecole-sully-pour-les-sdf-place-reformes-a-marseille-1766078268_1b057348144962f057348144903157v_.jpg'\/%3E%3C\/svg%3E&quot;)\"   src=\"https:\/\/www.europesays.com\/fr\/wp-content\/uploads\/2025\/12\/1766078477_556_04-repas-de-noel-offert-par-emmaus-et-l-ecole-sully-pour-les-sdf-place-reformes-a-marseille-17660782.jpeg\"\/>\u00ab\u00a0On n\u2019a pas cours aujourd\u2019hui mais on pr\u00e9f\u00e8re quand m\u00eame \u00eatre l\u00e0\u00a0\u00bb, ajoute Driss, investi dans plusieurs associations d\u2019aide aux sans-abri \u00e0 Marseille. \/ Photo Noa THEVENIN<\/p>\n<p>\u00ab\u00a0On n\u2019a pas cours aujourd\u2019hui mais on pr\u00e9f\u00e8re quand m\u00eame \u00eatre l\u00e0\u00a0\u00bb, ajoute Driss, investi dans plusieurs associations d\u2019aide aux sans-abri. \u00c0 Marseille, plus de 16\u00a0000 personnes se sont retrouv\u00e9es \u00e0 la rue au moins une fois dans l\u2019ann\u00e9e en\u00a02025.<\/p>\n","protected":false},"excerpt":{"rendered":"En bout de table, Th\u00e9a commence \u00e0 \u00eatre servie. \u00ab\u00a0Je suis arriv\u00e9e de G\u00e9orgie il y a seulement&hellip;\n","protected":false},"author":2,"featured_media":607858,"comment_status":"","ping_status":"","sticky":false,"template":"","format":"standard","meta":{"footnotes":""},"categories":[2814],"tags":[17,1111,11,1777,674,1011,27,151,884,12,15830,3744,471,882,17385,25,104,12280],"class_list":{"0":"post-607857","1":"post","2":"type-post","3":"status-publish","4":"format-standard","5":"has-post-thumbnail","7":"category-marseille","8":"tag-17","9":"tag-actu","10":"tag-actualites","11":"tag-eu","12":"tag-europe","13":"tag-fr","14":"tag-france","15":"tag-les","16":"tag-marseille","17":"tag-news","18":"tag-noel","19":"tag-personnes","20":"tag-pour","21":"tag-provence-alpes-cote-dazur","22":"tag-repas","23":"tag-republique-francaise","24":"tag-societe","25":"tag-solidaire"},"share_on_mastodon":{"url":"https:\/\/pubeurope.com\/@fr\/115741727045734947","error":""},"_links":{"self":[{"href":"https:\/\/www.europesays.com\/fr\/wp-json\/wp\/v2\/posts\/607857","targetHints":{"allow":["GET"]}}],"collection":[{"href":"https:\/\/www.europesays.com\/fr\/wp-json\/wp\/v2\/posts"}],"about":[{"href":"https:\/\/www.europesays.com\/fr\/wp-json\/wp\/v2\/types\/post"}],"author":[{"embeddable":true,"href":"https:\/\/www.europesays.com\/fr\/wp-json\/wp\/v2\/users\/2"}],"replies":[{"embeddable":true,"href":"https:\/\/www.europesays.com\/fr\/wp-json\/wp\/v2\/comments?post=607857"}],"version-history":[{"count":0,"href":"https:\/\/www.europesays.com\/fr\/wp-json\/wp\/v2\/posts\/607857\/revisions"}],"wp:featuredmedia":[{"embeddable":true,"href":"https:\/\/www.europesays.com\/fr\/wp-json\/wp\/v2\/media\/607858"}],"wp:attachment":[{"href":"https:\/\/www.europesays.com\/fr\/wp-json\/wp\/v2\/media?parent=607857"}],"wp:term":[{"taxonomy":"category","embeddable":true,"href":"https:\/\/www.europesays.com\/fr\/wp-json\/wp\/v2\/categories?post=607857"},{"taxonomy":"post_tag","embeddable":true,"href":"https:\/\/www.europesays.com\/fr\/wp-json\/wp\/v2\/tags?post=607857"}],"curies":[{"name":"wp","href":"https:\/\/api.w.org\/{rel}","templated":true}]}}