{"id":607859,"date":"2025-12-18T17:22:13","date_gmt":"2025-12-18T17:22:13","guid":{"rendered":"https:\/\/www.europesays.com\/fr\/607859\/"},"modified":"2025-12-18T17:22:13","modified_gmt":"2025-12-18T17:22:13","slug":"la-ville-de-marseille-et-lom-trouvent-un-accord-historique","status":"publish","type":"post","link":"https:\/\/www.europesays.com\/fr\/607859\/","title":{"rendered":"la Ville de Marseille et l&rsquo;OM trouvent un accord historique"},"content":{"rendered":"<p>Le dossier figurait au menu du <a href=\"https:\/\/www.laprovence.com\/article\/politique\/8811079453996614\/amine-kessaci-invite-du-conseil-municipal-de-marseille-partout-les-habitants-doivent-pouvoir-vivre-en-securite\" target=\"_blank\" rel=\"noopener\">conseil municipal de Marseille programm\u00e9 ce jeudi<\/a>, \u00e0 la toute fin de celui-ci, et il a \u00e9t\u00e9 exp\u00e9di\u00e9. Et pourtant, il s&rsquo;agit d&rsquo;un enjeu majeur pour l&rsquo;OM : le club et la municipalit\u00e9 viennent de trouver un accord portant sur une nouvelle convention d&rsquo;occupation du V\u00e9lodrome. Celui-ci, et c&rsquo;est une grande nouveaut\u00e9 apr\u00e8s les contrats de tr\u00e8s courte dur\u00e9e sign\u00e9s pr\u00e9c\u00e9demment, porte sur les quinze prochaines ann\u00e9es et sur le loyer que verse l&rsquo;Olympique \u00e0 la Ville.<\/p>\n<p>Avant m\u00eame l&rsquo;officialisation de l&rsquo;accord, <a href=\"https:\/\/www.laprovence.com\/article\/om\/8899315593926114\/direct-laprovence-direct-om-suivez-la-conference-de-presse-de-pablo-longoria\" target=\"_blank\" rel=\"noopener\">Pablo Longoria avait \u00e9voqu\u00e9 le sujet, se r\u00e9jouissant de cette avanc\u00e9e majeure<\/a>. \u00ab\u00a0C&rsquo;est une bonne nouvelle pour tout le monde. C&rsquo;est important d&rsquo;avoir de la stabilit\u00e9 dans le contrat afin de faire des travaux et des investissements. D&rsquo;autant qu&rsquo;il n&rsquo;y a pas eu beaucoup d&rsquo;am\u00e9liorations depuis l&rsquo;ouverture en 2015 (la r\u00e9novation, ndlr). Le stade n&rsquo;a pas \u00e9t\u00e9 pens\u00e9 pour optimiser les revenus\u00a0\u00bb, a regrett\u00e9 le pr\u00e9sident de l&rsquo;OM au cours de sa traditionnelle conf\u00e9rence de presse de fin d&rsquo;ann\u00e9e.<\/p>\n<p>Un enthousiasme partag\u00e9 par <a href=\"https:\/\/www.laprovence.com\/article\/politique\/8936071785905914\/galeries-lafayette-du-centre-bourse-a-marseille-payan-veut-un-pole-culturel-scientifique-et-de-loisirs\" target=\"_blank\" rel=\"noopener\">Beno\u00eet Payan<\/a>. \u00ab\u00a0Cet accord apporte de la stabilit\u00e9, permet \u00e0 la ville et au club une meilleure capacit\u00e9 de projection, a lanc\u00e9 le maire de Marseille, toujours dans le m\u00eame communiqu\u00e9. Il correspond en tous points aux crit\u00e8res relev\u00e9s par le Minist\u00e8re mais aussi la chambre des comptes pour \u00e9tablir un partenariat durable, sain et b\u00e9n\u00e9fique \u00e0 toutes les parties. L&rsquo;\u00e9panouissement du club, et sa capacit\u00e9 \u00e0 investir dans son stade pour am\u00e9liorer les services aux spectateurs sont des objectifs que la Ville de Marseille partage pleinement.\u00a0\u00bb<\/p>\n<p>Le montant du nouveau loyer n&rsquo;a pas \u00e9t\u00e9 pr\u00e9cis\u00e9.<\/p>\n","protected":false},"excerpt":{"rendered":"Le dossier figurait au menu du conseil municipal de Marseille programm\u00e9 ce jeudi, \u00e0 la toute fin de&hellip;\n","protected":false},"author":2,"featured_media":607860,"comment_status":"","ping_status":"","sticky":false,"template":"","format":"standard","meta":{"footnotes":""},"categories":[2814],"tags":[17,743,1111,11,1777,674,1011,27,15287,4056,884,12,149,882,25,16131,957,4824],"class_list":{"0":"post-607859","1":"post","2":"type-post","3":"status-publish","4":"format-standard","5":"has-post-thumbnail","7":"category-marseille","8":"tag-17","9":"tag-accord","10":"tag-actu","11":"tag-actualites","12":"tag-eu","13":"tag-europe","14":"tag-fr","15":"tag-france","16":"tag-historique","17":"tag-lom","18":"tag-marseille","19":"tag-news","20":"tag-om","21":"tag-provence-alpes-cote-dazur","22":"tag-republique-francaise","23":"tag-trouvent","24":"tag-velodrome","25":"tag-ville"},"share_on_mastodon":{"url":"https:\/\/pubeurope.com\/@fr\/115741729987026845","error":""},"_links":{"self":[{"href":"https:\/\/www.europesays.com\/fr\/wp-json\/wp\/v2\/posts\/607859","targetHints":{"allow":["GET"]}}],"collection":[{"href":"https:\/\/www.europesays.com\/fr\/wp-json\/wp\/v2\/posts"}],"about":[{"href":"https:\/\/www.europesays.com\/fr\/wp-json\/wp\/v2\/types\/post"}],"author":[{"embeddable":true,"href":"https:\/\/www.europesays.com\/fr\/wp-json\/wp\/v2\/users\/2"}],"replies":[{"embeddable":true,"href":"https:\/\/www.europesays.com\/fr\/wp-json\/wp\/v2\/comments?post=607859"}],"version-history":[{"count":0,"href":"https:\/\/www.europesays.com\/fr\/wp-json\/wp\/v2\/posts\/607859\/revisions"}],"wp:featuredmedia":[{"embeddable":true,"href":"https:\/\/www.europesays.com\/fr\/wp-json\/wp\/v2\/media\/607860"}],"wp:attachment":[{"href":"https:\/\/www.europesays.com\/fr\/wp-json\/wp\/v2\/media?parent=607859"}],"wp:term":[{"taxonomy":"category","embeddable":true,"href":"https:\/\/www.europesays.com\/fr\/wp-json\/wp\/v2\/categories?post=607859"},{"taxonomy":"post_tag","embeddable":true,"href":"https:\/\/www.europesays.com\/fr\/wp-json\/wp\/v2\/tags?post=607859"}],"curies":[{"name":"wp","href":"https:\/\/api.w.org\/{rel}","templated":true}]}}