{"id":607861,"date":"2025-12-18T17:23:13","date_gmt":"2025-12-18T17:23:13","guid":{"rendered":"https:\/\/www.europesays.com\/fr\/607861\/"},"modified":"2025-12-18T17:23:13","modified_gmt":"2025-12-18T17:23:13","slug":"les-petits-commerces-de-saint-priest-tentent-de-resister-a-la-baisse-de-frequentation","status":"publish","type":"post","link":"https:\/\/www.europesays.com\/fr\/607861\/","title":{"rendered":"les petits commerces de Saint-Priest tentent de r\u00e9sister \u00e0 la baisse de fr\u00e9quentation"},"content":{"rendered":"<p>\u00ab\u00a0Aujourd\u2019hui, les gens ne vont plus autant \u00e0 Lyon qu\u2019avant, ils restent \u00e0 Saint-Priest pour faire leurs courses ou se restaurer\u00a0\u00bb, se r\u00e9jouit le maire, Gilles Gascon (LR) face aux membres de la Chambre de commerce et d\u2019industrie (CCI) de Lyon Saint-\u00c9tienne Roanne, ainsi que ceux de la Chambre des M\u00e9tiers et de l\u2019Artisanat (CMA) Auvergne-Rh\u00f4ne-Alpes.<\/p>\n<p>Ils \u00e9taient l\u00e0 d\u00e9but d\u00e9cembre pour faire un \u00e9tat des lieux des commerces de proximit\u00e9 \u00e0&#8230;<\/p>\n","protected":false},"excerpt":{"rendered":"\u00ab\u00a0Aujourd\u2019hui, les gens ne vont plus autant \u00e0 Lyon qu\u2019avant, ils restent \u00e0 Saint-Priest pour faire leurs courses&hellip;\n","protected":false},"author":2,"featured_media":607862,"comment_status":"","ping_status":"","sticky":false,"template":"","format":"standard","meta":{"footnotes":""},"categories":[1889],"tags":[1111,11,1477,2430,4406,33,3152,1777,674,1011,27,2428,12,2922,25,4605,4606],"class_list":{"0":"post-607861","1":"post","2":"type-post","3":"status-publish","4":"format-standard","5":"has-post-thumbnail","7":"category-lyon","8":"tag-actu","9":"tag-actualites","10":"tag-artisanat","11":"tag-auvergne-rhone-alpes","12":"tag-commerce-et-services","13":"tag-economie","14":"tag-edition-est-lyonnais","15":"tag-eu","16":"tag-europe","17":"tag-fr","18":"tag-france","19":"tag-lyon","20":"tag-news","21":"tag-pouvoir-dachat","22":"tag-republique-francaise","23":"tag-saint-priest","24":"tag-saint-priest-ville"},"share_on_mastodon":{"url":"https:\/\/pubeurope.com\/@fr\/115741734198655397","error":""},"_links":{"self":[{"href":"https:\/\/www.europesays.com\/fr\/wp-json\/wp\/v2\/posts\/607861","targetHints":{"allow":["GET"]}}],"collection":[{"href":"https:\/\/www.europesays.com\/fr\/wp-json\/wp\/v2\/posts"}],"about":[{"href":"https:\/\/www.europesays.com\/fr\/wp-json\/wp\/v2\/types\/post"}],"author":[{"embeddable":true,"href":"https:\/\/www.europesays.com\/fr\/wp-json\/wp\/v2\/users\/2"}],"replies":[{"embeddable":true,"href":"https:\/\/www.europesays.com\/fr\/wp-json\/wp\/v2\/comments?post=607861"}],"version-history":[{"count":0,"href":"https:\/\/www.europesays.com\/fr\/wp-json\/wp\/v2\/posts\/607861\/revisions"}],"wp:featuredmedia":[{"embeddable":true,"href":"https:\/\/www.europesays.com\/fr\/wp-json\/wp\/v2\/media\/607862"}],"wp:attachment":[{"href":"https:\/\/www.europesays.com\/fr\/wp-json\/wp\/v2\/media?parent=607861"}],"wp:term":[{"taxonomy":"category","embeddable":true,"href":"https:\/\/www.europesays.com\/fr\/wp-json\/wp\/v2\/categories?post=607861"},{"taxonomy":"post_tag","embeddable":true,"href":"https:\/\/www.europesays.com\/fr\/wp-json\/wp\/v2\/tags?post=607861"}],"curies":[{"name":"wp","href":"https:\/\/api.w.org\/{rel}","templated":true}]}}