{"id":607871,"date":"2025-12-18T17:29:12","date_gmt":"2025-12-18T17:29:12","guid":{"rendered":"https:\/\/www.europesays.com\/fr\/607871\/"},"modified":"2025-12-18T17:29:12","modified_gmt":"2025-12-18T17:29:12","slug":"paris-les-domiciles-de-rachida-dati-et-le-ministere-de-la-culture-perquisitionnes-apres-louverture-dune-enquete-pour-corruption","status":"publish","type":"post","link":"https:\/\/www.europesays.com\/fr\/607871\/","title":{"rendered":"Paris\u00a0: les domiciles de Rachida Dati et le minist\u00e8re de la Culture perquisitionn\u00e9s apr\u00e8s l\u2019ouverture d\u2019une enqu\u00eate pour corruption"},"content":{"rendered":"<p class=\"paragraph text_align_left lp-f-body-02\">Les policiers de l\u2019Office central de lutte contre la corruption et les infractions financi\u00e8res et fiscales (OCLCIFF) ont perquisitionn\u00e9 les domiciles parisiens de <a href=\"https:\/\/www.leparisien.fr\/politique\/rachida-dati\/\" target=\"_self\" rel=\"noopener\">Rachida Dati (LR)<\/a> ainsi que la mairie du <a href=\"https:\/\/www.leparisien.fr\/paris-75\/paris-75007\/\" target=\"_self\" rel=\"noopener\">VIIe\u00a0arrondissement<\/a>, ce jeudi matin, selon les informations de nos confr\u00e8res du <a href=\"https:\/\/www.nouvelobs.com\/politique\/20251218.OBS110774\/exclusif-rachida-dati-perquisitionnee-par-la-justice-dans-le-cadre-d-une-nouvelle-instruction-pour-corruption.html\" target=\"_self\" rel=\"noopener\">Nouvel Obs<\/a> et de l\u2019\u00e9mission <a href=\"https:\/\/www.franceinfo.fr\/politique\/rachida-dati\/info-francetv-affaire-gdf-suez-la-ministre-rachida-dati-visee-par-une-enquete-pour-corruption-des-perquisitions-en-cours_7687633.html#xtor=CS2-765-%5Bautres%5D-\" target=\"_self\" rel=\"noopener\">\u00ab\u00a0Compl\u00e9ment d\u2019enqu\u00eate\u00a0\u00bb sur France\u00a02<\/a>, que le Parisien est en mesure de confirmer. Selon une information communiqu\u00e9e par le parquet national financier, le minist\u00e8re de la Culture a \u00e9galement fait l\u2019objet d\u2019une perquisition.<\/p>\n<p class=\"\">Une op\u00e9ration qui s\u2019inscrit dans le cadre d\u2019une s\u00e9rie de perquisitions men\u00e9es par deux juges d\u2019instructions saisis par le Parquet national financier (PNF), destin\u00e9es \u00e0 faire la lumi\u00e8re sur les liens entre l\u2019actuelle ministre de la Culture et l\u2019entreprise GDF-Suez (devenue Engie).<\/p>\n<p>Information judiciaire ouverte<\/p>\n<p class=\"\">La justice soup\u00e7onne notamment Rachida Dati d\u2019avoir \u00e9t\u00e9 r\u00e9mun\u00e9r\u00e9e \u00e0 hauteur de 299\u00a0000\u00a0euros par l\u2019\u00e9nerg\u00e9ticien entre\u00a02010 et\u00a02011, alors qu\u2019elle \u00e9tait d\u00e9put\u00e9e europ\u00e9enne. L\u2019int\u00e9ress\u00e9e a toujours ni\u00e9 ces accusations, qui font l\u2019objet d\u2019une information judiciaire ouverte le 14\u00a0octobre dernier.<\/p>\n<p class=\"\">Selon nos confr\u00e8res, la maire du VIIe\u00a0arrondissement est notamment soup\u00e7onn\u00e9e de \u00ab\u00a0corruption active et passive\u00a0\u00bb, \u00ab\u00a0trafic d\u2019influence aupr\u00e8s d\u2019une organisation internationale publique\u00a0\u00bb, \u00ab\u00a0abus de bien social et abus de confiance\u00a0\u00bb, \u00ab\u00a0d\u00e9tournement de fonds publics par une personne investie d\u2019un mandat public\u00a0\u00bb et \u00ab\u00a0recel et blanchiment\u00a0\u00bb de ces d\u00e9lits.<\/p>\n<p>Un proc\u00e8s pour corruption et trafic d\u2019influence en 2026<\/p>\n<p class=\"\">Pour rappel, l\u2019actuelle ministre de la Culture doit compara\u00eetre devant le tribunal correctionnel en septembre prochain pour corruption et trafic d\u2019influence passifs aux c\u00f4t\u00e9s de l\u2019ancien patron du groupe Renault-Nissan, Carlos Ghosn.<\/p>\n<p class=\"\">Elle est soup\u00e7onn\u00e9e d\u2019avoir per\u00e7u 900\u00a0000\u00a0euros entre\u00a02010 et\u00a02012, pour des prestations de conseil act\u00e9es dans une convention d\u2019honoraires sign\u00e9e le 28\u00a0octobre 2009 avec RNBV, filiale de l\u2019alliance Renault-Nissan, mais sans avoir r\u00e9ellement travaill\u00e9, alors qu\u2019elle \u00e9tait avocate et d\u00e9put\u00e9e europ\u00e9enne.<\/p>\n<p class=\"\">Maire du VIIe\u00a0arrondissement depuis 2008, Rachida Dati termine son troisi\u00e8me mandat et brigue la fonction de maire de <a href=\"https:\/\/www.leparisien.fr\/paris-75\/\" target=\"_self\" rel=\"noopener\">Paris<\/a> lors des \u00e9lections municipales de mars\u00a02026. La candidate des R\u00e9publicains, <a href=\"https:\/\/www.leparisien.fr\/paris-75\/municipales-2026-a-paris-pour-renaissance-et-le-modem-le-projet-avant-lincarnation-20-06-2025-SZTSWAGDWBDJBFZXS72WRA3IEM.php\" target=\"_self\" rel=\"noopener\">soutenue par le MoDem<\/a>, l\u2019UDI et une partie du camp pr\u00e9sidentiel au sein de Renaissance, m\u00e8ne depuis plusieurs semaines une campagne de terrain tr\u00e8s offensive contre l\u2019actuelle majorit\u00e9 socialiste \u00e0 l\u2019H\u00f4tel de Ville.<\/p>\n<p class=\"\">C\u2019est la seconde fois que Rachida Dati se pr\u00e9sente comme candidate de la droite aux \u00e9lections municipales, apr\u00e8s sa d\u00e9faite au second tour en 2020 face \u00e0 la maire sortante Anne Hidalgo (PS).<\/p>\n","protected":false},"excerpt":{"rendered":"Les policiers de l\u2019Office central de lutte contre la corruption et les infractions financi\u00e8res et fiscales (OCLCIFF) ont&hellip;\n","protected":false},"author":2,"featured_media":607872,"comment_status":"","ping_status":"","sticky":false,"template":"","format":"standard","meta":{"footnotes":""},"categories":[1888],"tags":[11,1777,674,118,1011,27,1944,12,626,25],"class_list":{"0":"post-607871","1":"post","2":"type-post","3":"status-publish","4":"format-standard","5":"has-post-thumbnail","7":"category-paris","8":"tag-actualites","9":"tag-eu","10":"tag-europe","11":"tag-faits-divers","12":"tag-fr","13":"tag-france","14":"tag-ma-ville","15":"tag-news","16":"tag-paris","17":"tag-republique-francaise"},"share_on_mastodon":{"url":"https:\/\/pubeurope.com\/@fr\/115741757782375562","error":""},"_links":{"self":[{"href":"https:\/\/www.europesays.com\/fr\/wp-json\/wp\/v2\/posts\/607871","targetHints":{"allow":["GET"]}}],"collection":[{"href":"https:\/\/www.europesays.com\/fr\/wp-json\/wp\/v2\/posts"}],"about":[{"href":"https:\/\/www.europesays.com\/fr\/wp-json\/wp\/v2\/types\/post"}],"author":[{"embeddable":true,"href":"https:\/\/www.europesays.com\/fr\/wp-json\/wp\/v2\/users\/2"}],"replies":[{"embeddable":true,"href":"https:\/\/www.europesays.com\/fr\/wp-json\/wp\/v2\/comments?post=607871"}],"version-history":[{"count":0,"href":"https:\/\/www.europesays.com\/fr\/wp-json\/wp\/v2\/posts\/607871\/revisions"}],"wp:featuredmedia":[{"embeddable":true,"href":"https:\/\/www.europesays.com\/fr\/wp-json\/wp\/v2\/media\/607872"}],"wp:attachment":[{"href":"https:\/\/www.europesays.com\/fr\/wp-json\/wp\/v2\/media?parent=607871"}],"wp:term":[{"taxonomy":"category","embeddable":true,"href":"https:\/\/www.europesays.com\/fr\/wp-json\/wp\/v2\/categories?post=607871"},{"taxonomy":"post_tag","embeddable":true,"href":"https:\/\/www.europesays.com\/fr\/wp-json\/wp\/v2\/tags?post=607871"}],"curies":[{"name":"wp","href":"https:\/\/api.w.org\/{rel}","templated":true}]}}