{"id":607873,"date":"2025-12-18T17:30:14","date_gmt":"2025-12-18T17:30:14","guid":{"rendered":"https:\/\/www.europesays.com\/fr\/607873\/"},"modified":"2025-12-18T17:30:14","modified_gmt":"2025-12-18T17:30:14","slug":"quinte-du-vendredi-19-decembre-a-paris-vincennes-charley-mottier-et-joy-du-carnois-soutenus-par-les-sang-et-or","status":"publish","type":"post","link":"https:\/\/www.europesays.com\/fr\/607873\/","title":{"rendered":"Quint\u00e9 du vendredi 19\u00a0d\u00e9cembre \u00e0 Paris-Vincennes\u00a0: Charley Mottier et Joy du Carnois soutenus par les \u00ab\u00a0Sang et Or\u00a0\u00bb"},"content":{"rendered":"<p class=\"paragraph text_align_left lp-f-body-02\">Les passerelles <a href=\"https:\/\/www.leparisien.fr\/oise-60\/ancelotti-lenglet-pires-ces-stars-du-foot-qui-confient-leurs-chevaux-aux-entraineurs-de-l-oise-07-11-2020-8407127.php\" target=\"_blank\" rel=\"noreferrer noopener\">entre le football et les courses hippiques<\/a> ne sont plus \u00e0 d\u00e9montrer. Et lorsqu\u2019un cheval d\u00e9fend les couleurs d\u2019une \u00e9curie nomm\u00e9e \u00ab Sang et Or \u00bb, on se doute qu\u2019il appartient \u00e0 de fervents sympathisants de <a href=\"https:\/\/www.leparisien.fr\/sports\/football\/ligue-1\/ligue-1-pourquoi-le-rc-lens-nest-pas-encore-champion-dautomne-15-12-2025-WLRA3XPM5BDKXCMKXD44YZJRWY.php\" target=\"_blank\" rel=\"noreferrer noopener\">l\u2019actuel leader du classement de Ligue 1<\/a>. \u00ab Ce sont effectivement des supporters du RC Lens, confirme <a href=\"https:\/\/www.leparisien.fr\/sports\/hippisme\/quinte-du-mercredi-10-decembre-a-vincennes-le-footballeur-maxime-lestienne-vibre-pour-les-courses-09-12-2025-ASYN5O7V6BFSVAPU6FHXQSLDUQ.php\" target=\"_blank\" rel=\"noreferrer noopener\">Charley Mottier<\/a>, qui veille sur la carri\u00e8re de <a href=\"https:\/\/www.letrot.com\/stats\/chevaux\/joy-du-carnois\/ZWt8YQYIAQYf\/courses\" target=\"_blank\" rel=\"noreferrer noopener\">Joy du Carnois<\/a> (n\u00b0 12) depuis juillet 2023, puisque la jument d\u00e9sormais \u00e2g\u00e9e de 6 ans a effectu\u00e9 le d\u00e9but de sa carri\u00e8re en Belgique avant de gravir les \u00e9chelons sous la houlette du jeune entra\u00eeneur de 31 ans. C\u2019est une \u00e9quipe de propri\u00e9taire sympa. Comme Mathieu Varin, j\u2019ai pris des parts avec eux, car ce sont des passionn\u00e9s qui me font enti\u00e8rement confiance et me laissent carte blanche. \u00bb<\/p>\n<p class=\"\">Si Joy du Carnois a d\u00e9j\u00e0 apport\u00e9 de belles satisfactions \u00e0 la \u00ab fine \u00e9quipe \u00bb, la chance n\u2019a pas \u00e9t\u00e9 du c\u00f4t\u00e9 de la jument de 6 ans lors de ses deux derni\u00e8res, comme le confirme son entra\u00eeneur : \u00ab Elle a vraiment \u00e9t\u00e9 malchanceuse, car elle aurait pu obtenir un meilleur classement \u00e0 chaque, m\u00eame lors de sa deuxi\u00e8me place le 8 novembre. Elle retrouve <a href=\"https:\/\/www.leparisien.fr\/sports\/hippisme\/arrivee-du-quinte-du-dimanche-14-decembre-a-paris-vincennes-lincroyable-remontada-de-jean-michel-bazire-avec-jobspost-14-12-2025-3URYBA2OYBGCFCY5OZGK6EKFGM.php\" target=\"_blank\" rel=\"noreferrer noopener\">Jean-Michel Bazire<\/a> qui la conna\u00eet bien, donc j\u2019esp\u00e8re la voir r\u00e9aliser une bonne performance. \u00bb<\/p>\n","protected":false},"excerpt":{"rendered":"Les passerelles entre le football et les courses hippiques ne sont plus \u00e0 d\u00e9montrer. Et lorsqu\u2019un cheval d\u00e9fend&hellip;\n","protected":false},"author":2,"featured_media":607874,"comment_status":"","ping_status":"","sticky":false,"template":"","format":"standard","meta":{"footnotes":""},"categories":[1888],"tags":[11,1777,674,1011,27,11462,12,626,25,60],"class_list":{"0":"post-607873","1":"post","2":"type-post","3":"status-publish","4":"format-standard","5":"has-post-thumbnail","7":"category-paris","8":"tag-actualites","9":"tag-eu","10":"tag-europe","11":"tag-fr","12":"tag-france","13":"tag-hippisme","14":"tag-news","15":"tag-paris","16":"tag-republique-francaise","17":"tag-sports"},"share_on_mastodon":{"url":"https:\/\/pubeurope.com\/@fr\/115741761582822329","error":""},"_links":{"self":[{"href":"https:\/\/www.europesays.com\/fr\/wp-json\/wp\/v2\/posts\/607873","targetHints":{"allow":["GET"]}}],"collection":[{"href":"https:\/\/www.europesays.com\/fr\/wp-json\/wp\/v2\/posts"}],"about":[{"href":"https:\/\/www.europesays.com\/fr\/wp-json\/wp\/v2\/types\/post"}],"author":[{"embeddable":true,"href":"https:\/\/www.europesays.com\/fr\/wp-json\/wp\/v2\/users\/2"}],"replies":[{"embeddable":true,"href":"https:\/\/www.europesays.com\/fr\/wp-json\/wp\/v2\/comments?post=607873"}],"version-history":[{"count":0,"href":"https:\/\/www.europesays.com\/fr\/wp-json\/wp\/v2\/posts\/607873\/revisions"}],"wp:featuredmedia":[{"embeddable":true,"href":"https:\/\/www.europesays.com\/fr\/wp-json\/wp\/v2\/media\/607874"}],"wp:attachment":[{"href":"https:\/\/www.europesays.com\/fr\/wp-json\/wp\/v2\/media?parent=607873"}],"wp:term":[{"taxonomy":"category","embeddable":true,"href":"https:\/\/www.europesays.com\/fr\/wp-json\/wp\/v2\/categories?post=607873"},{"taxonomy":"post_tag","embeddable":true,"href":"https:\/\/www.europesays.com\/fr\/wp-json\/wp\/v2\/tags?post=607873"}],"curies":[{"name":"wp","href":"https:\/\/api.w.org\/{rel}","templated":true}]}}