{"id":607875,"date":"2025-12-18T17:31:20","date_gmt":"2025-12-18T17:31:20","guid":{"rendered":"https:\/\/www.europesays.com\/fr\/607875\/"},"modified":"2025-12-18T17:31:20","modified_gmt":"2025-12-18T17:31:20","slug":"le-missile-balistique-a-capacite-nucleaire-russe-orechnik-deploye-en-bielorussie","status":"publish","type":"post","link":"https:\/\/www.europesays.com\/fr\/607875\/","title":{"rendered":"Le missile balistique \u00e0 capacit\u00e9 nucl\u00e9aire russe Orechnik d\u00e9ploy\u00e9 en Bi\u00e9lorussie"},"content":{"rendered":"<p>Le missile balistique \u00e0 capacit\u00e9 nucl\u00e9aire russe Orechnik est d\u00e9ploy\u00e9 en Bi\u00e9lorussie depuis mercredi 17\u00a0d\u00e9cembre 2025, a annonc\u00e9 jeudi\u00a0le pr\u00e9sident de ce pays alli\u00e9 de la Russie, Alexandre Loukachenko, lors de sa conf\u00e9rence annuelle \u00e0 Minsk. \u00ab\u00a0L\u2019Orechnik est en Bi\u00e9lorussie depuis hier (mercredi). Et il prend son service de combat\u00a0\u00bb, a dit le pr\u00e9sident de cette ex-r\u00e9publique sovi\u00e9tique frontali\u00e8re de l\u2019Union europ\u00e9enne, dont le territoire avait \u00e9t\u00e9 utilis\u00e9 par Moscou pour lancer son offensive contre l\u2019Ukraine en f\u00e9vrier\u00a02022.<\/p>\n<p>En ao\u00fbt, son homologue russe Vladimir Poutine avait annonc\u00e9 que Moscou avait lanc\u00e9 la production en s\u00e9rie de <a target=\"_blank\" href=\"https:\/\/www.lanouvellerepublique.fr\/a-la-une\/guerre-en-ukraine-vladimir-poutine-brandit-la-menace-du-missile-hypersonique-orechnik\" rel=\"noopener\">ce missile de derni\u00e8re g\u00e9n\u00e9ration pouvant porter une charge nucl\u00e9aire<\/a>, et affirm\u00e9 que Moscou pourrait le d\u00e9ployer en 2025 en Bi\u00e9lorussie.<\/p>\n<p>L\u2019inqui\u00e9tude des pays de l\u2019Otan<\/p>\n<p>Minsk avait de son c\u00f4t\u00e9 indiqu\u00e9 en ao\u00fbt que des manoeuvres conjointes avec la Russie, qui se sont d\u00e9roul\u00e9es en septembre, impliqueraient les missiles Orechnik.<\/p>\n<p>Ces grands exercices militaires avaient suscit\u00e9 l\u2019inqui\u00e9tude des pays de l\u2019Otan, quelques jours apr\u00e8s l\u2019intrusion d\u2019un nombre sans pr\u00e9c\u00e9dent de drones pr\u00e9sum\u00e9s russes sur le territoire polonais.<\/p>\n<p><a target=\"_blank\" href=\"https:\/\/www.lanouvellerepublique.fr\/a-la-une\/kiev-accuse-moscou-d-avoir-tire-un-missile-intercontinental-contre-l-ukraine\" rel=\"noopener\">En novembre\u00a02024, la Russie avait utilis\u00e9 pour la premi\u00e8re fois l\u2019Orechnik<\/a>, sans charge nucl\u00e9aire, pour frapper une usine militaire dans la ville de Dnipro, dans le centre de l\u2019Ukraine.<\/p>\n","protected":false},"excerpt":{"rendered":"Le missile balistique \u00e0 capacit\u00e9 nucl\u00e9aire russe Orechnik est d\u00e9ploy\u00e9 en Bi\u00e9lorussie depuis mercredi 17\u00a0d\u00e9cembre 2025, a annonc\u00e9&hellip;\n","protected":false},"author":2,"featured_media":607876,"comment_status":"","ping_status":"","sticky":false,"template":"","format":"standard","meta":{"footnotes":""},"categories":[1591],"tags":[328,11,1924,674,1887,329,74,12,1885,1886,132],"class_list":{"0":"post-607875","1":"post","2":"type-post","3":"status-publish","4":"format-standard","5":"has-post-thumbnail","7":"category-russie","8":"tag-a-la-une","9":"tag-actualites","10":"tag-armement","11":"tag-europe","12":"tag-federation-de-russie","13":"tag-france-monde","14":"tag-monde","15":"tag-news","16":"tag-russia","17":"tag-russian-federation","18":"tag-russie"},"share_on_mastodon":{"url":"https:\/\/pubeurope.com\/@fr\/115741765440767914","error":""},"_links":{"self":[{"href":"https:\/\/www.europesays.com\/fr\/wp-json\/wp\/v2\/posts\/607875","targetHints":{"allow":["GET"]}}],"collection":[{"href":"https:\/\/www.europesays.com\/fr\/wp-json\/wp\/v2\/posts"}],"about":[{"href":"https:\/\/www.europesays.com\/fr\/wp-json\/wp\/v2\/types\/post"}],"author":[{"embeddable":true,"href":"https:\/\/www.europesays.com\/fr\/wp-json\/wp\/v2\/users\/2"}],"replies":[{"embeddable":true,"href":"https:\/\/www.europesays.com\/fr\/wp-json\/wp\/v2\/comments?post=607875"}],"version-history":[{"count":0,"href":"https:\/\/www.europesays.com\/fr\/wp-json\/wp\/v2\/posts\/607875\/revisions"}],"wp:featuredmedia":[{"embeddable":true,"href":"https:\/\/www.europesays.com\/fr\/wp-json\/wp\/v2\/media\/607876"}],"wp:attachment":[{"href":"https:\/\/www.europesays.com\/fr\/wp-json\/wp\/v2\/media?parent=607875"}],"wp:term":[{"taxonomy":"category","embeddable":true,"href":"https:\/\/www.europesays.com\/fr\/wp-json\/wp\/v2\/categories?post=607875"},{"taxonomy":"post_tag","embeddable":true,"href":"https:\/\/www.europesays.com\/fr\/wp-json\/wp\/v2\/tags?post=607875"}],"curies":[{"name":"wp","href":"https:\/\/api.w.org\/{rel}","templated":true}]}}