{"id":60789,"date":"2025-04-29T03:05:14","date_gmt":"2025-04-29T03:05:14","guid":{"rendered":"https:\/\/www.europesays.com\/fr\/60789\/"},"modified":"2025-04-29T03:05:14","modified_gmt":"2025-04-29T03:05:14","slug":"retour-sur-les-resultats-du-concours-du-meilleur-flan-patissier-de-france-a-lyon","status":"publish","type":"post","link":"https:\/\/www.europesays.com\/fr\/60789\/","title":{"rendered":"Retour sur les r\u00e9sultats du Concours du Meilleur Flan P\u00e2tissier de France \u00e0 Lyon"},"content":{"rendered":"<p>Ce week-end des 26 et 27 avril \u00e0 Lyon s&rsquo;est tenue la troisi\u00e8me \u00e9dition de ce concours organis\u00e9 par le chef Fabrice Bonnot et son association Envie d&rsquo;un sourire. Radio SCOOP \u00e9tait partenaire de l&rsquo;\u00e9v\u00e9nement.<\/p>\n<p>Ce week-end, sur la place Bellecour \u00e0 Lyon, <b>plusieurs milliers de visiteurs<\/b> sont venus soutenir les<b> 34 candidats <\/b>du concours.<\/p>\n<p>Sous la pr\u00e9sidence du chef et organisateur de l&rsquo;\u00e9v\u00e9nement,<b> Fabrice Bonnot<\/b>, le jury \u00e9tait compos\u00e9 de <b>Mercotte<\/b>, Odile Mattei, Ju Chamalo, Benjamin Martinetto et Beno\u00eet Charvet.<\/p>\n<p>Cette ann\u00e9e, un invit\u00e9 d&rsquo;honneur a marqu\u00e9 l&rsquo;\u00e9v\u00e9nement : <b>Allan Th\u00e9o<\/b>, ic\u00f4ne musicale des ann\u00e9es 90.<\/p>\n<p>Cinq cat\u00e9gories en comp\u00e9tition<\/p>\n<p>Amateurs cr\u00e9atifs, amateurs traditionnels, souvenirs d&rsquo;enfance, professionnels cr\u00e9atifs, et professionnels traditionnels&#8230;\u00a0<br \/>Voici les r\u00e9sultats :<\/p>\n<p><b>Amateur Cr\u00e9atif<\/b><\/p>\n<p>\u00a0 \u00a0 \u2022    1er : Van Assel Marie<\/p>\n<p>\u00a0 \u00a0 \u2022    2e : Enria Bastien<\/p>\n<p>\u00a0 \u00a0 \u2022    3e : Robelin Mikael<\/p>\n<p><b>Amateur Traditionnel<\/b><\/p>\n<p>\u00a0 \u00a0 \u2022    1er : Guilcher Nicolas<\/p>\n<p>\u00a0 \u00a0 \u2022    2e : Bosdevezy Anne-Ga\u00eblle<\/p>\n<p>\u00a0 \u00a0 \u2022    3e : Pagnard M\u00e9lanie<\/p>\n<p><b>Souvenirs d&rsquo;Enfance<\/b><\/p>\n<p>\u00a0 \u00a0 \u2022    1er : Dali Jedda <\/p>\n<p>\u00a0 \u00a0 \u2022    2e : Picca Jean-Marc<\/p>\n<p>\u00a0 \u00a0 \u2022    3e : Ntootoume Emeline<\/p>\n<p><b>Professionnel Cr\u00e9atif<\/b><\/p>\n<p>\u00a0 \u00a0 \u2022    1er : Burckart Paul<\/p>\n<p>\u00a0 \u00a0 \u2022    2e : Maxence Mokhbi<\/p>\n<p>\u00a0 \u00a0 \u2022    3e : Cindy Heckman<\/p>\n<p>\u00a0<\/p>\n<p><b>Professionnel Traditionnel<\/b><\/p>\n<p>\u00a0 \u00a0 \u2022    1er : Maleyre Emelie<\/p>\n<p>\u00a0 \u00a0 \u2022    2e : Maison Thoma<\/p>\n<p>\u00a0 \u00a0 \u2022    3e : Clarissou Pierre<\/p>\n<p>Un moment inoubliable \u00e0 Lyon<\/p>\n<p>A la grande fiert\u00e9 des lyonnais, ce concours d&rsquo;envergure nationale s&rsquo;est tenu \u00e0 Lyon, sur l&#8217;embl\u00e9matique <b>place Bellecour<\/b> et sous un soleil \u00e9clatant. <\/p>\n<p>L&rsquo;organisateur de l&rsquo;\u00e9v\u00e9nement, <b>Fabrice Bonnot<\/b>, a affirm\u00e9 :<\/p>\n<blockquote><p>\u201cNotre plus grande fiert\u00e9 est de porter ce concours \u00e0 \u00e9chelle nationale, tout en ayant ses racines ici, \u00e0 Lyon, au c\u0153ur de la presqu&rsquo;\u00eele, parmi les commer\u00e7ants et habitants que nous aimons profond\u00e9ment.\u201d<\/p><\/blockquote>\n<p>Avec<b> trois lyonnais sur le podium<\/b> : Dali Jedda, Maxence Mokhbi et  Maleyre Emelie, Lyon a encore une fois assur\u00e9 sa place de capitale de la gastronomie.<\/p>\n<p><img loading=\"lazy\" decoding=\"async\" src=\"https:\/\/www.europesays.com\/fr\/wp-content\/uploads\/2025\/04\/1745895914_69_img\" width=\"350\" height=\"200\" border=\"0\" title=\"Une panne d'\u00c3\u00a9lectricit\u00c3\u00a9.\"\/><\/p>\n<p>\u25baMonde<\/p>\n<p style=\"font-size: 22px;\"><b>[MAJ] Panne d&rsquo;\u00e9lectricit\u00e9 en Espagne : le trafic a\u00e9rien perturb\u00e9 jusqu&rsquo;au Portugal<\/b><\/p>\n<p>La France est mobilis\u00e9e pour aider l&rsquo;Espagne \u00e0&#8230;<\/p>\n<p><\/p>\n","protected":false},"excerpt":{"rendered":"Ce week-end des 26 et 27 avril \u00e0 Lyon s&rsquo;est tenue la troisi\u00e8me \u00e9dition de ce concours organis\u00e9&hellip;\n","protected":false},"author":2,"featured_media":60790,"comment_status":"","ping_status":"","sticky":false,"template":"","format":"standard","meta":{"footnotes":""},"categories":[1889],"tags":[1111,11,15809,2430,15814,15806,15813,1777,674,15807,1011,27,1661,15812,2428,15816,15815,12,15810,15808,25,15811],"class_list":{"0":"post-60789","1":"post","2":"type-post","3":"status-publish","4":"format-standard","5":"has-post-thumbnail","7":"category-lyon","8":"tag-actu","9":"tag-actualites","10":"tag-allan-tho","11":"tag-auvergne-rhone-alpes","12":"tag-burckart-paul","13":"tag-concours-flan-patissier","14":"tag-dali-jedda","15":"tag-eu","16":"tag-europe","17":"tag-fabrice-bonnot","18":"tag-fr","19":"tag-france","20":"tag-gastronomie","21":"tag-guilcher-nicolas","22":"tag-lyon","23":"tag-maleyre-emelie","24":"tag-maxence-mokhbi","25":"tag-news","26":"tag-patisserie","27":"tag-place-bellecour","28":"tag-republique-francaise","29":"tag-van-assel-marie"},"share_on_mastodon":{"url":"https:\/\/pubeurope.com\/@fr\/114419042311572852","error":""},"_links":{"self":[{"href":"https:\/\/www.europesays.com\/fr\/wp-json\/wp\/v2\/posts\/60789","targetHints":{"allow":["GET"]}}],"collection":[{"href":"https:\/\/www.europesays.com\/fr\/wp-json\/wp\/v2\/posts"}],"about":[{"href":"https:\/\/www.europesays.com\/fr\/wp-json\/wp\/v2\/types\/post"}],"author":[{"embeddable":true,"href":"https:\/\/www.europesays.com\/fr\/wp-json\/wp\/v2\/users\/2"}],"replies":[{"embeddable":true,"href":"https:\/\/www.europesays.com\/fr\/wp-json\/wp\/v2\/comments?post=60789"}],"version-history":[{"count":0,"href":"https:\/\/www.europesays.com\/fr\/wp-json\/wp\/v2\/posts\/60789\/revisions"}],"wp:featuredmedia":[{"embeddable":true,"href":"https:\/\/www.europesays.com\/fr\/wp-json\/wp\/v2\/media\/60790"}],"wp:attachment":[{"href":"https:\/\/www.europesays.com\/fr\/wp-json\/wp\/v2\/media?parent=60789"}],"wp:term":[{"taxonomy":"category","embeddable":true,"href":"https:\/\/www.europesays.com\/fr\/wp-json\/wp\/v2\/categories?post=60789"},{"taxonomy":"post_tag","embeddable":true,"href":"https:\/\/www.europesays.com\/fr\/wp-json\/wp\/v2\/tags?post=60789"}],"curies":[{"name":"wp","href":"https:\/\/api.w.org\/{rel}","templated":true}]}}