{"id":607897,"date":"2025-12-18T17:44:30","date_gmt":"2025-12-18T17:44:30","guid":{"rendered":"https:\/\/www.europesays.com\/fr\/607897\/"},"modified":"2025-12-18T17:44:30","modified_gmt":"2025-12-18T17:44:30","slug":"aryna-sabalenka-juge-injuste-la-presence-de-femmes-transgenres-sur-le-circuit-wta","status":"publish","type":"post","link":"https:\/\/www.europesays.com\/fr\/607897\/","title":{"rendered":"Aryna Sabalenka juge \u00abinjuste\u00bb la pr\u00e9sence de femmes transgenres sur le circuit WTA"},"content":{"rendered":"<p>\n    Invit\u00e9e dans l\u2019\u00e9mission de Piers Morgan, la num\u00e9ro 1 mondiale estime que la participation de femmes transgenres sur le circuit cr\u00e9e un d\u00e9s\u00e9quilibre sportif.<\/p>\n<p class=\"fig-paragraph\">La N.1 mondiale\u00a0<a href=\"https:\/\/www.lefigaro.fr\/tag\/aryna-sabalenka\" target=\"_blank\" rel=\"sponsored noopener\" data-gtm-custom-categorie=\"navigation\" data-gtm-custom-action=\"crossclick\" data-gtm-custom-label=\"Contextuel\" data-gtm-event=\"customEventSPE\">Aryna Sabalenka<\/a>\u00a0a jug\u00e9 mardi \u00abinjuste\u00bb que les instances du circuit professionnel f\u00e9minin autorisent les femmes transgenres \u00e0 participer aux tournois WTA, m\u00eame si celles-ci sont actuellement absentes de l&rsquo;\u00e9lite du tennis mondial. Invit\u00e9e mardi soir dans l&rsquo;\u00e9mission de l&rsquo;animateur britannique Piers Morgan, la B\u00e9larusse s&rsquo;est vu demander si elle partageait l&rsquo;opinion de l&rsquo;ex-N.1 mondiale Martina Navratilova, qui s&rsquo;oppose \u00e0 la participation des femmes transgenre aux tournois WTA.<\/p>\n<p class=\"fig-paragraph\">\u00abC&rsquo;est une question d\u00e9licate. Je n&rsquo;ai rien contre elles, mais j&rsquo;ai malgr\u00e9 tout le sentiment qu&rsquo;elles ont un avantage \u00e9norme sur les femmes\u00bb qui n&rsquo;ont pas fait de transition de genre. \u00abJe trouve que c&rsquo;est tout simplement injuste pour une femme d&rsquo;affronter\u00bb des joueuses qui sont \u00abbiologiquement des hommes\u00bb, a-t-elle poursuivi. \u00abUne femme travaille toute sa vie pour repousser ses limites et d&rsquo;un coup c&rsquo;est comme si elle devait affronter un homme, quelqu&rsquo;un de biologiquement beaucoup plus fort. Je suis en d\u00e9saccord avec ce genre de choses dans le sport\u00bb, a conclu la patronne du circuit f\u00e9minin, qui doit affronter fin d\u00e9cembre \u00e0 Dubai l&rsquo;Australien Nick Kyrgios<a href=\"http:\/\/www.lefigaro.fr\/sports\/tennis\/tennis-le-match-d-exhibition-entre-sabalenka-et-kyrgios-confirme-20251104\" data-fig-type=\"NewsFlash\" data-gtm-custom-categorie=\"navigation\" data-gtm-custom-action=\"crossclick\" data-gtm-custom-label=\"Contextuel\" data-gtm-event=\"customEventSPE\" data-fig-domain=\"LEFIGARO\" target=\"_blank\" rel=\"noopener\">\u00a0dans un match exhibition baptis\u00e9 \u00abLa Bataille des Sexes\u00bb.<\/a><\/p>\n<p>                                            <a class=\"fig-a11y-skip\" href=\"#fig-a11y-skip-main-inarticle\" data-module=\"a11y-skip\" data-context=\"was @visible\"><br \/>\n    Passer la publicit\u00e9<br \/>\n<\/a>            <\/p>\n<p class=\"fig-paragraph\">La participation des femmes transgenre aux tournois WTA est permise, sous conditions, par l&rsquo;instance charg\u00e9e de r\u00e9guler le circuit f\u00e9minin. Parmi les crit\u00e8res d&rsquo;\u00e9ligibilit\u00e9 fix\u00e9s par la WTA, les femmes transgenres qui souhaitent disputer un tournoi de cette cat\u00e9gorie doivent prouver que la concentration de testost\u00e9rone dans leur sang est rest\u00e9e inf\u00e9rieure \u00e0 2,5 nanomoles par litre durant les deux derni\u00e8res ann\u00e9es. Elles doivent \u00e9galement adresser \u00e0 la WTA une d\u00e9claration sign\u00e9e attestant de leur identit\u00e9 de genre f\u00e9minine ou non binaire. Dans les faits, aucune femme transgenre ne joue actuellement les premiers r\u00f4les sur le circuit WTA.<\/p>\n<p class=\"fig-paragraph\">L&rsquo;Am\u00e9ricaine Ren\u00e9e Richards, n\u00e9e Richard Raskind en 1934, est une des seules joueuses de tennis transgenre \u00e0 avoir \u00e9volu\u00e9 au plus haut niveau. Apr\u00e8s avoir disput\u00e9 plusieurs fois l&rsquo;US Open chez les messieurs dans les ann\u00e9es 1950, elle a connu une seconde carri\u00e8re sur le circuit f\u00e9minin entre la fin des ann\u00e9es 1970 et le d\u00e9but de la d\u00e9cennie suivante. Apr\u00e8s sa retraite sportive en 1981, Richards a notamment entra\u00een\u00e9 Martina Navratilova.<\/p>\n","protected":false},"excerpt":{"rendered":"Invit\u00e9e dans l\u2019\u00e9mission de Piers Morgan, la num\u00e9ro 1 mondiale estime que la participation de femmes transgenres sur&hellip;\n","protected":false},"author":2,"featured_media":607898,"comment_status":"","ping_status":"","sticky":false,"template":"","format":"standard","meta":{"footnotes":""},"categories":[1415],"tags":[7615,1011,27,60,1467],"class_list":{"0":"post-607897","1":"post","2":"type-post","3":"status-publish","4":"format-standard","5":"has-post-thumbnail","7":"category-tennis","8":"tag-aryna-sabalenka","9":"tag-fr","10":"tag-france","11":"tag-sports","12":"tag-tennis"},"share_on_mastodon":{"url":"https:\/\/pubeurope.com\/@fr\/115741816474889436","error":""},"_links":{"self":[{"href":"https:\/\/www.europesays.com\/fr\/wp-json\/wp\/v2\/posts\/607897","targetHints":{"allow":["GET"]}}],"collection":[{"href":"https:\/\/www.europesays.com\/fr\/wp-json\/wp\/v2\/posts"}],"about":[{"href":"https:\/\/www.europesays.com\/fr\/wp-json\/wp\/v2\/types\/post"}],"author":[{"embeddable":true,"href":"https:\/\/www.europesays.com\/fr\/wp-json\/wp\/v2\/users\/2"}],"replies":[{"embeddable":true,"href":"https:\/\/www.europesays.com\/fr\/wp-json\/wp\/v2\/comments?post=607897"}],"version-history":[{"count":0,"href":"https:\/\/www.europesays.com\/fr\/wp-json\/wp\/v2\/posts\/607897\/revisions"}],"wp:featuredmedia":[{"embeddable":true,"href":"https:\/\/www.europesays.com\/fr\/wp-json\/wp\/v2\/media\/607898"}],"wp:attachment":[{"href":"https:\/\/www.europesays.com\/fr\/wp-json\/wp\/v2\/media?parent=607897"}],"wp:term":[{"taxonomy":"category","embeddable":true,"href":"https:\/\/www.europesays.com\/fr\/wp-json\/wp\/v2\/categories?post=607897"},{"taxonomy":"post_tag","embeddable":true,"href":"https:\/\/www.europesays.com\/fr\/wp-json\/wp\/v2\/tags?post=607897"}],"curies":[{"name":"wp","href":"https:\/\/api.w.org\/{rel}","templated":true}]}}