{"id":607903,"date":"2025-12-18T17:50:16","date_gmt":"2025-12-18T17:50:16","guid":{"rendered":"https:\/\/www.europesays.com\/fr\/607903\/"},"modified":"2025-12-18T17:50:16","modified_gmt":"2025-12-18T17:50:16","slug":"nous-sommes-toujours-en-travaux-son-chateau-du-xxe-siecle-une-batisse-bourgeoise-avec-12-chambres-au-coeur-de-la-picardie","status":"publish","type":"post","link":"https:\/\/www.europesays.com\/fr\/607903\/","title":{"rendered":"\u00ab\u00a0Nous sommes toujours en travaux\u00a0\u00bb, son ch\u00e2teau du XXe si\u00e8cle, une b\u00e2tisse bourgeoise avec 12 chambres au c\u0153ur de la Picardie"},"content":{"rendered":"<p data-start=\"184\" data-end=\"684\">Depuis 2021, l\u00a0\u00bbembl\u00e9matique<br \/>\nchanteur de zouk <strong data-start=\"229\" data-end=\"248\">Francky<br \/>\nVincent<\/strong> a troqu\u00e9 le tumulte des grandes villes pour la<br \/>\ntranquillit\u00e9 d&rsquo;un v\u00e9ritable ch\u00e2teau en pleine campagne picarde. \u00c0<br \/>\n69 ans, l&rsquo;artiste guadeloup\u00e9en, connu notamment pour son tube<br \/>\nFruit de la passion, vit<br \/>\nd\u00e9sormais avec sa compagne <strong data-start=\"478\" data-end=\"487\">Aziza<\/strong>, de 21 ans sa cadette, dans une splendide<br \/>\ndemeure situ\u00e9e dans <strong data-start=\"550\" data-end=\"575\">la<br \/>\ncommune de Sinceny<\/strong>, dans l&rsquo;Aisne, un village de quelque 2<br \/>\n000 habitants au nord de Paris.<\/p>\n<p>Francky Vincent : son ch\u00e2teau<br \/>\ndu XXe si\u00e8cle, qui comprend 12 chambres<\/p>\n<p data-start=\"1176\" data-end=\"1480\">La demeure dans laquelle vit<br \/>\nFrancky Vincent est loin d&rsquo;\u00eatre une maison ordinaire. Il s&rsquo;agit<br \/>\nd&rsquo;une <strong data-start=\"1275\" data-end=\"1311\">b\u00e2tisse bourgeoise<br \/>\ndu XXe si\u00e8cle<\/strong>, souvent surnomm\u00e9e par l&rsquo;artiste<br \/>\n<strong data-start=\"1345\" data-end=\"1370\">le \u00ab\u00a0Ch\u00e2teau des<br \/>\nHoux\u00a0\u00bb<\/strong>, en r\u00e9f\u00e9rence \u00e0 l&rsquo;abondance de cette plante dans son<br \/>\nd\u00e9cor environnant.<\/p>\n<p data-start=\"1482\" data-end=\"1772\">Le ch\u00e2teau dispose d&rsquo;un<br \/>\n<strong data-start=\"1506\" data-end=\"1566\">ensemble spacieux<br \/>\ncomprenant pas moins de douze chambres<\/strong>, ce qui en fait un<br \/>\nlieu particuli\u00e8rement adapt\u00e9 pour accueillir famille et amis, ou<br \/>\nsimplement pour profiter d&rsquo;un espace de vie g\u00e9n\u00e9reux en pleine<br \/>\ncampagne picarde. Loin des plages de son \u00eele natale, Francky<br \/>\nVincent a fait de ce ch\u00e2teau <strong>son havre de paix<\/strong>,<br \/>\ndans une r\u00e9gion que conna\u00eet bien sa femme Aziza. \u00ab\u00a0Je me suis<br \/>\nlaiss\u00e9 embarquer parce qu&rsquo;elle me disait souvent que les gens<br \/>\n\u00e9taient tr\u00e8s sympathiques <a href=\"https:\/\/www.lejournaldelamaison.fr\/diaporama-accueil\/maison-cecile-de-france-picardie-521363.html\" rel=\"nofollow noopener\" target=\"_blank\"><br \/>\nen Picardie<\/a>. Donc on a fait le n\u00e9cessaire pour s&rsquo;installer ici,<br \/>\nje lui ai dit banco\u00a0\u00bb, confiait-il \u00e0 France Info \u00e0<br \/>\npropos de cette d\u00e9cision, en 2022.<\/p>\n<p>Francky Vincent : une vie au<br \/>\nch\u00e2teau entre travaux et passions<\/p>\n<p data-start=\"1824\" data-end=\"2152\"><a href=\"https:\/\/www.lejournaldelamaison.fr\/le-journal-de-la-maison\/reportages-maisons\/maisons-reportages-maisons\/pierre-richard-catherine-deneuve-mick-jagger-stars-possedent-chateaux-somptueux-france-529015.html\" rel=\"nofollow noopener\" target=\"_blank\"><br \/>\nL&rsquo;acquisition de ce ch\u00e2teau<\/a> a \u00e9t\u00e9 un v\u00e9ritable<br \/>\n<strong data-start=\"1871\" data-end=\"1902\">coup de c\u0153ur pour le<br \/>\ncouple<\/strong>. \u00ab\u00a0On est tomb\u00e9s sur ce domaine,<br \/>\navec\u00a0<strong>une d\u00e9pendance et un grand<br \/>\nterrain<\/strong>\u00ab\u00a0, se souvient-il dans France<br \/>\nDimanche. Mais il s&rsquo;agit \u00e9galement d&rsquo;un projet exigeant :<br \/>\nFrancky Vincent a expliqu\u00e9 que <strong data-start=\"1966\" data-end=\"2035\">la restauration de la grande b\u00e2tisse leur prend beaucoup de<br \/>\ntemps<\/strong>, les travaux durant depuis des ann\u00e9es.<\/p>\n<p data-start=\"2154\" data-end=\"2467\">Malgr\u00e9 ces travaux de grande<br \/>\nampleur, le chanteur ne regrette rien de son choix de vie. Il<br \/>\ntrouve dans cette vie rurale l&rsquo;occasion de d\u00e9velopper d&rsquo;autres<br \/>\npassions, comme <strong data-start=\"2306\" data-end=\"2321\">la<br \/>\npeinture<\/strong> ou encore la <strong data-start=\"2335\" data-end=\"2365\">customisation de v\u00eatements<\/strong>, tout en profitant du<br \/>\ncalme et de l&rsquo;espace qu&rsquo;offre le domaine.<\/p>\n<blockquote class=\"instagram-media\" style=\"background: #ffffff;border: 0;margin: 1px;width: 100%;padding: 0;max-width: 500px;\" data-instgrm-permalink=\"https:\/\/www.instagram.com\/p\/CM78v2xhsxd\/\" data-instgrm-version=\"14\"\/><p>\nUne<br \/>\nvie loin des projecteurs, mais riche de sens<\/p>\n<p data-start=\"2523\" data-end=\"3021\">Ce ch\u00e2teau picard repr\u00e9sente<br \/>\nune <strong data-start=\"2609\" data-end=\"2655\">nouvelle \u00e9tape de vie<br \/>\npour Francky Vincent<\/strong> et Aziza. L&rsquo;artiste, qui a longtemps<br \/>\nv\u00e9cu \u00e0 Paris ou encore \u00e0 Dijon <a href=\"https:\/\/www.lejournaldelamaison.fr\/le-journal-de-la-maison\/reportages-maisons\/maisons-campagne\/lambert-wilson-achete-maison-il-y-a-vingt-ans-besoin-mettre-mains-dans-terre-moulin-entoure-deau-bourgogne-524822.html\" rel=\"nofollow noopener\" target=\"_blank\"><br \/>\nen Bourgogne<\/a>, appr\u00e9cie d\u00e9sormais la proximit\u00e9 des commodit\u00e9s<br \/>\ntout en \u00e9tant \u00e0 l&rsquo;\u00e9cart de l&rsquo;agitation : \u00ab\u00a0On est \u00e0 5 minutes de<br \/>\ntout. Quand je vais faire les courses, je ne suis pas dans les<br \/>\nembouteillages. C&rsquo;est une autre vie\u00a0\u00bb, confiait-il encore \u00e0<br \/>\nFrance Dimanche.<\/p>\n<p data-start=\"2523\" data-end=\"3021\">Et il ne semble pas pr\u00e8s de<br \/>\nd\u00e9m\u00e9nager : \u00ab\u00a0<strong>Je suis l\u00e0 pour un bon moment je<br \/>\npense<\/strong>. Je pensais prendre ma retraite aux Antilles, mais<br \/>\ncomme dans ce m\u00e9tier, il n&rsquo;y a pas de retraite, je pense qu&rsquo;ils<br \/>\npeuvent m&rsquo;attendre encore et encore.\u00a0\u00bb<\/p>\n<p><script async src=\"\/\/www.instagram.com\/embed.js\"><\/script><\/p>\n","protected":false},"excerpt":{"rendered":"Depuis 2021, l\u00a0\u00bbembl\u00e9matique chanteur de zouk Francky Vincent a troqu\u00e9 le tumulte des grandes villes pour la tranquillit\u00e9&hellip;\n","protected":false},"author":2,"featured_media":607904,"comment_status":"","ping_status":"","sticky":false,"template":"","format":"standard","meta":{"footnotes":""},"categories":[1359],"tags":[6888,3031,3396,64629,71908,31051,4811,6521,1805,58,3029,3026,59,1011,27,71907,4743,3946,973,812,13063,17247,3711,1810,2086,96,762,58069],"class_list":{"0":"post-607903","1":"post","2":"type-post","3":"status-publish","4":"format-standard","5":"has-post-thumbnail","7":"category-people","8":"tag-6888","9":"tag-au","10":"tag-avec","11":"tag-batisse","12":"tag-bourgeoise","13":"tag-chambres","14":"tag-chateau","15":"tag-coeur","16":"tag-de","17":"tag-divertissement","18":"tag-du","19":"tag-en","20":"tag-entertainment","21":"tag-fr","22":"tag-france","23":"tag-francky","24":"tag-la","25":"tag-nous","26":"tag-people","27":"tag-picardie","28":"tag-siecle","29":"tag-sommes","30":"tag-son","31":"tag-toujours","32":"tag-travaux","33":"tag-une","34":"tag-vincent","35":"tag-xxe"},"share_on_mastodon":{"url":"https:\/\/pubeurope.com\/@fr\/115741840231511403","error":""},"_links":{"self":[{"href":"https:\/\/www.europesays.com\/fr\/wp-json\/wp\/v2\/posts\/607903","targetHints":{"allow":["GET"]}}],"collection":[{"href":"https:\/\/www.europesays.com\/fr\/wp-json\/wp\/v2\/posts"}],"about":[{"href":"https:\/\/www.europesays.com\/fr\/wp-json\/wp\/v2\/types\/post"}],"author":[{"embeddable":true,"href":"https:\/\/www.europesays.com\/fr\/wp-json\/wp\/v2\/users\/2"}],"replies":[{"embeddable":true,"href":"https:\/\/www.europesays.com\/fr\/wp-json\/wp\/v2\/comments?post=607903"}],"version-history":[{"count":0,"href":"https:\/\/www.europesays.com\/fr\/wp-json\/wp\/v2\/posts\/607903\/revisions"}],"wp:featuredmedia":[{"embeddable":true,"href":"https:\/\/www.europesays.com\/fr\/wp-json\/wp\/v2\/media\/607904"}],"wp:attachment":[{"href":"https:\/\/www.europesays.com\/fr\/wp-json\/wp\/v2\/media?parent=607903"}],"wp:term":[{"taxonomy":"category","embeddable":true,"href":"https:\/\/www.europesays.com\/fr\/wp-json\/wp\/v2\/categories?post=607903"},{"taxonomy":"post_tag","embeddable":true,"href":"https:\/\/www.europesays.com\/fr\/wp-json\/wp\/v2\/tags?post=607903"}],"curies":[{"name":"wp","href":"https:\/\/api.w.org\/{rel}","templated":true}]}}