{"id":607911,"date":"2025-12-18T17:55:12","date_gmt":"2025-12-18T17:55:12","guid":{"rendered":"https:\/\/www.europesays.com\/fr\/607911\/"},"modified":"2025-12-18T17:55:12","modified_gmt":"2025-12-18T17:55:12","slug":"le-documentaire-sur-la-femme-de-donald-trump-vendu-comme-un-blockbuster-hollywoodien-liberation","status":"publish","type":"post","link":"https:\/\/www.europesays.com\/fr\/607911\/","title":{"rendered":"le documentaire sur la femme de Donald Trump vendu comme un blockbuster hollywoodien \u2013 Lib\u00e9ration"},"content":{"rendered":"<p class=\"sc-cPiKLX AiZTS text-element\">\u00abTeaser sensationnel\u00bb, \u00abbande-annonce all\u00e9chante\u00bb\u2026 Dans la presse, les superlatifs ne manquent pas pour qualifier les premi\u00e8res images du documentaire sur <a href=\"https:\/\/www.liberation.fr\/international\/amerique\/elle-est-tres-intelligente-linfluence-croissante-de-melania-sur-donald-trump-20250809_OATHVF7RJ5HTBGPQISX2VPJH7A\/\" target=\"_blank\" rel=\"noreferrer noopener\" title=\"https:\/\/www.liberation.fr\/international\/amerique\/elle-est-tres-intelligente-linfluence-croissante-de-melania-sur-donald-trump-20250809_OATHVF7RJ5HTBGPQISX2VPJH7A\/\">la First Lady<\/a> sobrement baptis\u00e9 Melania, the Film, diffus\u00e9es mercredi 17 d\u00e9cembre. On y d\u00e9couvre l\u2019\u00e9pouse de Donald Trump lors de l\u2019investiture de son second mandat, entre s\u00e9quences de la vie quotidienne et banquets mondains. \u00abC\u2019est reparti\u00bb, s\u2019exclame-t-elle face cam\u00e9ra, dans cette bande-annonce aux allures de blockbuster hollywoodien.<\/p>\n<p class=\"sc-cPiKLX AiZTS text-element\">Le projet doit sortir au cin\u00e9ma le 30 janvier et sera disponible dans la foul\u00e9e sur la plateforme de streaming Amazon Prime Video. Un choix loin d\u2019\u00eatre anodin car derri\u00e8re ce qui est pr\u00e9sent\u00e9 comme \u00abun regard intime\u00bb sur son parcours \u00abexceptionnel\u00bb de Premi\u00e8re Dame, les coulisses de fabrication du documentaire s\u2019inscrivent, sans surprise, dans une logique trumpiste.<\/p>\n<p>L\u2019ombre de Jeff Bezos et son soutien \u00e0 Trump<\/p>\n<p class=\"sc-cPiKLX AiZTS text-element\">Si Melania Trump est la productrice ex\u00e9cutive du film, dont elle a eu \u00able contr\u00f4le \u00e9ditorial\u00bb selon la BBC, le documentaire est aussi une production Amazon Prime Video, filiale du groupe fond\u00e9 par <a href=\"https:\/\/www.liberation.fr\/international\/amerique\/musk-bezos-zuckerberg-fertitta-qui-sont-les-22-milliardaires-americains-presents-a-linvestiture-de-donald-trump-20250120_ISRQDY7IHJD7HOHLGCE4VJVV6M\/\" target=\"_blank\" rel=\"noopener\" title=\"https:\/\/www.liberation.fr\/international\/amerique\/musk-bezos-zuckerberg-fertitta-qui-sont-les-22-milliardaires-americains-presents-a-linvestiture-de-donald-trump-20250120_ISRQDY7IHJD7HOHLGCE4VJVV6M\/\">le milliardaire Jeff Bezos.<\/a> Ce dernier est l\u2019un des plus gros contributeurs, en son nom personnel et en celui de sa soci\u00e9t\u00e9, du fonds pour l\u2019investiture de Donald Trump, avec une dotation d\u2019un million d\u2019euros. La c\u00e9r\u00e9monie d\u2019investiture du pr\u00e9sident am\u00e9ricain avait \u00e9galement \u00e9t\u00e9 diffus\u00e9e en direct sur la plateforme Prime Video.<\/p>\n<p class=\"sc-cPiKLX AiZTS text-element\">Une mani\u00e8re pour Jeff Bezos <a href=\"https:\/\/www.liberation.fr\/economie\/economie-numerique\/entre-jeff-bezos-et-donald-trump-un-bras-de-fer-vite-degonfle-20250502_M24TUC6VOVHQ7NENJOTT3IIIHU\/\" target=\"_blank\" rel=\"noreferrer noopener\" title=\"https:\/\/www.liberation.fr\/economie\/economie-numerique\/entre-jeff-bezos-et-donald-trump-un-bras-de-fer-vite-degonfle-20250502_M24TUC6VOVHQ7NENJOTT3IIIHU\/\">d\u2019enterrer d\u00e9finitivement la hache de guerre avec Donald Trump<\/a>. Ce dernier l\u2019avait largement critiqu\u00e9 pendant une partie de son premier mandat, l\u2019accusant d\u2019utiliser le Washington Post, <a href=\"https:\/\/www.liberation.fr\/idees-et-debats\/opinions\/washington-post-vs-trump-la-capitulation-de-jeff-bezos-par-daniel-schneidermann-20241102_N6G55X22CJAFRMGJYJ62NQI27I\/\" target=\"_blank\" rel=\"noreferrer noopener\" title=\"https:\/\/www.liberation.fr\/idees-et-debats\/opinions\/washington-post-vs-trump-la-capitulation-de-jeff-bezos-par-daniel-schneidermann-20241102_N6G55X22CJAFRMGJYJ62NQI27I\/\">rachet\u00e9 par le milliardaire en 2013<\/a>, pour attaquer sa pr\u00e9sidence. Les droits de Melania, the Film, ont \u00e9t\u00e9 acquis pour 40 millions de dollars par Amazon, soit une transaction de plus dans l\u2019historique Bezos-Trump.<\/p>\n<p>Un r\u00e9alisateur \u00e9pingl\u00e9 par le mouvement Me Too<\/p>\n<p class=\"sc-cPiKLX AiZTS text-element\">Pour piloter le projet, Melania Trump et Amazon ont notamment fait appel \u00e0 une figure d\u2019Hollywood, tomb\u00e9e en disgr\u00e2ce lors du moment Me Too : le r\u00e9alisateur Brett Ratner, qui a r\u00e9alis\u00e9 la saga <a href=\"https:\/\/www.liberation.fr\/culture\/1999\/02\/03\/la-culture-du-navet-cette-semaine-rush-hourde-brett-ratner_263969\/\" target=\"_blank\" rel=\"noreferrer noopener\" title=\"https:\/\/www.liberation.fr\/culture\/1999\/02\/03\/la-culture-du-navet-cette-semaine-rush-hourde-brett-ratner_263969\/\">Rush Hour<\/a> et X-Men : l\u2019affrontement final. A la fin de l\u2019ann\u00e9e 2017, il avait \u00e9t\u00e9 accus\u00e9 de harc\u00e8lement et d\u2019agressions sexuelles par six femmes dont des actrices, notamment Natasha Henstridge, la \u00abmutante\u00bb des X-Men.<\/p>\n<p class=\"sc-cPiKLX AiZTS text-element\">Si aucune de ces affaires n\u2019a eu de suite judiciaire, Melania, the Film est le premier projet r\u00e9alis\u00e9 par Ratner depuis que les accusations le visant ont \u00e9t\u00e9 rendues publiques. Lors d\u2019une interview \u00e0 la cha\u00eene ABC, en 2018, Melania Trump avait indiqu\u00e9 apporter son soutien au mouvement Me Too, tout en rappelant qu\u2019il \u00abfallait des preuves\u00bb pour accuser quelqu\u2019un.<\/p>\n<p>Un sujet \u00ab\u00e0 l\u2019importance historique\u00bb selon Melania Trump<\/p>\n<p class=\"sc-cPiKLX AiZTS text-element\">Amazon Prime Video n\u2019a pas encore d\u00e9voil\u00e9 si le projet s\u2019appuiera sur <a href=\"https:\/\/www.liberation.fr\/international\/amerique\/elections-americaines-2024-avec-melania-lex-first-lady-se-livre-corps-et-ame-pour-soutenir-donald-trump-20240925_5RNA5M6CPJHOZJAHPRL56WIUJE\/\" target=\"_blank\" rel=\"noreferrer noopener\" title=\"https:\/\/www.liberation.fr\/international\/amerique\/elections-americaines-2024-avec-melania-lex-first-lady-se-livre-corps-et-ame-pour-soutenir-donald-trump-20240925_5RNA5M6CPJHOZJAHPRL56WIUJE\/\">Melania, l\u2019autobiographie de la Premi\u00e8re Dame, parue fin 2024<\/a>. En 250 pages, elle y narrait son quotidien de femme de pr\u00e9sident et faisait la part belle au <a href=\"https:\/\/www.liberation.fr\/debats\/2020\/09\/11\/la-tradwife-bobonne-epouse_1799096\/\" target=\"_blank\" rel=\"noopener\" title=\"https:\/\/www.liberation.fr\/debats\/2020\/09\/11\/la-tradwife-bobonne-epouse_1799096\/\">mouvement \u00abTrad Wife\u00bb<\/a>. \u00abMa priorit\u00e9 a toujours \u00e9t\u00e9 de veiller \u00e0 son bien-\u00eatre, en m\u2019occupant avec soin de tous les aspects de sa vie\u00bb, \u00e9crivait-elle. Reste \u00e0 savoir si le documentaire restera sur cette ligne, o\u00f9 s\u2019il rev\u00eatira une dimension plus politique, \u00e0 l\u2019heure o\u00f9 plusieurs observateurs remarquent une m\u00e9tamorphose dans <a href=\"https:\/\/www.liberation.fr\/lifestyle\/mode\/ceremonie-dinvestiture-melania-trump-et-son-chapeau-entre-theatralite-message-politique-et-critiques-sexistes-20250120_DB7VFYZERRH5LEVP3I7DVOAOUY\/\" target=\"_blank\" rel=\"noreferrer noopener\" title=\"https:\/\/www.liberation.fr\/lifestyle\/mode\/ceremonie-dinvestiture-melania-trump-et-son-chapeau-entre-theatralite-message-politique-et-critiques-sexistes-20250120_DB7VFYZERRH5LEVP3I7DVOAOUY\/\">la strat\u00e9gie de Melania Trump<\/a>.<\/p>\n<p class=\"sc-cPiKLX AiZTS text-element\">Per\u00e7ue comme en retrait lors du premier mandat de son mari, de 2017 \u00e0 2021, celle qui a \u00e9t\u00e9 \u00e9lue \u00abPatriote de l\u2019ann\u00e9e\u00bb, le 6 novembre, lors des Fox Nation Patriot Awards 2025 semble d\u00e9sormais plus pr\u00e9sente et <a href=\"https:\/\/www.liberation.fr\/international\/amerique\/melania-trump-defend-avec-passion-le-droit-a-lavortement-largement-torpille-par-son-mari-20241003_EFKLDND65ZBAVARO5TD2HDFQ5A\/\" target=\"_blank\" rel=\"noreferrer noopener\" title=\"https:\/\/www.liberation.fr\/international\/amerique\/melania-trump-defend-avec-passion-le-droit-a-lavortement-largement-torpille-par-son-mari-20241003_EFKLDND65ZBAVARO5TD2HDFQ5A\/\">davantage ma\u00eetresse de son image<\/a>. En t\u00e9moignent les grandes ambitions affich\u00e9es sur la cha\u00eene am\u00e9ricaine Fox News par la Premi\u00e8re Dame pour son documentaire, en janvier 2025 : \u00abCompte tenu de l\u2019importance historique du sujet, il \u00e9tait imp\u00e9ratif pour moi de produire un film d\u2019une qualit\u00e9 cin\u00e9matographique irr\u00e9prochable, destin\u00e9 exclusivement aux salles de cin\u00e9ma du monde entier.\u00bb<\/p>\n","protected":false},"excerpt":{"rendered":"\u00abTeaser sensationnel\u00bb, \u00abbande-annonce all\u00e9chante\u00bb\u2026 Dans la presse, les superlatifs ne manquent pas pour qualifier les premi\u00e8res images du&hellip;\n","protected":false},"author":2,"featured_media":607912,"comment_status":"","ping_status":"","sticky":false,"template":"","format":"standard","meta":{"footnotes":""},"categories":[1354],"tags":[4239,58,75,59,73,1346,1011,27,697,1360],"class_list":{"0":"post-607911","1":"post","2":"type-post","3":"status-publish","4":"format-standard","5":"has-post-thumbnail","7":"category-films","8":"tag-amazon","9":"tag-divertissement","10":"tag-donald-trump","11":"tag-entertainment","12":"tag-etats-unis","13":"tag-films","14":"tag-fr","15":"tag-france","16":"tag-jeff-bezos","17":"tag-movies"},"share_on_mastodon":{"url":"https:\/\/pubeurope.com\/@fr\/115741859836159162","error":""},"_links":{"self":[{"href":"https:\/\/www.europesays.com\/fr\/wp-json\/wp\/v2\/posts\/607911","targetHints":{"allow":["GET"]}}],"collection":[{"href":"https:\/\/www.europesays.com\/fr\/wp-json\/wp\/v2\/posts"}],"about":[{"href":"https:\/\/www.europesays.com\/fr\/wp-json\/wp\/v2\/types\/post"}],"author":[{"embeddable":true,"href":"https:\/\/www.europesays.com\/fr\/wp-json\/wp\/v2\/users\/2"}],"replies":[{"embeddable":true,"href":"https:\/\/www.europesays.com\/fr\/wp-json\/wp\/v2\/comments?post=607911"}],"version-history":[{"count":0,"href":"https:\/\/www.europesays.com\/fr\/wp-json\/wp\/v2\/posts\/607911\/revisions"}],"wp:featuredmedia":[{"embeddable":true,"href":"https:\/\/www.europesays.com\/fr\/wp-json\/wp\/v2\/media\/607912"}],"wp:attachment":[{"href":"https:\/\/www.europesays.com\/fr\/wp-json\/wp\/v2\/media?parent=607911"}],"wp:term":[{"taxonomy":"category","embeddable":true,"href":"https:\/\/www.europesays.com\/fr\/wp-json\/wp\/v2\/categories?post=607911"},{"taxonomy":"post_tag","embeddable":true,"href":"https:\/\/www.europesays.com\/fr\/wp-json\/wp\/v2\/tags?post=607911"}],"curies":[{"name":"wp","href":"https:\/\/api.w.org\/{rel}","templated":true}]}}