{"id":607922,"date":"2025-12-18T18:01:25","date_gmt":"2025-12-18T18:01:25","guid":{"rendered":"https:\/\/www.europesays.com\/fr\/607922\/"},"modified":"2025-12-18T18:01:25","modified_gmt":"2025-12-18T18:01:25","slug":"les-propheties-de-nostradamus-pour-2026-le-roi-donald-trump-la-guerre-generalisee-le-declin-de-loccident-et-lia","status":"publish","type":"post","link":"https:\/\/www.europesays.com\/fr\/607922\/","title":{"rendered":"Les proph\u00e9ties de Nostradamus pour 2026 : le roi Donald Trump, la guerre g\u00e9n\u00e9ralis\u00e9e, le d\u00e9clin de l&rsquo;Occident et l&rsquo;IA"},"content":{"rendered":"<p>\n  Par&amp;nbsp<b>euronews Rome<\/b>\n<\/p>\n<p>\n         Publi\u00e9 le<br \/>\n            18\/12\/2025 &#8211; 15:52 UTC+1\n            <\/p>\n<p>Comme d&rsquo;habitude, les <a href=\"https:\/\/fr.euronews.com\/culture\/2023\/12\/17\/2024-selon-nostradamus-un-nouveau-pape-harry-sur-le-trone-et-une-guerre-avec-la-chine\" target=\"_blank\" rel=\"noopener\"><strong>pr\u00e9dictions de Nostradamus<\/strong><\/a> reviennent sur le devant de la sc\u00e8ne en cette fin d&rsquo;ann\u00e9e. L&rsquo;astrologue et voyant fran\u00e7ais du XVIe si\u00e8cle, Michel de Nostredame, est depuis longtemps r\u00e9put\u00e9 pour avoir pr\u00e9dit des \u00e9v\u00e9nements historiques importants.<\/p>\n<p>\u00c0 l&rsquo;approche de 2026, l&rsquo;int\u00e9r\u00eat se porte de plus en plus sur les pr\u00e9dictions possibles contenues dans les Proph\u00e9ties, le c\u00e9l\u00e8bre recueil de quatrains du voyant.<\/p>\n<p>De nouvelles interpr\u00e9tations de ses \u00e9crits <strong>font \u00e9tat d&rsquo;une ann\u00e9e 2026 turbulente<\/strong>, caract\u00e9ris\u00e9e par un \u00ab\u00a0grand essaim\u00a0\u00bb, des r\u00e9f\u00e9rences au \u00ab\u00a0sang\u00a0\u00bb, une escalade du conflit Est-Ouest et la mont\u00e9e en puissance d&rsquo;un leader que certains lecteurs associent au pr\u00e9sident am\u00e9ricain Donald Trump, surnomm\u00e9 \u00ab\u00a0King Donald\u00a0\u00bb par les interpr\u00e8tes_._<\/p>\n<p>Bien que ses proph\u00e9ties soient notoirement \u00e9nigmatiques, de nouvelles lectures sugg\u00e8rent \u00e0 la fois des \u00e9v\u00e9nements inqui\u00e9tants et la possibilit\u00e9 d&rsquo;un renouveau \u00e9ventuel.<\/p>\n<p>Nostradamus a publi\u00e9 pour la premi\u00e8re fois son recueil Les Proph\u00e9ties en 1555, contenant 942 quatrains r\u00e9dig\u00e9s dans un m\u00e9lange de latin archa\u00efque et de phrases fran\u00e7aises m\u00e9di\u00e9vales. Au fil des si\u00e8cles, son \u0153uvre a \u00e9t\u00e9 associ\u00e9e \u00e0 des \u00e9v\u00e9nements d&rsquo;importance mondiale, du grand incendie de Londres \u00e0 la bombe atomique sur Hiroshima et Nagasaki et, plus r\u00e9cemment, \u00e0 la pand\u00e9mie de grippe aviaire.<\/p>\n<p>\u00c0 l&rsquo;approche de 2026, plusieurs quatrains ont suscit\u00e9 un regain d&rsquo;int\u00e9r\u00eat en raison des parall\u00e8les qu&rsquo;ils \u00e9tablissent avec le contexte g\u00e9opolitique actuel.<\/p>\n<p>Faut-il s&rsquo;attendre \u00e0 de nouvelles catastrophes naturelles ?<\/p>\n<p>L&rsquo;un des th\u00e8mes r\u00e9currents des pr\u00e9tendues proph\u00e9ties de Nostradamus est celui des catastrophes naturelles. Nombreux sont ceux qui pensent que des symboles tels que le <strong>\u00ab\u00a0feu du ciel\u00a0\u00bb<\/strong> peuvent pr\u00e9dire des \u00e9v\u00e9nements m\u00e9t\u00e9orologiques extr\u00eames pour 2026, en lien avec les effets du changement climatique.<\/p>\n<p>D&rsquo;autres quatrains examin\u00e9s mettent en garde contre une \u00e9ventuelle crise financi\u00e8re. Certains mentionnent des\u00a0\u00bbmonnaies corrompues\u00a0\u00bb et des \u00ab\u00a0march\u00e9s agit\u00e9s\u00a0\u00bb : selon ces interpr\u00e9tations, l&rsquo;ann\u00e9e prochaine pourrait \u00eatre marqu\u00e9e par un nouveau cycle \u00e9conomique n\u00e9gatif.<\/p>\n<p>Le \u00ab\u00a0grand essaim d&rsquo;abeilles\u00a0\u00bb est une mise en garde contre les dirigeants puissants<\/p>\n<p>L&rsquo;un des versets les plus discut\u00e9s mentionne un \u00ab\u00a0grand essaim d&rsquo;abeilles\u00a0\u00bb \u00e9mergeant de l&rsquo;obscurit\u00e9 de la nuit. Les analystes interpr\u00e8tent cet \u00ab\u00a0essaim\u00a0\u00bb comme un symbole d&rsquo;acteurs politiques influents, potentiellement des personnalit\u00e9s telles que Donald Trump ou Vladimir Poutine.<\/p>\n<p>Selon ces interpr\u00e9tations, l'\u00a0\u00bbessaim\u00a0\u00bb pourrait signifier des victoires ou des man\u0153uvres audacieuses de la part de dirigeants de premier plan au cours de l&rsquo;ann\u00e9e \u00e0 venir. Certains sugg\u00e8rent que la phrase pourrait faire allusion \u00e0 de nouvelles n\u00e9gociations au Moyen-Orient men\u00e9es par Trump ou \u00e0 des tournants g\u00e9opolitiques \u00e0 l&rsquo;avantage de la Russie dans le contexte de l&rsquo;invasion de l&rsquo;Ukraine.<\/p>\n<p>\u00ab\u00a0Tout sera inond\u00e9 de sang\u00a0\u00bb : la tension d\u00e9passe les fronti\u00e8res de l&rsquo;Europe<\/p>\n<p>Un autre verset faisant r\u00e9f\u00e9rence au Tessin, le canton suisse m\u00e9ridional qui borde l&rsquo;Italie du Nord, indique que la r\u00e9gion sera \u00ab\u00a0inond\u00e9e de sang\u00a0\u00bb. Bien qu&rsquo;il n&rsquo;y ait pas de consensus sur la signification exacte de ce verset, les analystes pensent que le voyant fait allusion \u00e0 de nouveaux troubles en Europe. Cette r\u00e9f\u00e9rence est interpr\u00e9t\u00e9e comme le symbole d&rsquo;un conflit plus large qui pourrait s&rsquo;\u00e9tendre aux corridors europ\u00e9ens d\u00e9j\u00e0 en proie \u00e0 des tensions politiques et \u00e0 une mobilisation militaire.<\/p>\n<p>Un autre quatrain, \u00ab\u00a0Sept mois de grande guerre, des gens morts \u00e0 cause du mal\u00a0\u00bb, a \u00e9t\u00e9 associ\u00e9 par certains lecteurs \u00e0 un conflit prolong\u00e9 impliquant des dirigeants r\u00e9solus dans leurs strat\u00e9gies. Des commentateurs ont \u00e9mis l&rsquo;hypoth\u00e8se que ce quatrain pourrait faire r\u00e9f\u00e9rence au pr\u00e9sident ukrainien Volodymyr Zelensky ou \u00e0 Donald Trump, que certains adeptes de Nostradamus surnomment \u00ab\u00a0King Donald\u00a0\u00bb dans leurs lectures sp\u00e9culatives.<\/p>\n<p>Mars aux commandes, la guerre \u00e0 grande \u00e9chelle et le d\u00e9clin de l&rsquo;Occident<\/p>\n<p>L&rsquo;une des r\u00e9f\u00e9rences les plus frappantes appara\u00eet dans les versets d\u00e9taillant le mouvement de Mars, le dieu romain de la guerre. Nostradamus a \u00e9crit que lorsque Mars \u00ab\u00a0tracera son chemin parmi les \u00e9toiles\u00a0\u00bb, le sang \u00ab\u00a0arrosera le sanctuaire\u00a0\u00bb. Les analystes y voient le signe d&rsquo;une escalade de la guerre mondiale en 2026, qui pourrait impliquer l&rsquo;Europe occidentale et les puissances asiatiques.<\/p>\n<p>Un autre verset, \u00ab\u00a0Trois feux s&rsquo;\u00e9l\u00e8vent des c\u00f4t\u00e9s orientaux, tandis que l&rsquo;Occident perd tranquillement sa lumi\u00e8re\u00a0\u00bb, est interpr\u00e9t\u00e9 comme refl\u00e9tant le changement de l&rsquo;\u00e9quilibre mondial des pouvoirs, l&rsquo;Orient gagnant en domination et l&rsquo;Occident \u00e9tant confront\u00e9 \u00e0 des revers strat\u00e9giques ou technologiques.<\/p>\n<p>Entre l&rsquo;IA et changements de pouvoir : 2026 sera-t-il un tournant pour Nostradamus ?<\/p>\n<p>Ces derni\u00e8res ann\u00e9es, l&rsquo;int\u00e9r\u00eat pour les pr\u00e9tendues proph\u00e9ties technologiques de Nostradamus s&rsquo;est consid\u00e9rablement accru. Certains interpr\u00e8tes lisent dans ses vers des allusions \u00e0 l&rsquo;intelligence artificielle, aux syst\u00e8mes de communication et m\u00eame \u00e0 l&rsquo;automatisation avanc\u00e9e. Selon certaines th\u00e9ories, 2026 pourrait repr\u00e9senter un tournant technologique.<\/p>\n<p>Certains chercheurs modernes pensent que la phrase de Nostradamus selon laquelle l&rsquo;Occident perdrait sa \u00ab\u00a0lumi\u00e8re dans le silence\u00a0\u00bb pourrait se r\u00e9f\u00e9rer m\u00e9taphoriquement aux progr\u00e8s rapides de l&rsquo;intelligence artificielle en Chine, au Japon et dans d&rsquo;autres pays de l&rsquo;Est. Selon eux, les bouleversements \u00e9conomiques provoqu\u00e9s par l&rsquo;automatisation pourraient remettre en question les march\u00e9s du travail occidentaux, ce qui risquerait d&rsquo;alt\u00e9rer les trajectoires \u00e9conomiques mondiales.<\/p>\n<p>Malgr\u00e9 le ton sombre de nombreux quatrains, les pr\u00e9dictions de Nostradamus pour 2026 se terminent par une perspective optimiste : \u00ab\u00a0Les ombres tomberont, mais l&rsquo;homme de lumi\u00e8re se l\u00e8vera\u00a0\u00bb. Cela a \u00e9t\u00e9 interpr\u00e9t\u00e9 comme un message symbolique de renouveau collectif, indiquant peut-\u00eatre un nouveau dirigeant, une vision du monde red\u00e9finie ou un changement social qui privil\u00e9gie les relations humaines par rapport \u00e0 la technologie.<\/p>\n<p>Des chercheurs plus prudents soulignent que les versets contenus dans les Proph\u00e9ties sont m\u00e9taphoriques et peuvent se r\u00e9f\u00e9rer \u00e0 n&rsquo;importe quelle \u00e9poque.<\/p>\n<p>Leur interpr\u00e9tation suscite chaque ann\u00e9e un grand int\u00e9r\u00eat, mais les liens avec l&rsquo;actualit\u00e9, plut\u00f4t que de v\u00e9ritables pr\u00e9dictions, d\u00e9coulent de lectures modernes qui r\u00e9pondent \u00e0 nos questions et \u00e0 nos craintes, en abordant des th\u00e8mes li\u00e9s aux guerres, aux crises \u00e9conomiques, aux catastrophes naturelles et aux r\u00e9volutions technologiques qui peuplent le d\u00e9bat public contemporain bien plus qu&rsquo;\u00e0 l&rsquo;\u00e9poque de Nostradamus, au XVIe si\u00e8cle.<\/p>\n","protected":false},"excerpt":{"rendered":"Par&amp;nbspeuronews Rome Publi\u00e9 le 18\/12\/2025 &#8211; 15:52 UTC+1 Comme d&rsquo;habitude, les pr\u00e9dictions de Nostradamus reviennent sur le devant&hellip;\n","protected":false},"author":2,"featured_media":607923,"comment_status":"","ping_status":"","sticky":false,"template":"","format":"standard","meta":{"footnotes":""},"categories":[5],"tags":[11,4732,1011,27,1146,14,1351,12,28],"class_list":{"0":"post-607922","1":"post","2":"type-post","3":"status-publish","4":"format-standard","5":"has-post-thumbnail","7":"category-international","8":"tag-actualites","9":"tag-catastrophe-naturelle","10":"tag-fr","11":"tag-france","12":"tag-guerre","13":"tag-international","14":"tag-litterature","15":"tag-news","16":"tag-world"},"share_on_mastodon":{"url":"https:\/\/pubeurope.com\/@fr\/115741883429735488","error":""},"_links":{"self":[{"href":"https:\/\/www.europesays.com\/fr\/wp-json\/wp\/v2\/posts\/607922","targetHints":{"allow":["GET"]}}],"collection":[{"href":"https:\/\/www.europesays.com\/fr\/wp-json\/wp\/v2\/posts"}],"about":[{"href":"https:\/\/www.europesays.com\/fr\/wp-json\/wp\/v2\/types\/post"}],"author":[{"embeddable":true,"href":"https:\/\/www.europesays.com\/fr\/wp-json\/wp\/v2\/users\/2"}],"replies":[{"embeddable":true,"href":"https:\/\/www.europesays.com\/fr\/wp-json\/wp\/v2\/comments?post=607922"}],"version-history":[{"count":0,"href":"https:\/\/www.europesays.com\/fr\/wp-json\/wp\/v2\/posts\/607922\/revisions"}],"wp:featuredmedia":[{"embeddable":true,"href":"https:\/\/www.europesays.com\/fr\/wp-json\/wp\/v2\/media\/607923"}],"wp:attachment":[{"href":"https:\/\/www.europesays.com\/fr\/wp-json\/wp\/v2\/media?parent=607922"}],"wp:term":[{"taxonomy":"category","embeddable":true,"href":"https:\/\/www.europesays.com\/fr\/wp-json\/wp\/v2\/categories?post=607922"},{"taxonomy":"post_tag","embeddable":true,"href":"https:\/\/www.europesays.com\/fr\/wp-json\/wp\/v2\/tags?post=607922"}],"curies":[{"name":"wp","href":"https:\/\/api.w.org\/{rel}","templated":true}]}}