{"id":607928,"date":"2025-12-18T18:04:20","date_gmt":"2025-12-18T18:04:20","guid":{"rendered":"https:\/\/www.europesays.com\/fr\/607928\/"},"modified":"2025-12-18T18:04:20","modified_gmt":"2025-12-18T18:04:20","slug":"loire-un-obus-deterre-au-lycee-claude-lebois-de-saint-chamond-1500-personnes-evacuees","status":"publish","type":"post","link":"https:\/\/www.europesays.com\/fr\/607928\/","title":{"rendered":"Loire. Un obus d\u00e9terr\u00e9 au lyc\u00e9e Claude-Lebois de Saint-Chamond\u00a0: 1500 personnes \u00e9vacu\u00e9es"},"content":{"rendered":"<p>Le lyc\u00e9e Claude-Lebois est inhabituellement d\u00e9sert ce jeudi \u00e0 16\u00a0h\u00a030. \u00c0 ses abords, on croise Ibrahim, l\u2019un des rares \u00e9l\u00e8ves \u00e0 \u00eatre encore pr\u00e9sent \u00e0 proximit\u00e9 de l\u2019\u00e9tablissement situ\u00e9 boulevard Alamagny. Et pour cause, il ne pouvait pas passer pour rentrer chez lui. Deux heures plus t\u00f4t, comme lui, 1\u00a0300 de ses camarades ainsi que 200 adultes ont d\u00fb quitter les lieux en moins de dix minutes.<\/p>\n<p>\u00ab\u00a0J\u2019\u00e9tais en cours quand le CPE est venu pour nous demander d\u2019\u00e9vacuer. Ils nous ont fait sortir par l\u2019entr\u00e9e des profs. On ne savait pas trop ce qu\u2019il se passait. On a vu la police, puis le d\u00e9minage. On a entendu parler d\u2019un obus. Tout le monde \u00e9tait un peu agit\u00e9\u00a0\u00bb, t\u00e9moigne le lyc\u00e9en de Terminale qui attend encore de savoir s\u2019il aura cours le lendemain.<\/p>\n<p>  Un obus d\u2019une trentaine de centim\u00e8tres<\/p>\n<p>La cause de toute cette agitation\u00a0: la pr\u00e9sence effectivement d\u2019un engin potentiellement dangereux sur le site. \u00ab\u00a0Nous effectuons actuellement des travaux sur le parvis de l\u2019\u00e9tablissement pour r\u00e9parer des canalisations d\u2019eau. En d\u00e9but d\u2019apr\u00e8s-midi, les ouvriers nous ont alert\u00e9s qu\u2019ils avaient d\u00e9terr\u00e9 un obus de petite taille. Il faisait une trentaine de centim\u00e8tres\u00a0\u00bb, relate Patrice Mallet, le proviseur.<\/p>\n<p>La proc\u00e9dure ad\u00e9quate est alors enclench\u00e9e\u00a0: la police est appel\u00e9e, laquelle pr\u00e9vient \u00e0 son tour <a href=\"https:\/\/www.leprogres.fr\/defense-guerre-conflit\/2022\/04\/17\/grenades-bombes-obus-le-perilleux-quotidien-des-demineurs-de-corbas\" target=\"_blank\" rel=\"noopener\">les d\u00e9mineurs de Lyon<\/a>. Le proviseur contacte \u00e9galement ses autorit\u00e9s acad\u00e9miques et la d\u00e9cision d\u2019\u00e9vacuation est prise, par une zone de repli puisque l\u2019obus a \u00e9t\u00e9 trouv\u00e9 \u00e0 l\u2019entr\u00e9e de l\u2019\u00e9tablissement. Les parents sont pr\u00e9venus une premi\u00e8re fois de la situation.<\/p>\n<p>\u00ab\u00a0Il n\u2019y avait pas de mise \u00e0 feu\u00a0\u00bb<\/p>\n<p>Rapidement sur place, les policiers de la circonscription du Gier et de la police municipale \u00e9tablissent un p\u00e9rim\u00e8tre de s\u00e9curit\u00e9 avant l\u2019intervention des sp\u00e9cialistes. \u00ab\u00a0Le d\u00e9minage est arriv\u00e9 au bout d\u2019environ quarante minutes. Ils ont rapidement estim\u00e9 que l\u2019obus \u00e9tait inoffensif, car il n\u2019y avait pas de mise \u00e0 feu. Ils ont v\u00e9rifi\u00e9 la zone pour s\u2019assurer qu\u2019il n\u2019y avait pas d\u2019autres engins \u00e0 proximit\u00e9, puis ont retir\u00e9 l\u2019obus\u00a0\u00bb, retrace Patrice Mallet.<\/p>\n<p>L\u2019\u00e9tablissement rouvre ce vendredi<\/p>\n<p>L\u2019alerte peut alors \u00eatre lev\u00e9e. Quant \u00e0 l\u2019origine de cet engin de guerre, le proviseur n\u2019a pas de r\u00e9ponse certaine. \u00ab\u00a0On pense \u00e0 la Deuxi\u00e8me Guerre mondiale. Apr\u00e8s, on est sur un ancien site Giat, il y a eu de la fabrication d\u2019armes\u2026 Un d\u00e9mineur a \u00e9mis l\u2019hypoth\u00e8se aussi qu\u2019il a pu appara\u00eetre l\u00e0 \u00e0 la faveur de remblais.\u00a0\u00bb<\/p>\n<p>En fin de journ\u00e9e, le proviseur a pu rassurer tout le monde par mail, et informer les \u00e9l\u00e8ves qu\u2019ils ne partiront pas en vacances plus t\u00f4t que pr\u00e9vu, et auront bien cours ce vendredi.<\/p>\n","protected":false},"excerpt":{"rendered":"Le lyc\u00e9e Claude-Lebois est inhabituellement d\u00e9sert ce jeudi \u00e0 16\u00a0h\u00a030. \u00c0 ses abords, on croise Ibrahim, l\u2019un des&hellip;\n","protected":false},"author":2,"featured_media":607929,"comment_status":"","ping_status":"","sticky":false,"template":"","format":"standard","meta":{"footnotes":""},"categories":[9653],"tags":[1111,11,2430,7539,1777,674,274,107,1011,27,3367,12,25,9669,9670,4001],"class_list":{"0":"post-607928","1":"post","2":"type-post","3":"status-publish","4":"format-standard","5":"has-post-thumbnail","7":"category-saint-etienne","8":"tag-actu","9":"tag-actualites","10":"tag-auvergne-rhone-alpes","11":"tag-edition-loire-sud","12":"tag-eu","13":"tag-europe","14":"tag-faits-divers-justice","15":"tag-fil-info","16":"tag-fr","17":"tag-france","18":"tag-loire","19":"tag-news","20":"tag-republique-francaise","21":"tag-saint-chamond","22":"tag-saint-chamond-ville","23":"tag-saint-etienne"},"share_on_mastodon":{"url":"https:\/\/pubeurope.com\/@fr\/115741895258873641","error":""},"_links":{"self":[{"href":"https:\/\/www.europesays.com\/fr\/wp-json\/wp\/v2\/posts\/607928","targetHints":{"allow":["GET"]}}],"collection":[{"href":"https:\/\/www.europesays.com\/fr\/wp-json\/wp\/v2\/posts"}],"about":[{"href":"https:\/\/www.europesays.com\/fr\/wp-json\/wp\/v2\/types\/post"}],"author":[{"embeddable":true,"href":"https:\/\/www.europesays.com\/fr\/wp-json\/wp\/v2\/users\/2"}],"replies":[{"embeddable":true,"href":"https:\/\/www.europesays.com\/fr\/wp-json\/wp\/v2\/comments?post=607928"}],"version-history":[{"count":0,"href":"https:\/\/www.europesays.com\/fr\/wp-json\/wp\/v2\/posts\/607928\/revisions"}],"wp:featuredmedia":[{"embeddable":true,"href":"https:\/\/www.europesays.com\/fr\/wp-json\/wp\/v2\/media\/607929"}],"wp:attachment":[{"href":"https:\/\/www.europesays.com\/fr\/wp-json\/wp\/v2\/media?parent=607928"}],"wp:term":[{"taxonomy":"category","embeddable":true,"href":"https:\/\/www.europesays.com\/fr\/wp-json\/wp\/v2\/categories?post=607928"},{"taxonomy":"post_tag","embeddable":true,"href":"https:\/\/www.europesays.com\/fr\/wp-json\/wp\/v2\/tags?post=607928"}],"curies":[{"name":"wp","href":"https:\/\/api.w.org\/{rel}","templated":true}]}}