{"id":60793,"date":"2025-04-29T03:09:12","date_gmt":"2025-04-29T03:09:12","guid":{"rendered":"https:\/\/www.europesays.com\/fr\/60793\/"},"modified":"2025-04-29T03:09:12","modified_gmt":"2025-04-29T03:09:12","slug":"pas-de-robots-de-cuisine-ni-doutils-de-jardinage-quel-est-ce-nouveau-concept-teste-par-lidl-pres-de-paris-28-04-2025-a-1503","status":"publish","type":"post","link":"https:\/\/www.europesays.com\/fr\/60793\/","title":{"rendered":"Pas de robots de cuisine ni d&rsquo;outils de jardinage : quel est ce nouveau concept test\u00e9 par Lidl pr\u00e8s de Paris ? &#8211; 28\/04\/2025 \u00e0 15:03"},"content":{"rendered":"<p>        <img fetchpriority=\"high\" decoding=\"async\" src=\"https:\/\/www.europesays.com\/fr\/wp-content\/uploads\/2025\/04\/88a532be8e88ba23780578c7cfb453cd-760x738.jpg\" alt=\"Un nouveau magasin Lidl a ouvert \u00e0 Versailles. (illustration) (127071 \/ Pixabay)\" loading=\"eager\" width=\"760\" height=\"738\" style=\"max-width: 100%!important; height: auto;\"\/><\/p>\n<p class=\"c-image-news__legend\">Un nouveau magasin Lidl a ouvert \u00e0 Versailles. (illustration) (127071 \/ Pixabay)<\/p>\n<p><strong><br \/>\n Un magasin Lidl a ouvert \u00e0 Versailles (Yvelines) le 24 avril dernier, le premier dans cette ville. Plus petit, il propose uniquement des produits \u00ab essentiels \u00bb, sans v\u00eatements ni robots de cuisine par exemple. Les caisses, elles, sont 100% automatiques.<br \/>\n<\/strong><\/p>\n<p>\n Lidl a ouvert son tout premier magasin \u00e0 Versailles (Yvelines), en face de la gare des Chantiers, jeudi 24 avril. L&rsquo;occasion pour l&rsquo;enseigne discount de pr\u00e9senter une nouvelle formule, rapporte<\/p>\n<p>  <a href=\"https:\/\/www.leparisien.fr\/yvelines-78\/plus-petit-aucun-caissier-pour-son-premier-magasin-tres-attendu-a-versailles-lidl-adopte-une-formule-inedite-25-04-2025-HAXIXNPSY5FD3KPVLO5QAREYMU.php\" rel=\"nofollow noopener noreferrer\" target=\"_blank\"><br \/>\n   Le Parisien<br \/>\n  <\/a><\/p>\n<p> . \u00c0 commencer par sa taille. Si un Lidl fait en moyenne 1 400 m\u00b2, celui de Versailles se limite \u00e0 650 m\u00b2. Autre changement majeur : toutes les caisses sont automatiques.\n<\/p>\n<p>\n Les fid\u00e8les de Lidl seront \u00e9galement surpris par les produits propos\u00e9s, soit uniquement de l&rsquo;alimentaire.<\/p>\n<p>  \u00ab On est sur un commerce de proximit\u00e9 avec une gamme de produits essentiels,<\/p>\n<p> a expliqu\u00e9 au Parisien un cadre de l&rsquo;enseigne<\/p>\n<p>  . Avec notre localisation notamment, on s&rsquo;attend \u00e0 avoir une client\u00e8le passante, qui va venir faire des courses d&rsquo;appoint \u00bb<\/p>\n<p> . La marque ne propose donc pas dans son magasin versaillais ces produits qui ont grandement particip\u00e9 \u00e0 son succ\u00e8s ces derni\u00e8res ann\u00e9es : robots de cuisine, mat\u00e9riel de jardinage etc.\n<\/p>\n<p> Des prix plus abordables pour les Versaillais<\/p>\n<p>\n Les supermarch\u00e9s de la ville font partie des plus chers de France, rappellent le quotidien francilien. L&rsquo;arriv\u00e9e de Lidl devrait ainsi permettre aux habitants de profiter de prix plus abordables.\n<\/p>\n<p>\n L&rsquo;enseigne, con\u00e7ue pour<\/p>\n<p>  \u00ab s&rsquo;adapter au lieu et \u00e0 la client\u00e8le \u00bb<\/p>\n<p> selon Sabrina Benaddi, responsable immobilier r\u00e9gional chez Lidl France, a \u00e9galement revu l&rsquo;organisation de son int\u00e9rieur. Le Lidl de Versailles, sur deux niveaux, partage ses locaux avec une salle de sport Basic Fit. Un<\/p>\n<p>  \u00ab concept atypique \u00bb<\/p>\n<p> et<\/p>\n<p>  \u00ab loin \u00bb<\/p>\n<p> des standards du groupe.<\/p>\n","protected":false},"excerpt":{"rendered":"Un nouveau magasin Lidl a ouvert \u00e0 Versailles. (illustration) (127071 \/ Pixabay) Un magasin Lidl a ouvert \u00e0&hellip;\n","protected":false},"author":2,"featured_media":60794,"comment_status":"","ping_status":"","sticky":false,"template":"","format":"standard","meta":{"footnotes":""},"categories":[1888],"tags":[400,1111,1928,11,1927,398,408,405,1777,674,1011,27,403,402,399,404,12,1926,626,1925,25,401,406,407],"class_list":{"0":"post-60793","1":"post","2":"type-post","3":"status-publish","4":"format-standard","5":"has-post-thumbnail","7":"category-paris","8":"tag-action-cac-40","9":"tag-actu","10":"tag-actu-paris","11":"tag-actualites","12":"tag-actualites-paris","13":"tag-bourse-de-paris","14":"tag-boursorama","15":"tag-cotations","16":"tag-eu","17":"tag-europe","18":"tag-fr","19":"tag-france","20":"tag-indices-devises","21":"tag-investir","22":"tag-investissement","23":"tag-marche-boursier","24":"tag-news","25":"tag-news-paris","26":"tag-paris","27":"tag-paris-news","28":"tag-republique-francaise","29":"tag-sicav","30":"tag-trackers","31":"tag-warrants"},"share_on_mastodon":{"url":"https:\/\/pubeurope.com\/@fr\/114419057478457267","error":""},"_links":{"self":[{"href":"https:\/\/www.europesays.com\/fr\/wp-json\/wp\/v2\/posts\/60793","targetHints":{"allow":["GET"]}}],"collection":[{"href":"https:\/\/www.europesays.com\/fr\/wp-json\/wp\/v2\/posts"}],"about":[{"href":"https:\/\/www.europesays.com\/fr\/wp-json\/wp\/v2\/types\/post"}],"author":[{"embeddable":true,"href":"https:\/\/www.europesays.com\/fr\/wp-json\/wp\/v2\/users\/2"}],"replies":[{"embeddable":true,"href":"https:\/\/www.europesays.com\/fr\/wp-json\/wp\/v2\/comments?post=60793"}],"version-history":[{"count":0,"href":"https:\/\/www.europesays.com\/fr\/wp-json\/wp\/v2\/posts\/60793\/revisions"}],"wp:featuredmedia":[{"embeddable":true,"href":"https:\/\/www.europesays.com\/fr\/wp-json\/wp\/v2\/media\/60794"}],"wp:attachment":[{"href":"https:\/\/www.europesays.com\/fr\/wp-json\/wp\/v2\/media?parent=60793"}],"wp:term":[{"taxonomy":"category","embeddable":true,"href":"https:\/\/www.europesays.com\/fr\/wp-json\/wp\/v2\/categories?post=60793"},{"taxonomy":"post_tag","embeddable":true,"href":"https:\/\/www.europesays.com\/fr\/wp-json\/wp\/v2\/tags?post=60793"}],"curies":[{"name":"wp","href":"https:\/\/api.w.org\/{rel}","templated":true}]}}