{"id":607940,"date":"2025-12-18T18:10:14","date_gmt":"2025-12-18T18:10:14","guid":{"rendered":"https:\/\/www.europesays.com\/fr\/607940\/"},"modified":"2025-12-18T18:10:14","modified_gmt":"2025-12-18T18:10:14","slug":"sept-personnes-arretees-trois-mois-apres-les-violences-perpetrees-a-montpellier-en-marge-de-la-manifestation-du-18-septembre","status":"publish","type":"post","link":"https:\/\/www.europesays.com\/fr\/607940\/","title":{"rendered":"Sept personnes arr\u00eat\u00e9es trois mois apr\u00e8s les violences perp\u00e9tr\u00e9es \u00e0 Montpellier en marge de la manifestation du 18\u00a0septembre"},"content":{"rendered":"<p>\n                                                                Le 18\u00a0septembre dernier, dans le quartier des\u00a0Beaux-Arts \u00e0 Montpellier, un homme avait \u00e9t\u00e9 violemment frapp\u00e9 par un groupe d\u2019individus v\u00eatus de noir, d\u00e9sign\u00e9s comme \u00e9tant de l\u2019ultra droite. L\u2019enqu\u00eate a permis d\u2019en interpeller sept qui ont \u00e9t\u00e9 plac\u00e9s en garde \u00e0 vue ce jeudi 18\u00a0d\u00e9cembre.\n                            <\/p>\n<p>Selon nos informations, sept personnes ont \u00e9t\u00e9 interpell\u00e9es et plac\u00e9es en garde \u00e0 vue, ce jeudi 18\u00a0d\u00e9cembre, au commissariat central de Montpellier, dans le cadre de l\u2019enqu\u00eate sur les violences survenues en marge de la <a href=\"https:\/\/www.midilibre.fr\/2025\/09\/25\/des-individus-manifestement-issus-de-lultra-droite-enquete-apres-un-passage-a-tabac-en-marge-de-la-manifestation-du-18-septembre-12950483.php\" target=\"_self\" rel=\"noopener\">manifestation syndicale du 18\u00a0septembre dernier, place des Beaux-Arts<\/a>. Les suspects ont \u00e9t\u00e9 arr\u00eat\u00e9s trois mois jour pour jour apr\u00e8s ces faits qualifi\u00e9s d\u2019une \u00ab\u00a0extr\u00eame gravit\u00e9\u00a0\u00bb\u00a0par Micha\u00ebl Delafosse.<\/p>\n<p>Ces interpellations s\u2019inscrivent dans l\u2019enqu\u00eate ouverte par le parquet de Montpellier \u00e0 la suite du signalement du maire qui avait saisi le procureur de la R\u00e9publique en application de l\u2019article\u00a040 du Code de proc\u00e9dure p\u00e9nale. Micha\u00ebl Delafosse \u00e9voquait alors des violences commises par un groupe \u00ab\u00a0manifestement issu de l\u2019ultra droite\u00a0\u00bb.<\/p>\n<p>Un lynchage caract\u00e9ris\u00e9<\/p>\n<p>Les faits se sont d\u00e9roul\u00e9s dans l\u2019apr\u00e8s-midi du 18\u00a0septembre, \u00e0 la terrasse d\u2019un caf\u00e9 situ\u00e9 place des Beaux-Arts, \u00e0 l\u2019issue d\u2019une manifestation syndicale ayant rassembl\u00e9 plusieurs milliers de personnes dans le centre-ville. Selon les \u00e9l\u00e9ments recueillis \u00e0 l\u2019\u00e9poque, des clients de l\u2019\u00e9tablissement auraient indiqu\u00e9 \u00e0 un groupe d\u2019individus qu\u2019ils n\u2019\u00e9taient pas les bienvenus, d\u00e9clenchant une sc\u00e8ne de violences particuli\u00e8rement violente.<\/p>\n<p>L\u2019adjoint au maire d\u00e9l\u00e9gu\u00e9 \u00e0 la s\u00e9curit\u00e9, S\u00e9bastien Cote, apr\u00e8s visionnages des cam\u00e9ras de vid\u00e9osurveillance, parlait m\u00eame de \u00ab\u00a0lynchage caract\u00e9ris\u00e9\u00a0\u00bb.<\/p>\n<blockquote>\n<p>Vive la France\u00a0! On est chez nous<\/p>\n<\/blockquote>\n<p>Selon lui les images montrent \u00ab\u00a0une quinzaine de personnes s\u2019en prenant tr\u00e8s violemment \u00e0 une victime, avec des coups de pied, des coups de chaise, notamment en pleine t\u00eate, pendant plus de trente secondes\u00a0\u00bb. La principale victime avait \u00e9t\u00e9 hospitalis\u00e9e \u00e0 l\u2019h\u00f4pital Lapeyronie, sans que son pronostic vital ne soit engag\u00e9. L\u2019adjoint \u00e0 la S\u00e9curit\u00e9 avait \u00e9galement indiqu\u00e9 que les auteurs, dont la majorit\u00e9 des visages \u00e9taient \u00e0 d\u00e9couvert, avaient quitt\u00e9 les lieux en criant \u00ab\u00a0vive la France\u00a0!\u00a0\u00bb\u00a0et \u00ab\u00a0on est chez nous\u00a0\u00bb.<\/p>\n<p>Au cours de la m\u00eame journ\u00e9e, ce groupe, d\u00e9crit comme \u00ab\u00a0organis\u00e9\u00a0\u00bb, avait \u00e9t\u00e9 film\u00e9 par les cam\u00e9ras municipales place de la Com\u00e9die, d\u2019o\u00f9 il avait \u00e9t\u00e9 exfiltr\u00e9 par la police apr\u00e8s un face-\u00e0-face tendu avec des manifestants. Il aurait \u00e9galement pris \u00e0 partie des jeunes manifestants aux abords du lyc\u00e9e Joffre, prof\u00e9rant des invectives et des propos sexistes. Des faits rapport\u00e9s par la direction de l\u2019\u00e9tablissement et par le syndicat enseignant Snes-FSU pr\u00e9sent sur l\u2019esplanade Charles-de-Gaulle ce jour-l\u00e0.<\/p>\n","protected":false},"excerpt":{"rendered":"Le 18\u00a0septembre dernier, dans le quartier des\u00a0Beaux-Arts \u00e0 Montpellier, un homme avait \u00e9t\u00e9 violemment frapp\u00e9 par un groupe&hellip;\n","protected":false},"author":2,"featured_media":607941,"comment_status":"","ping_status":"","sticky":false,"template":"","format":"standard","meta":{"footnotes":""},"categories":[9599],"tags":[1111,11,1777,674,118,1011,27,7089,2208,12,2680,25],"class_list":{"0":"post-607940","1":"post","2":"type-post","3":"status-publish","4":"format-standard","5":"has-post-thumbnail","7":"category-montpellier","8":"tag-actu","9":"tag-actualites","10":"tag-eu","11":"tag-europe","12":"tag-faits-divers","13":"tag-fr","14":"tag-france","15":"tag-herault","16":"tag-montpellier","17":"tag-news","18":"tag-occitanie","19":"tag-republique-francaise"},"share_on_mastodon":{"url":"https:\/\/pubeurope.com\/@fr\/115741918836766355","error":""},"_links":{"self":[{"href":"https:\/\/www.europesays.com\/fr\/wp-json\/wp\/v2\/posts\/607940","targetHints":{"allow":["GET"]}}],"collection":[{"href":"https:\/\/www.europesays.com\/fr\/wp-json\/wp\/v2\/posts"}],"about":[{"href":"https:\/\/www.europesays.com\/fr\/wp-json\/wp\/v2\/types\/post"}],"author":[{"embeddable":true,"href":"https:\/\/www.europesays.com\/fr\/wp-json\/wp\/v2\/users\/2"}],"replies":[{"embeddable":true,"href":"https:\/\/www.europesays.com\/fr\/wp-json\/wp\/v2\/comments?post=607940"}],"version-history":[{"count":0,"href":"https:\/\/www.europesays.com\/fr\/wp-json\/wp\/v2\/posts\/607940\/revisions"}],"wp:featuredmedia":[{"embeddable":true,"href":"https:\/\/www.europesays.com\/fr\/wp-json\/wp\/v2\/media\/607941"}],"wp:attachment":[{"href":"https:\/\/www.europesays.com\/fr\/wp-json\/wp\/v2\/media?parent=607940"}],"wp:term":[{"taxonomy":"category","embeddable":true,"href":"https:\/\/www.europesays.com\/fr\/wp-json\/wp\/v2\/categories?post=607940"},{"taxonomy":"post_tag","embeddable":true,"href":"https:\/\/www.europesays.com\/fr\/wp-json\/wp\/v2\/tags?post=607940"}],"curies":[{"name":"wp","href":"https:\/\/api.w.org\/{rel}","templated":true}]}}