{"id":607942,"date":"2025-12-18T18:11:19","date_gmt":"2025-12-18T18:11:19","guid":{"rendered":"https:\/\/www.europesays.com\/fr\/607942\/"},"modified":"2025-12-18T18:11:19","modified_gmt":"2025-12-18T18:11:19","slug":"vente-de-biere-a-emporter-le-gros-coup-de-frein-impose-par-la-ville-de-montpellier-pour-des-raisons-de-securite","status":"publish","type":"post","link":"https:\/\/www.europesays.com\/fr\/607942\/","title":{"rendered":"Vente de bi\u00e8re \u00e0 emporter\u00a0: le gros coup de frein impos\u00e9 par la ville de Montpellier pour des raisons de \u00ab\u00a0s\u00e9curit\u00e9\u00a0\u00bb"},"content":{"rendered":"<p>\n                                                                La Ville de Montpellier \u00e9dicte un arr\u00eat\u00e9 municipal limitant\u00a0la vente \u00e0 emporter de bi\u00e8res en r\u00e9cipients individuels entre 17\u00a0h et 22\u00a0h, et ce jusqu\u2019au 30\u00a0octobre 2026, sur trois secteurs.\n                            <\/p>\n<p>\u00ab\u00a0Dans le cadre de sa volont\u00e9 de garantir la s\u00e9curit\u00e9 et la tranquillit\u00e9 publique des Montpelli\u00e9rains\u00a0\u00bb, la Ville de Montpellier a pris un arr\u00eat\u00e9 municipal visant \u00e0 limiter la vente \u00e0 emporter de bi\u00e8res \u00ab\u00a0conditionn\u00e9es en r\u00e9cipients individuels, m\u00e9talliques ou en verre, sur une partie du territoire de la commune\u00a0\u00bb.<\/p>\n<p>Cet arr\u00eat\u00e9 municipal, qui a pris effet le 15\u00a0d\u00e9cembre 2025, \u00e9dicte d\u00e9sormais une interdiction de la vente \u00e0 emporter de bi\u00e8res en r\u00e9cipients individuels entre 17\u00a0h et 22\u00a0h, et ce jusqu\u2019au 30\u00a0octobre 2026.<\/p>\n<p>\u00ab\u00a0Cet arr\u00eat\u00e9 a pour objectif de lutter contre le regroupement intempestif, les nuisances sonores et de pr\u00e9server la propret\u00e9 ainsi que la s\u00e9curit\u00e9 de l\u2019espace public. En effet, la vente \u00e0 emporter de bi\u00e8res dans des r\u00e9cipients individuels engendre fr\u00e9quemment des rassemblements de personnes, source de nuisances sonores, de d\u00e9gradations de l\u2019espace public et de troubles \u00e0 la tranquillit\u00e9 publique.\u00a0\u00bb<\/p>\n<p>\u00ab\u00a0Cette consommation, souvent abusive, perturbe la s\u00e9curit\u00e9, la convivialit\u00e9 et l\u2019int\u00e9grit\u00e9 de l\u2019espace public, tout en repr\u00e9sentant un risque pour la sant\u00e9. En cons\u00e9quence, cet arr\u00eat\u00e9 impose d\u00e9sormais une limitation stricte de la vente \u00e0 emporter de bi\u00e8res en r\u00e9cipients individuels \u00e0 travers toute la ville.\u00a0\u00bb<\/p>\n<p>        <img decoding=\"async\" class=\"std-img__img responsive-img\" src=\"https:\/\/www.europesays.com\/fr\/wp-content\/uploads\/2025\/12\/1766081479_828_image.jpg\" alt=\"Les secteurs concern\u00e9s\"\/><\/p>\n<p>                Les secteurs concern\u00e9s<br \/>\n                                    DR &#8211; Ville de Montpellier<\/p>\n<p>Trois secteurs sont concern\u00e9s\u00a0:<\/p>\n<p>Secteur 1\u00a0: \u00c9cusson, Beaux-Arts, Figuerolles, gare Arceaux.<\/p>\n<p>Secteur 2\u00a0: Antigone, Don Bosco, Juv\u00e9nal<\/p>\n<p>Secteur 3\u00a0: Jacques C\u0153ur<\/p>\n","protected":false},"excerpt":{"rendered":"La Ville de Montpellier \u00e9dicte un arr\u00eat\u00e9 municipal limitant\u00a0la vente \u00e0 emporter de bi\u00e8res en r\u00e9cipients individuels entre&hellip;\n","protected":false},"author":2,"featured_media":607943,"comment_status":"","ping_status":"","sticky":false,"template":"","format":"standard","meta":{"footnotes":""},"categories":[9599],"tags":[1111,11,215,33,1777,674,1011,27,7089,2208,12,2680,25],"class_list":{"0":"post-607942","1":"post","2":"type-post","3":"status-publish","4":"format-standard","5":"has-post-thumbnail","7":"category-montpellier","8":"tag-actu","9":"tag-actualites","10":"tag-commerce","11":"tag-economie","12":"tag-eu","13":"tag-europe","14":"tag-fr","15":"tag-france","16":"tag-herault","17":"tag-montpellier","18":"tag-news","19":"tag-occitanie","20":"tag-republique-francaise"},"share_on_mastodon":{"url":"https:\/\/pubeurope.com\/@fr\/115741923686851987","error":""},"_links":{"self":[{"href":"https:\/\/www.europesays.com\/fr\/wp-json\/wp\/v2\/posts\/607942","targetHints":{"allow":["GET"]}}],"collection":[{"href":"https:\/\/www.europesays.com\/fr\/wp-json\/wp\/v2\/posts"}],"about":[{"href":"https:\/\/www.europesays.com\/fr\/wp-json\/wp\/v2\/types\/post"}],"author":[{"embeddable":true,"href":"https:\/\/www.europesays.com\/fr\/wp-json\/wp\/v2\/users\/2"}],"replies":[{"embeddable":true,"href":"https:\/\/www.europesays.com\/fr\/wp-json\/wp\/v2\/comments?post=607942"}],"version-history":[{"count":0,"href":"https:\/\/www.europesays.com\/fr\/wp-json\/wp\/v2\/posts\/607942\/revisions"}],"wp:featuredmedia":[{"embeddable":true,"href":"https:\/\/www.europesays.com\/fr\/wp-json\/wp\/v2\/media\/607943"}],"wp:attachment":[{"href":"https:\/\/www.europesays.com\/fr\/wp-json\/wp\/v2\/media?parent=607942"}],"wp:term":[{"taxonomy":"category","embeddable":true,"href":"https:\/\/www.europesays.com\/fr\/wp-json\/wp\/v2\/categories?post=607942"},{"taxonomy":"post_tag","embeddable":true,"href":"https:\/\/www.europesays.com\/fr\/wp-json\/wp\/v2\/tags?post=607942"}],"curies":[{"name":"wp","href":"https:\/\/api.w.org\/{rel}","templated":true}]}}