{"id":607944,"date":"2025-12-18T18:12:14","date_gmt":"2025-12-18T18:12:14","guid":{"rendered":"https:\/\/www.europesays.com\/fr\/607944\/"},"modified":"2025-12-18T18:12:14","modified_gmt":"2025-12-18T18:12:14","slug":"pascal-houbron-veut-diriger-la-metropole-et-creer-la-commune-de-bihorel-les-hauts-de-rouen","status":"publish","type":"post","link":"https:\/\/www.europesays.com\/fr\/607944\/","title":{"rendered":"Pascal Houbron veut diriger la M\u00e9tropole et cr\u00e9er la commune de Bihorel-Les Hauts de Rouen\u00a0!"},"content":{"rendered":"<p>                    Par<br \/>\n        <strong><br \/>\n            <a href=\"https:\/\/actu.fr\/auteur\/laredaction\" title=\"Consulter tous les articles de R\u00e9daction Normandie\" target=\"_blank\" rel=\"noopener\">R\u00e9daction Normandie<\/a><br \/>\n                    <\/strong><\/p>\n<p>        Publi\u00e9 le<\/p>\n<p>            18 d\u00e9c. 2025 \u00e0 18h54        <\/p>\n<p>Le 15 d\u00e9cembre 2025, l<strong>es \u00e9lus des 71 communes qui composent la M\u00e9tropole Rouen Normandie<\/strong> se sont retrouv\u00e9s pour le conseil m\u00e9tropolitain, principalement d\u00e9di\u00e9 au budget 2026. Parmi les intervenants, <a href=\"https:\/\/actu.fr\/normandie\/bihorel_76095\/reglements-de-comptes-au-conseil-municipal-de-bihorel_63330713.html\" target=\"_blank\" rel=\"noopener\">le maire de Bihorel Pascal Houbron<\/a> s\u2019est une nouvelle fois distingu\u00e9 par des propositions pour le moins audacieuses, comme celle de cr\u00e9er une nouvelle commune dans la M\u00e9tropole.<\/p>\n<p>Le maire de Bihorel a fustig\u00e9 les \u00e9lus rouennais<\/p>\n<p class=\" wall-content\">Il n\u2019a pas comment\u00e9 le budget \u00ab\u2009qui est transitoire\u2009\u00bb, mais a interrog\u00e9 \u00ab<strong>\u2009le bilan de la mandature du pr\u00e9sident<\/strong> <a href=\"https:\/\/actu.fr\/tag\/nicolas-mayer-rossignol\" target=\"_blank\" rel=\"noopener\">Nicolas Mayer-Rossignol<\/a> et en particulier sa politique de la ville. J\u2019ai alors fait une comparaison entre Bihorel et ses 9\u2009000 habitants et <a href=\"https:\/\/actu.fr\/tag\/hauts-de-rouen\" target=\"_blank\" rel=\"noopener\">les Hauts de Rouen<\/a> qui comptent 10\u2009500 habitants\u2009\u00bb.<\/p>\n<p class=\" wall-content\">Pascal Houbron a ainsi fustig\u00e9 les \u00e9lus rouennais, \u00ab\u2009hors sol, qui n\u2019habitent pas le quartier. <strong>Ils ont abandonn\u00e9 ce quartier.<\/strong> En mati\u00e8re d\u2019urbanisme, de services publics, de s\u00e9curit\u00e9, ils n\u2019ont rien fait\u2009\u00bb. Mais pourquoi, vous demanderez-vous, le maire de Bihorel vient-il soutenir ce secteur populaire de Rouen\u2009? Tout simplement parce que \u00ab\u2009avec le quartier des Provinces, \u00e0 Bihorel, les Hauts de Rouen ne sont pas \u00e9loign\u00e9s. Ils sont m\u00eame voisins. Toutes les familles des Hauts de Rouen profitent des services de Bihorel et vont au Parc de l\u2019Argili\u00e8re\u2009\u00bb, commente l\u2019\u00e9lu.<\/p>\n<p>Il veut cr\u00e9er la commune de Bihorel-Les Hauts de Rouen<\/p>\n<p class=\" wall-content\">Le maire de Bihorel compare ensuite les moyens financiers\u2009: \u00ab\u2009Moi, <strong>avec 12\u00a0millions d\u2019euros<\/strong> et les Hauts de Rouen avec un projet QPV (Quartier politique de la ville)<strong> \u00e0 126\u00a0millions d\u2019euros.<\/strong> J\u2019ai surtout voulu dire comment ils ont d\u00e9pens\u00e9 cette somme. En commen\u00e7ant par d\u00e9truire et pas construire des \u00e9quipements publics\u2009\u00bb, a affirm\u00e9 le maire jusqu\u2019\u00e0 \u00ab\u2009solliciter le pr\u00e9fet <strong>pour faire une commune nouvelle\u2009: Bihorel-l\u00e8s-Hauts de Rouen<\/strong>. C\u2019est une provocation, mais je veux que ce quartier se d\u00e9veloppe, ne pas le laisser aux mains des narcotrafiquants. Y implanter une police municipale. J\u2019aurai la capacit\u00e9 de le faire. Donnez-moi les moyens\u2009\u00bb, exhorte Pascal Houbron, qui ambitionne d\u2019\u00eatre \u00ab\u2009le prochain pr\u00e9sident de la M\u00e9tropole Rouen Normandie. Je ferai alors en sorte que l\u2019argent revienne au quartier\u2009\u00bb.<\/p>\n<p class=\" wall-content\">Pour concr\u00e9tiser son ambition, Pascal Houbron devra toutefois \u00eatre r\u00e9\u00e9lu en mars prochain et il annonce\u2009:<\/p>\n<blockquote class=\"ac-article-quote wall-content\">\n<p>Ma liste est quasiment constitu\u00e9e. Comme maire sortant, je n\u2019ai pas \u00e0 faire campagne. Cinq personnes, avec de beaux parcours, sont d\u00e9j\u00e0 sur le terrain autour de quatre th\u00e9matiques. Elles vont \u00e9crire l\u2019avenir de Bihorel en s\u2019enrichissant des id\u00e9es des Bihorellais. <\/p>\n<p>    <strong>Pascal Houbron<\/strong><br \/>\n        Maire de Bihorel    <\/p><\/blockquote>\n<p>Votre r\u00e9gion, votre actu !<\/p>\n<p>Recevez chaque jour les infos qui comptent pour vous.<\/p>\n<p>\t<a href=\"https:\/\/actu.fr\/newsletter\" class=\"ac-btn ac-btn--corner ac-btn--medium ac-btn--blue800\" target=\"_blank\" rel=\"noopener\">S&rsquo;incrire<\/a><\/p>\n<p class=\" wall-content\">Et il ajoute qu\u2019il va sortir un document sur son bilan, \u00ab\u2009qui est bon. Je vais expliquer pourquoi je me repr\u00e9sente. Ce sera ma plus belle liste, car elle sera renouvel\u00e9e \u00e0 90\u2009%\u2009\u00bb.<\/p>\n<p>\u00ab Les maires des petites communes se f\u00e9d\u00e8rent \u00bb<\/p>\n<p class=\" wall-content\">De l\u2019autre c\u00f4t\u00e9, le candidat pr\u00e9pare donc son \u00e9lection \u00e0 la t\u00eate de la M\u00e9tropole Rouen Normandie \u00ab\u2009avec <strong>les maires des petites communes qui se f\u00e9d\u00e8rent.<\/strong> Ce sont eux qui vont faire la prochaine \u00e9lection. Et, des villes de gauche vont tomber \u00e0 droite. Nous allons r\u00e9cup\u00e9rer Rouen, car la liste LFI va se maintenir et faire disperser les voix de la gauche\u2009\u00bb, affirme avec conviction Pascal Houbron, qui constate par ailleurs que \u00ab\u2009<a href=\"https:\/\/actu.fr\/normandie\/rouen_76540\/marine-caron-candidate-aux-municipales-2026-a-rouen-nous-allons-creer-la-plus-belle-des-surprises_63214752.html\" target=\"_blank\" rel=\"noopener\">Marine Caron fait une belle campagne<\/a>. Et je serais vraiment fier que la M\u00e9tropole Rouen Normandie redevienne la capitale de la Normandie\u2009\u00bb, conclut le maire de Bihorel.<\/p>\n<p class=\" wall-content\">Reste maintenant \u00e0 savoir si Pascal Houbron aura les moyens politiques de ses ambitions.\u00a0<\/p>\n<p>Suivez l\u2019actualit\u00e9 de Rouen <a href=\"https:\/\/www.whatsapp.com\/channel\/0029VaKfnf99hXF2ddApFB1D\" target=\"_blank\" rel=\"noopener\">sur notre cha\u00eene WhatsApp<\/a> et <a href=\"https:\/\/www.tiktok.com\/@76actu.fr?lang=fr\" target=\"_blank\" rel=\"noopener\">sur notre compte TikTok<\/a><\/p>\n<p class=\" wall-content\">Personnalisez votre actualit\u00e9 en ajoutant vos villes et m\u00e9dias en favori avec <a href=\"https:\/\/moncompte.actu.fr\" title=\"D\u00e9couvez Mon Actu\" rel=\"nofollow noopener\" data-trk=\"{&quot;cta&quot;:{&quot;action&quot;:&quot;https:\\\/\\\/moncompte.actu.fr&quot;,&quot;category&quot;:&quot;mon compte&quot;,&quot;from&quot;:&quot;article footer&quot;,&quot;name&quot;:&quot;Mon actu&quot;,&quot;type&quot;:&quot;cta&quot;}}\" target=\"_blank\">Mon Actu<\/a>.<\/p>\n<p>                    <script async src=\"\/\/www.tiktok.com\/embed.js\"><\/script><\/p>\n","protected":false},"excerpt":{"rendered":"Par R\u00e9daction Normandie Publi\u00e9 le 18 d\u00e9c. 2025 \u00e0 18h54 Le 15 d\u00e9cembre 2025, les \u00e9lus des 71&hellip;\n","protected":false},"author":2,"featured_media":607945,"comment_status":"","ping_status":"","sticky":false,"template":"","format":"standard","meta":{"footnotes":""},"categories":[9587],"tags":[1111,11,4188,1777,674,1011,27,12028,3434,12,5161,316,25,9590],"class_list":{"0":"post-607944","1":"post","2":"type-post","3":"status-publish","4":"format-standard","5":"has-post-thumbnail","7":"category-rouen","8":"tag-actu","9":"tag-actualites","10":"tag-elections-municipales","11":"tag-eu","12":"tag-europe","13":"tag-fr","14":"tag-france","15":"tag-hauts-de-rouen","16":"tag-municipales-2026","17":"tag-news","18":"tag-normandie","19":"tag-politique","20":"tag-republique-francaise","21":"tag-rouen"},"share_on_mastodon":{"url":"https:\/\/pubeurope.com\/@fr\/115741926645630647","error":""},"_links":{"self":[{"href":"https:\/\/www.europesays.com\/fr\/wp-json\/wp\/v2\/posts\/607944","targetHints":{"allow":["GET"]}}],"collection":[{"href":"https:\/\/www.europesays.com\/fr\/wp-json\/wp\/v2\/posts"}],"about":[{"href":"https:\/\/www.europesays.com\/fr\/wp-json\/wp\/v2\/types\/post"}],"author":[{"embeddable":true,"href":"https:\/\/www.europesays.com\/fr\/wp-json\/wp\/v2\/users\/2"}],"replies":[{"embeddable":true,"href":"https:\/\/www.europesays.com\/fr\/wp-json\/wp\/v2\/comments?post=607944"}],"version-history":[{"count":0,"href":"https:\/\/www.europesays.com\/fr\/wp-json\/wp\/v2\/posts\/607944\/revisions"}],"wp:featuredmedia":[{"embeddable":true,"href":"https:\/\/www.europesays.com\/fr\/wp-json\/wp\/v2\/media\/607945"}],"wp:attachment":[{"href":"https:\/\/www.europesays.com\/fr\/wp-json\/wp\/v2\/media?parent=607944"}],"wp:term":[{"taxonomy":"category","embeddable":true,"href":"https:\/\/www.europesays.com\/fr\/wp-json\/wp\/v2\/categories?post=607944"},{"taxonomy":"post_tag","embeddable":true,"href":"https:\/\/www.europesays.com\/fr\/wp-json\/wp\/v2\/tags?post=607944"}],"curies":[{"name":"wp","href":"https:\/\/api.w.org\/{rel}","templated":true}]}}