{"id":607946,"date":"2025-12-18T18:13:11","date_gmt":"2025-12-18T18:13:11","guid":{"rendered":"https:\/\/www.europesays.com\/fr\/607946\/"},"modified":"2025-12-18T18:13:11","modified_gmt":"2025-12-18T18:13:11","slug":"entre-rouen-et-barentin-trois-vehicules-accidentes-sur-la150-circulation-fortement-perturbee","status":"publish","type":"post","link":"https:\/\/www.europesays.com\/fr\/607946\/","title":{"rendered":"Entre Rouen et Barentin. Trois v\u00e9hicules accident\u00e9s sur l&rsquo;A150 : circulation fortement perturb\u00e9e"},"content":{"rendered":"<p melodystyle=\"texte\">Un accident de la circulation s&rsquo;est produit sur l&rsquo;A150 entre Rouen et Barentin, jeudi 18\u00a0d\u00e9cembre vers 18\u00a0heures. Trois v\u00e9hicules sont impliqu\u00e9s. L&rsquo;accident s&rsquo;est produit apr\u00e8s la station-service et avant la sortie vers Eslettes. Les sapeurs-pompiers sont sur place, \u00e9quip\u00e9s de deux v\u00e9hicules.<\/p>\n<p>Circulation difficile<\/p>\n<p melodystyle=\"texte\">L&rsquo;accident provoque d&rsquo;importants bouchons. La circulation est tr\u00e8s difficile dans le secteur.<\/p>\n","protected":false},"excerpt":{"rendered":"Un accident de la circulation s&rsquo;est produit sur l&rsquo;A150 entre Rouen et Barentin, jeudi 18\u00a0d\u00e9cembre vers 18\u00a0heures. Trois&hellip;\n","protected":false},"author":2,"featured_media":607947,"comment_status":"","ping_status":"","sticky":false,"template":"","format":"standard","meta":{"footnotes":""},"categories":[9587],"tags":[1111,11,1777,674,1011,27,12,5161,25,9590],"class_list":{"0":"post-607946","1":"post","2":"type-post","3":"status-publish","4":"format-standard","5":"has-post-thumbnail","7":"category-rouen","8":"tag-actu","9":"tag-actualites","10":"tag-eu","11":"tag-europe","12":"tag-fr","13":"tag-france","14":"tag-news","15":"tag-normandie","16":"tag-republique-francaise","17":"tag-rouen"},"share_on_mastodon":{"url":"https:\/\/pubeurope.com\/@fr\/115741930638893761","error":""},"_links":{"self":[{"href":"https:\/\/www.europesays.com\/fr\/wp-json\/wp\/v2\/posts\/607946","targetHints":{"allow":["GET"]}}],"collection":[{"href":"https:\/\/www.europesays.com\/fr\/wp-json\/wp\/v2\/posts"}],"about":[{"href":"https:\/\/www.europesays.com\/fr\/wp-json\/wp\/v2\/types\/post"}],"author":[{"embeddable":true,"href":"https:\/\/www.europesays.com\/fr\/wp-json\/wp\/v2\/users\/2"}],"replies":[{"embeddable":true,"href":"https:\/\/www.europesays.com\/fr\/wp-json\/wp\/v2\/comments?post=607946"}],"version-history":[{"count":0,"href":"https:\/\/www.europesays.com\/fr\/wp-json\/wp\/v2\/posts\/607946\/revisions"}],"wp:featuredmedia":[{"embeddable":true,"href":"https:\/\/www.europesays.com\/fr\/wp-json\/wp\/v2\/media\/607947"}],"wp:attachment":[{"href":"https:\/\/www.europesays.com\/fr\/wp-json\/wp\/v2\/media?parent=607946"}],"wp:term":[{"taxonomy":"category","embeddable":true,"href":"https:\/\/www.europesays.com\/fr\/wp-json\/wp\/v2\/categories?post=607946"},{"taxonomy":"post_tag","embeddable":true,"href":"https:\/\/www.europesays.com\/fr\/wp-json\/wp\/v2\/tags?post=607946"}],"curies":[{"name":"wp","href":"https:\/\/api.w.org\/{rel}","templated":true}]}}