{"id":607952,"date":"2025-12-18T18:16:13","date_gmt":"2025-12-18T18:16:13","guid":{"rendered":"https:\/\/www.europesays.com\/fr\/607952\/"},"modified":"2025-12-18T18:16:13","modified_gmt":"2025-12-18T18:16:13","slug":"xavier-morandi-lex-chef-de-neurochirurgie-au-chu-de-rennes-accuse-de-vouloir-faire-taire-ses-accusateurs","status":"publish","type":"post","link":"https:\/\/www.europesays.com\/fr\/607952\/","title":{"rendered":"Xavier Morandi, l&rsquo;ex-chef de neurochirurgie au CHU de Rennes, accus\u00e9 de vouloir \u00ab\u00a0faire taire\u00a0\u00bb ses accusateurs"},"content":{"rendered":"<p>                    Par<br \/>\n        <strong><br \/>\n            <a href=\"https:\/\/actu.fr\/auteur\/redaction-rennes\" title=\"Consulter tous les articles de R\u00e9daction Rennes\" target=\"_blank\" rel=\"noopener\">R\u00e9daction Rennes<\/a><br \/>\n                    <\/strong><\/p>\n<p>        Publi\u00e9 le<\/p>\n<p>            18 d\u00e9c. 2025 \u00e0 19h04        <\/p>\n<p><strong>Xavier Morandi,<\/strong> l\u2019ancien chef du service de neurochirurgie du <a href=\"https:\/\/actu.fr\/tag\/chu-de-rennes\" target=\"_blank\" rel=\"noopener\">CHU de Rennes<\/a> a demand\u00e9 \u00e0 la chambre disciplinaire de l\u2019ordre r\u00e9gional des m\u00e9decins des Pays de la Loire, mercredi 17\u00a0d\u00e9cembre 2025, \u00e0 Nantes, de<strong> sanctionner l\u2019un de ses anciens coll\u00e8gues<\/strong> qui avait pos\u00e9 en photo en 2024 dans Paris Match pour <strong>d\u00e9noncer publiquement son \u00ab\u2009management f\u00e9odal\u2009\u00bb.<\/strong><\/p>\n<p class=\" wall-content\">Le Pr Xavier Morandi s\u2019en est pris ainsi au Dr <strong>Eric Seigneuret<\/strong>, qui a travaill\u00e9 avec lui de 1997 \u00e0 2004 et qui exerce \u00e0 pr\u00e9sent en lib\u00e9ral \u00e0 la<strong> clinique Bret\u00e9ch\u00e9 de Nantes<\/strong>\u2009: ce dernier avait accept\u00e9 de poser, avec d\u2019autres, sur la sc\u00e8ne de l\u2019op\u00e9ra de Rennes, en blouses blanches, pour illustrer une enqu\u00eate de la journaliste freelance Anne Jouan.<\/p>\n<p class=\" wall-content\">Sp\u00e9cialis\u00e9e dans les questions de sant\u00e9 apr\u00e8s avoir offici\u00e9 vingt ans au Figaro, elle travaillait sur <strong>\u00ab\u2009l\u2019omerta\u2009\u00bb<\/strong> qui r\u00e9gnait sur les <strong>\u00ab\u2009brimades\u2009\u00bb, \u00ab\u2009humiliations\u2009\u00bb<\/strong> et <strong>\u00ab\u2009violences verbales\u2009\u00bb<\/strong> au sein de ce service. Paris Match et la journaliste ont \u00e9t\u00e9 condamn\u00e9s pour atteinte \u00e0 la pr\u00e9somption d\u2019innoncence. Le magazine a fait appel de cette d\u00e9cision.<\/p>\n<p>Un classement sans suite<\/p>\n<p class=\" wall-content\">Le m\u00e9decin nantais voulait ainsi \u00ab\u2009\u00e9viter le classement sans suite\u2009\u00bb de la plainte p\u00e9nale qui avait \u00e9t\u00e9 d\u00e9pos\u00e9e pour \u00ab\u2009harc\u00e8lement moral\u2009\u00bb contre son ancien coll\u00e8gue par l\u2019Intersyndicale nationale des internes (ISNI). <strong>Ce classement est malgr\u00e9 tout survenu<\/strong> le 22\u00a0septembre 2025 <strong>apr\u00e8s une \u00ab\u2009longue et s\u00e9rieuse enqu\u00eate\u2009\u00bb,<\/strong> a indiqu\u00e9 le procureur de la R\u00e9publique de Rennes.<\/p>\n<p class=\" wall-content\">Le neurochirurgien rennais fait donc aujourd\u2019hui de cette plainte ordinale \u00ab\u2009une question de principe\u2009\u00bb\u2009: son confr\u00e8re nantais a commis un \u00ab\u2009manquement aux r\u00e8gles de la confraternit\u00e9\u2009\u00bb.<\/p>\n<p>15\u2009000\u00a0euros de d\u00e9dommagements<\/p>\n<p class=\" wall-content\">Il demande en cons\u00e9quence <strong>10\u2009000\u00a0euros de d\u00e9dommagements<\/strong> pour la \u00ab\u2009souffrance\u2009\u00bb que cela lui a caus\u00e9e et <strong>5\u2009000\u00a0euros<\/strong> pour ses frais de justice, selon son avocat Me J\u00e9r\u00f4me Stephan.<\/p>\n<p>Votre r\u00e9gion, votre actu !<\/p>\n<p>Recevez chaque jour les infos qui comptent pour vous.<\/p>\n<p>\t<a href=\"https:\/\/actu.fr\/newsletter\" class=\"ac-btn ac-btn--corner ac-btn--medium ac-btn--blue800\" target=\"_blank\" rel=\"noopener\">S&rsquo;incrire<\/a><\/p>\n<p class=\" wall-content\">En r\u00e9plique, le <strong>Dr Eric Seigneuret lui demande exactement les m\u00eames sommes<\/strong> pour \u00ab\u2009proc\u00e9dure abusive\u2009\u00bb et pour les honoraires de son avocate du barreau de Paris, Me Margo Boisson.<\/p>\n<p>\u00ab\u2009Pouss\u00e9 au suicide\u2009\u00bb<\/p>\n<p class=\" wall-content\">Dans cette \u00ab\u2009double page\u2009\u00bb, publi\u00e9e non pas \u00ab\u2009dans une revue sp\u00e9cialis\u00e9e dans le domaine de la m\u00e9decine\u2009\u00bb mais dans \u00ab\u2009un magazine people\u2009\u00bb, le neurochirurgien nantais \u00e9tait ainsi revenu sur les \u00ab\u2009pr\u00e9tendus agissements\u2009\u00bb de son confr\u00e8re, a commenc\u00e9 par rappeler Me J\u00e9r\u00f4me Stephan \u00e0 la chambre disciplinaire, une instance compos\u00e9e de m\u00e9decins et pr\u00e9sid\u00e9e par un juge administratif.<\/p>\n<p class=\" wall-content\">Il avait ainsi \u00ab\u2009insinu\u00e9\u2009\u00bb que le Pr Morandi l\u2019avait<strong> \u00ab\u2009pouss\u00e9 au suicide\u2009\u00bb.<\/strong> Le Dr Eric Seigneuret avait pens\u00e9 \u00e0 en finir \u00ab\u2009avec son avion d\u2019a\u00e9roclub\u2009\u00bb ou \u00ab\u2009en mer un jour de temp\u00eate\u2009\u00bb.<\/p>\n<p class=\" wall-content\">\u00ab\u2009Il y avait sans doute d\u2019autres moyens que cette mise en cause publique pour parvenir \u00e0 ses fins\u2009: il aurait pu saisir la chambre disciplinaire, par exemple\u2009\u00bb, estime l\u2019avocat du barreau de Rennes. En attendant, la \u00ab\u2009diffusion nationale\u2009\u00bb de cet article \u00e0 \u00ab\u2009l\u2019impact m\u00e9diatique certain\u2009\u00bb a conduit son client \u00e0<strong> \u00ab\u2009ne plus avoir d\u2019activit\u00e9 professionnelle depuis plus de deux ans\u2009\u00bb.<\/strong><\/p>\n<p>Des tentatives \u00ab\u2009d\u2019intimidation\u2009\u00bb<\/p>\n<p class=\" wall-content\">Me J\u00e9r\u00f4me Stephan n\u2019a, au passage, pas dig\u00e9r\u00e9 non plus les \u00e9critures de sa cons\u0153ur, pour qui le maintien de cette plainte ordinale rel\u00e8ve d\u2019une <strong>\u00ab\u2009intimidation\u2009\u00bb<\/strong> et d\u2019un <strong>\u00ab\u2009acharnement\u2009\u00bb<\/strong> pour <strong>\u00ab\u2009faire taire\u2009\u00bb<\/strong> ceux qui viendraient \u00e0 d\u00e9noncer de tels faits \u00e0 l\u2019avenir.<\/p>\n<p class=\" wall-content\">Le Pr Xavier Morandi<strong> \u00ab\u2009n\u2019a honte de rien\u2009\u00bb<\/strong> et \u00ab\u2009se croit une fois de plus au-dessus des lois\u2009\u00bb, avait-elle encore \u00e9crit.<\/p>\n<p class=\" wall-content\">Le conseil d\u00e9partemental de l\u2019ordre des m\u00e9decins de la Loire-Atlantique, qui a re\u00e7u la plainte du Pr Xavier Morandi, l\u2019avait pour sa part transmise \u00e0 la chambre disciplinaire de l\u2019ordre r\u00e9gional des m\u00e9decins des Pays de la Loire \u00ab\u2009sans s\u2019y associer\u2009\u00bb. Son repr\u00e9sentant \u00e0 l\u2019audience, ce mercredi 17\u00a0d\u00e9cembre 2025, n\u2019a ainsi pas fait de d\u00e9clarations particuli\u00e8res.<\/p>\n<p>Un dossier mont\u00e9 contre le Pr Morandi<\/p>\n<p class=\" wall-content\">Le Dr Eric Seigneuret a en fait \u00e9t\u00e9 <strong>forc\u00e9 \u00e0 \u00ab\u2009l\u2019exil\u2009\u00bb<\/strong> apr\u00e8s avoir \u00e9t\u00e9 <strong>\u00ab\u2009traumatis\u00e9\u2009\u00bb<\/strong> par le Pr Xavier Morandi, a assur\u00e9 son conseil Me Margo Boisson. Il a \u00e9t\u00e9 \u00ab\u2009le plus loin possible\u2009\u00bb, \u00ab\u2009jusqu\u2019\u00e0 Grenoble\u2009\u00bb, pour oublier \u00ab\u2009celui qui lui a fait \u00e9norm\u00e9ment de mal\u2009\u00bb au CHU de Rennes.<\/p>\n<p class=\" wall-content\">20\u00a0ans apr\u00e8s son d\u00e9part, en 2024, le m\u00e9decin nantais a alors \u00e9t\u00e9 \u00ab\u2009contact\u00e9 par le syndicat des internes\u2009\u00bb\u2009: celui-ci \u00e9tait en train de<strong> \u00ab\u2009pr\u00e9parer un dossier contre le Dr Morandi<\/strong> et un autre\u2009\u00bb [le Pr Marco Corniola, qui lui a succ\u00e9d\u00e9 \u00e0 la t\u00eate du service, N.D.L.R], a recontextualis\u00e9 l\u2019avocate parisienne.<\/p>\n<p class=\" wall-content\">Son \u00ab\u2009t\u00e9moignage pur et simple\u2009\u00bb, o\u00f9 il \u00ab\u2009parle de son histoire\u2009\u00bb, l\u2019avait alors conduit \u00e0 \u00eatre \u00ab\u2009auditionn\u00e9 pendant plus de trois heures par la police\u2009\u00bb comme \u00ab\u2009t\u00e9moin\u2009\u00bb dans la plainte p\u00e9nale d\u00e9pos\u00e9e pour \u00ab\u2009harc\u00e8lement moral\u2009\u00bb et \u00ab\u2009sexuel\u2009\u00bb contre le Pr Xavier Morandi.<\/p>\n<p class=\" wall-content\">Le chirurgien lib\u00e9ral nantais <strong>avait n\u00e9anmoins \u00ab\u2009refus\u00e9\u2009\u00bb d\u2019\u00eatre consid\u00e9r\u00e9 comme une \u00ab\u2009victime\u2009\u00bb<\/strong> par les policiers du commissariat de police de Rennes\u2009: il \u00e9tait l\u00e0 \u00ab\u2009juste pour soutenir les jeunes\u2009\u00bb m\u00e9decins, a bien insist\u00e9 son avocate ce mercredi 16\u00a0d\u00e9cembre 2025.<\/p>\n<p>La direction du CHU \u00ab\u2009minimise\u2009\u00bb<\/p>\n<p class=\" wall-content\">\u00ab\u00a0Le dossier, tellement \u00e9norme, a commenc\u00e9 \u00e0 faire du bruit, au moins \u00e0 Rennes\u00a0\u00bb, a poursuivi Me Margo Boisson. \u00ab\u00a0Mais la direction du CHU a alors publi\u00e9 un communiqu\u00e9 de presse pour minimiser tout cela\u2009: il parlait d\u2019un \u00ab\u00a0conflit entre praticiens\u00a0\u00bb dont elle n\u2019\u00e9tait \u00ab\u00a0pas au courant\u00a0\u00bb\u2026 Beaucoup ont donc \u00e9t\u00e9 <strong>choqu\u00e9s.<\/strong><\/p>\n<p class=\" wall-content\">C\u2019est alors \u00e0 ce moment-l\u00e0 que la journaliste ind\u00e9pendante Anne Jouan les a contact\u00e9s pour dire qu\u2019elle avait eu acc\u00e8s \u00e0 leurs auditions. Mon client n\u2019a donc pas r\u00e9pondu \u00e0 ses questions, elle n\u2019a fait que reprendre sa d\u00e9position.\u00a0\u00bb<\/p>\n<p>Le Dr \u00c9ric\u00a0Seigneuret a t\u00e9moign\u00e9 \u00ab\u2009par courage\u2009\u00bb<\/p>\n<p class=\" wall-content\">Dans ces conditions, le Dr Eric Seigneuret n\u2019est <strong>\u00ab\u2009pas un praticien qui a voulu s\u2019exhiber<\/strong> ou prendre la lumi\u00e8re\u2009\u00bb dans la presse nationale, a-t-elle r\u00e9sum\u00e9\u2009: il \u00ab\u2009ne savait m\u00eame pas dans quel journal\u2009\u00bb allait sortir l\u2019enqu\u00eate de la journaliste freelance.<\/p>\n<p class=\" wall-content\">Il a simplement t\u00e9moign\u00e9<strong> \u00ab\u2009par courage\u2009\u00bb<\/strong> et solidarit\u00e9 avec les plaignants dans cette \u00ab\u2009affaire m\u00e9diatis\u00e9e et difficile avec un h\u00f4pital qui ne les soutient pas\u2009\u00bb. \u00ab\u2009La confraternit\u00e9 n\u2019impose pas le silence\u2009\u00bb, a conclu Me Margo Boisson.<\/p>\n<blockquote class=\"ac-article-quote wall-content\">\n<p>Est-ce que les m\u00e9decins doivent se taire sur des sujets aussi graves ?<\/p>\n<p>    <strong>Me Margo Boisson<\/strong><br \/>\n        Avocate du Dr Eric Seigneuret    <\/p><\/blockquote>\n<p class=\" wall-content\">\u00ab\u2009Je l\u2019ai critiqu\u00e9 en tant qu\u2019\u00eatre humain et manager, je n\u2019ai pas remis en cause ses comp\u00e9tences techniques\u2009\u00bb, a simplement soulign\u00e9 pour sa part le Dr Eric Seigneuret devant ses pairs. \u00ab\u2009M\u00eame si j\u2019avais su que \u00e7a allait sortir dans Paris Match,<strong> je pense que je l\u2019aurais fait aussi.\u2009\u00bb<\/strong><\/p>\n<p class=\" wall-content\">La chambre disciplinaire de l\u2019ordre r\u00e9gional des m\u00e9decins des Pays de la Loire, qui a mis sa d\u00e9cision en d\u00e9lib\u00e9r\u00e9, la rendra<strong>\u00a0dans six semaines environ<\/strong>.<\/p>\n<p class=\" wall-content\"><strong>GF (PressPepper)<\/strong><\/p>\n<p class=\" wall-content\">Personnalisez votre actualit\u00e9 en ajoutant vos villes et m\u00e9dias en favori avec <a href=\"https:\/\/moncompte.actu.fr\" title=\"D\u00e9couvez Mon Actu\" rel=\"nofollow noopener\" data-trk=\"{&quot;cta&quot;:{&quot;action&quot;:&quot;https:\\\/\\\/moncompte.actu.fr&quot;,&quot;category&quot;:&quot;mon compte&quot;,&quot;from&quot;:&quot;article footer&quot;,&quot;name&quot;:&quot;Mon actu&quot;,&quot;type&quot;:&quot;cta&quot;}}\" target=\"_blank\">Mon Actu<\/a>.<\/p>\n","protected":false},"excerpt":{"rendered":"Par R\u00e9daction Rennes Publi\u00e9 le 18 d\u00e9c. 2025 \u00e0 19h04 Xavier Morandi, l\u2019ancien chef du service de neurochirurgie&hellip;\n","protected":false},"author":2,"featured_media":607953,"comment_status":"","ping_status":"","sticky":false,"template":"","format":"standard","meta":{"footnotes":""},"categories":[2821],"tags":[1111,11,829,7513,1777,674,118,1011,27,303,12,584,25],"class_list":{"0":"post-607952","1":"post","2":"type-post","3":"status-publish","4":"format-standard","5":"has-post-thumbnail","7":"category-rennes","8":"tag-actu","9":"tag-actualites","10":"tag-bretagne","11":"tag-chu-de-rennes","12":"tag-eu","13":"tag-europe","14":"tag-faits-divers","15":"tag-fr","16":"tag-france","17":"tag-justice","18":"tag-news","19":"tag-rennes","20":"tag-republique-francaise"},"share_on_mastodon":{"url":"https:\/\/pubeurope.com\/@fr\/115741942428302350","error":""},"_links":{"self":[{"href":"https:\/\/www.europesays.com\/fr\/wp-json\/wp\/v2\/posts\/607952","targetHints":{"allow":["GET"]}}],"collection":[{"href":"https:\/\/www.europesays.com\/fr\/wp-json\/wp\/v2\/posts"}],"about":[{"href":"https:\/\/www.europesays.com\/fr\/wp-json\/wp\/v2\/types\/post"}],"author":[{"embeddable":true,"href":"https:\/\/www.europesays.com\/fr\/wp-json\/wp\/v2\/users\/2"}],"replies":[{"embeddable":true,"href":"https:\/\/www.europesays.com\/fr\/wp-json\/wp\/v2\/comments?post=607952"}],"version-history":[{"count":0,"href":"https:\/\/www.europesays.com\/fr\/wp-json\/wp\/v2\/posts\/607952\/revisions"}],"wp:featuredmedia":[{"embeddable":true,"href":"https:\/\/www.europesays.com\/fr\/wp-json\/wp\/v2\/media\/607953"}],"wp:attachment":[{"href":"https:\/\/www.europesays.com\/fr\/wp-json\/wp\/v2\/media?parent=607952"}],"wp:term":[{"taxonomy":"category","embeddable":true,"href":"https:\/\/www.europesays.com\/fr\/wp-json\/wp\/v2\/categories?post=607952"},{"taxonomy":"post_tag","embeddable":true,"href":"https:\/\/www.europesays.com\/fr\/wp-json\/wp\/v2\/tags?post=607952"}],"curies":[{"name":"wp","href":"https:\/\/api.w.org\/{rel}","templated":true}]}}