{"id":607958,"date":"2025-12-18T18:19:17","date_gmt":"2025-12-18T18:19:17","guid":{"rendered":"https:\/\/www.europesays.com\/fr\/607958\/"},"modified":"2025-12-18T18:19:17","modified_gmt":"2025-12-18T18:19:17","slug":"froeschwiller-un-concert-donne-par-lorchestre-symphonique-des-jeunes-de-strasbourg","status":"publish","type":"post","link":"https:\/\/www.europesays.com\/fr\/607958\/","title":{"rendered":"Fr\u0153schwiller. Un concert donn\u00e9 par l\u2019orchestre symphonique des jeunes de Strasbourg"},"content":{"rendered":"<p>Dimanche 14\u00a0d\u00e9cembre a eu lieu, \u00e0 l\u2019\u00e9glise de la Paix de Fr\u0153schwiller, un concert donn\u00e9 par l\u2019orchestre symphonique des jeunes de Strasbourg. Introduite par l\u2019extrait d\u2019une symphonie traditionnelle pour les orchestres philharmoniques, la quarantaine de jeunes musiciens, sous la direction de Gustave Winkler, a poursuivi sa prestation avec divers morceaux, de Robert Schumann \u00e0 Tcha\u00efkovski en passant, bien s\u00fbr, par des pi\u00e8ces de No\u00ebl.<\/p>\n","protected":false},"excerpt":{"rendered":"Dimanche 14\u00a0d\u00e9cembre a eu lieu, \u00e0 l\u2019\u00e9glise de la Paix de Fr\u0153schwiller, un concert donn\u00e9 par l\u2019orchestre symphonique&hellip;\n","protected":false},"author":2,"featured_media":607959,"comment_status":"","ping_status":"","sticky":false,"template":"","format":"standard","meta":{"footnotes":""},"categories":[2820],"tags":[1111,11,1687,4877,1777,674,1011,27,71913,775,873,12,25,33143,640],"class_list":{"0":"post-607958","1":"post","2":"type-post","3":"status-publish","4":"format-standard","5":"has-post-thumbnail","7":"category-strasbourg","8":"tag-actu","9":"tag-actualites","10":"tag-culture-loisirs","11":"tag-edition-haguenau-wissembourg","12":"tag-eu","13":"tag-europe","14":"tag-fr","15":"tag-france","16":"tag-froeschwiller","17":"tag-grand-est","18":"tag-musique","19":"tag-news","20":"tag-republique-francaise","21":"tag-secteur-de-woerth","22":"tag-strasbourg"},"share_on_mastodon":{"url":"https:\/\/pubeurope.com\/@fr\/115741954359766176","error":""},"_links":{"self":[{"href":"https:\/\/www.europesays.com\/fr\/wp-json\/wp\/v2\/posts\/607958","targetHints":{"allow":["GET"]}}],"collection":[{"href":"https:\/\/www.europesays.com\/fr\/wp-json\/wp\/v2\/posts"}],"about":[{"href":"https:\/\/www.europesays.com\/fr\/wp-json\/wp\/v2\/types\/post"}],"author":[{"embeddable":true,"href":"https:\/\/www.europesays.com\/fr\/wp-json\/wp\/v2\/users\/2"}],"replies":[{"embeddable":true,"href":"https:\/\/www.europesays.com\/fr\/wp-json\/wp\/v2\/comments?post=607958"}],"version-history":[{"count":0,"href":"https:\/\/www.europesays.com\/fr\/wp-json\/wp\/v2\/posts\/607958\/revisions"}],"wp:featuredmedia":[{"embeddable":true,"href":"https:\/\/www.europesays.com\/fr\/wp-json\/wp\/v2\/media\/607959"}],"wp:attachment":[{"href":"https:\/\/www.europesays.com\/fr\/wp-json\/wp\/v2\/media?parent=607958"}],"wp:term":[{"taxonomy":"category","embeddable":true,"href":"https:\/\/www.europesays.com\/fr\/wp-json\/wp\/v2\/categories?post=607958"},{"taxonomy":"post_tag","embeddable":true,"href":"https:\/\/www.europesays.com\/fr\/wp-json\/wp\/v2\/tags?post=607958"}],"curies":[{"name":"wp","href":"https:\/\/api.w.org\/{rel}","templated":true}]}}