{"id":607964,"date":"2025-12-18T18:22:21","date_gmt":"2025-12-18T18:22:21","guid":{"rendered":"https:\/\/www.europesays.com\/fr\/607964\/"},"modified":"2025-12-18T18:22:21","modified_gmt":"2025-12-18T18:22:21","slug":"nantes-que-faire-durant-les-vacances-avec-vos-enfants","status":"publish","type":"post","link":"https:\/\/www.europesays.com\/fr\/607964\/","title":{"rendered":"Nantes. Que faire durant les vacances avec vos enfants ?"},"content":{"rendered":"<p>Jusqu\u2019au 2 janvier, la ville et ses alentours offrent de nombreuses activit\u00e9s, \u00e0 petits prix, pour les familles. Si les activit\u00e9s de No\u00ebl ravissent les plus petits, d\u2019autres animations sont \u00e0 retrouver : promenades et balades au vert, chants, danses et spectacles.<\/p>\n<p>Comme chaque ann\u00e9e, <strong>No\u00ebl aux Nefs<\/strong> revient avec ses animations : <a rel=\"nofollow noopener\" target=\"_blank\" href=\"https:\/\/www.levoyageanantes.fr\/evenements\/noel-aux-nefs\/\" class=\"trackingClickSiteWeb\">\u00e0 d\u00e9couvrir ici<\/a>.\u00a0<\/p>\n<p>On s\u2019amuse aux Nefs, au Ch\u00e2teau et \u00e0 Mixt<\/p>\n<p>Le <a rel=\"nofollow noopener\" target=\"_blank\" href=\"https:\/\/www.chateaunantes.fr\/\" class=\"trackingClickSiteWeb\">Mus\u00e9e d\u2019histoire<\/a>, situ\u00e9 \u00e0 l\u2019int\u00e9rieur du <strong>Ch\u00e2teau des ducs de Bretagne<\/strong>, propose aux familles un <strong>parcours <\/strong>joyeux \u00e0 travers ses salles. Pour guider les plus jeunes, un livret con\u00e7u avec l\u2019illustratrice Marta Orzel est remis \u00e0 l\u2019accueil du mus\u00e9e. Parmi les objets pr\u00e9sent\u00e9s dans les vitrines, No\u00ebl se cache dans les plus petits d\u00e9tails.<\/p>\n<p>Jusqu\u2019au 27 d\u00e9cembre, de nombreuses <strong>festivit\u00e9s artistiques<\/strong> s\u2019encha\u00eenent dans un nouvel espace culturel, <strong>Mixt<\/strong>, situ\u00e9 au 49, rue du Coudray, \u00e0 Nantes. Spectacles, DJ set, ateliers cr\u00e9atifs, performances, concerts, karaok\u00e9 avec musiciens live, battle, atelier mixage et autres surprises, la <a rel=\"nofollow noopener\" target=\"_blank\" href=\"https:\/\/mixt.fr\/agenda\" class=\"trackingClickSiteWeb\">programmation se veut vari\u00e9e<\/a>.<\/p>\n<p>Une visite au P\u00e8re et \u00e0 la M\u00e8re No\u00ebl<\/p>\n<p>Le <strong>P\u00e8re No\u00ebl<\/strong> vous donne rendez-vous <strong>place du Commerce<\/strong> (les mercredis et les week-ends) et <strong>place du Bouffay<\/strong> (les mercredis) o\u00f9 sa bo\u00eete aux lettres est install\u00e9e. Une balade, qui permet \u00e9galement d\u2019aller faire un tour au grand <strong>March\u00e9 de No\u00ebl<\/strong> et de saluer le Mouflon !<\/p>\n<p>Pour voir la <strong>M\u00e8re No\u00ebl<\/strong>, il faudra se rendre \u00e0 l\u2019entr\u00e9e de <strong>l\u2019Autre March\u00e9<\/strong>, qui propose \u00e9galement des chalets pleins de gourmandises sucr\u00e9es et sal\u00e9es !<\/p>\n<p>Dans la chaleur des tropiques !<\/p>\n<p>Que ce soit au <strong>Jardin des Plantes<\/strong> ou au <strong>Parc du Grand Blotereau<\/strong>, il est possible de <strong>visiter gratuitement les serres tropicales<\/strong>. Au Jardin des Plantes, tous les dimanches d\u2019hiver, une <a rel=\"nofollow noopener\" target=\"_blank\" href=\"https:\/\/metropole.nantes.fr\/que-faire-nantes\/visite-des-serres-historiques-de-nantes\" class=\"trackingClickSiteWeb\">visite guid\u00e9e<\/a> est organis\u00e9e \u00e0 16 h, sans r\u00e9servation, par l\u2019un des botanistes.<\/p>\n<p>Du 15 d\u00e9cembre au 27 d\u00e9cembre, de 18 h \u00e0 21 h 30, une <strong>cr\u00e9ation sonore et lumineuse<\/strong> baptis\u00e9e le <strong>chant du Palmarium<\/strong> enchante la serre des sons du crapaud buffle, du singe hurleur ou encore des abeilles m\u00e9lipones de Guyane\u2026 Dur\u00e9e 30 min. Gratuit, sur <a rel=\"nofollow noopener\" target=\"_blank\" href=\"https:\/\/my.weezevent.com\/noel-au-palmarium-1?_gl=1*13yh2hw*_gcl_au*MTUwNTI4NTE2My4xNzU5NzU1MTk3*_ga*MTU4NjUzNzM2NS4xNzEwOTM4Mjc1*_ga_39H9VBFX7G*czE3NTk3NTUyMDQkbzQ1JGcxJHQxNzU5NzU3NjM3JGo2MCRsMCRoMzE2NTQ1ODM4\" class=\"trackingClickSiteWeb\">r\u00e9servation obligatoire<\/a>. Plus d\u2019informations sur les visites sur le <a rel=\"nofollow noopener\" target=\"_blank\" href=\"https:\/\/metropole.nantes.fr\/que-faire-nantes\/visite-des-serres-historiques-de-nantes\" class=\"trackingClickSiteWeb\">site de la M\u00e9tropole<\/a>.<\/p>\n<p>Une com\u00e9die familiale, pour des \u00e9clats de rire<\/p>\n<p>Propos\u00e9 par l\u2019\u00e9quipe du <strong>Th\u00e9\u00e2tre 100 Noms<\/strong>, la com\u00e9die d\u00e9jant\u00e9e <strong>les Faux British<\/strong> est le succ\u00e8s de ce d\u00e9but de saison. R\u00e9compens\u00e9e par le Moli\u00e8re de la Com\u00e9die en 2016 et port\u00e9e par 7 artistes locaux, elle rend hilare le public qui succombe \u00e0 ce ph\u00e9nom\u00e8ne qui s\u00e9vit depuis 10 ans \u00e0 Paris et partout en France.<\/p>\n<p>S\u00e9ances exceptionnelles les 24 (19 h) et 31 d\u00e9cembre (20 h et 22 h 15). Plus d\u2019infos, dates et avis sur le <a rel=\"nofollow noopener\" target=\"_blank\" href=\"https:\/\/theatre100noms.com\/a-laffiche\/les-faux-british\/\" class=\"trackingClickSiteWeb\">site du Th\u00e9\u00e2tre 100 Noms<\/a>.<\/p>\n<p><img loading=\"lazy\" decoding=\"async\" style=\"display: block; margin-left: auto; margin-right: auto;\" src=\"https:\/\/www.europesays.com\/fr\/wp-content\/uploads\/2025\/12\/P35647636D7115683G.jpg\" alt=\"\" width=\"450\" height=\"450\"\/><\/p>\n<p class=\"elmt-legende\">Le P\u00e8re No\u00ebl vous attend places du Commerce et du Bouffay et \u00e0 l&rsquo;entr\u00e9e de l&rsquo;Autre March\u00e9 pour la M\u00e8re No\u00ebl. | Le Jardin Extraordinaire favorisera encore plus la biodiversit\u00e9 gr\u00e2ce \u00e0 son extension. \u00a9 LVAN | VILLE DE NANTES<\/p>\n<p>Le (nouveau) Jardin Extraordinaire<\/p>\n<p>Apr\u00e8s plus de deux ans de travaux, le Jardin Extraordinaire a inaugur\u00e9 mi-octobre <strong>sa partie est<\/strong> (1,6 hectare). Le site s\u2019\u00e9tend d\u00e9sormais sur <strong>3,5 hectares<\/strong> et diff\u00e9rents <strong>milieux <\/strong>ont \u00e9t\u00e9 recr\u00e9\u00e9s. Cela apporte de <strong>nouvelles esp\u00e8ces<\/strong> comme des plantes carnivores, des essences m\u00e9diterran\u00e9ennes ou encore des plantes comestibles. L\u2019extension favorisera aussi davantage la <strong>biodiversit\u00e9<\/strong>. Cette nouvelle partie int\u00e8gre \u00e9galement une <strong>dimension sportive et ludique in\u00e9dite<\/strong> pour un parc en centre-ville.<\/p>\n<p>Gr\u00e2ce aux falaises qui retiennent la chaleur et la restituent, il fait 4 \u00e0 5 degr\u00e9s de plus dans le jardin et il y a des fleurs toute l\u2019ann\u00e9e. Chaque <strong>saison <\/strong>apporte son lot de d\u00e9couvertes et donne une ambiance particuli\u00e8re \u00e0 d\u00e9couvrir.<\/p>\n<p>\u00a0<\/p>\n","protected":false},"excerpt":{"rendered":"Jusqu\u2019au 2 janvier, la ville et ses alentours offrent de nombreuses activit\u00e9s, \u00e0 petits prix, pour les familles.&hellip;\n","protected":false},"author":2,"featured_media":607965,"comment_status":"","ping_status":"","sticky":false,"template":"","format":"standard","meta":{"footnotes":""},"categories":[2818],"tags":[1111,11,1719,1777,674,4560,1011,27,766,12,2636,25,2528],"class_list":{"0":"post-607964","1":"post","2":"type-post","3":"status-publish","4":"format-standard","5":"has-post-thumbnail","7":"category-nantes","8":"tag-actu","9":"tag-actualites","10":"tag-enfants","11":"tag-eu","12":"tag-europe","13":"tag-faire","14":"tag-fr","15":"tag-france","16":"tag-nantes","17":"tag-news","18":"tag-pays-de-la-loire","19":"tag-republique-francaise","20":"tag-vacances"},"share_on_mastodon":{"url":"https:\/\/pubeurope.com\/@fr\/115741966184379806","error":""},"_links":{"self":[{"href":"https:\/\/www.europesays.com\/fr\/wp-json\/wp\/v2\/posts\/607964","targetHints":{"allow":["GET"]}}],"collection":[{"href":"https:\/\/www.europesays.com\/fr\/wp-json\/wp\/v2\/posts"}],"about":[{"href":"https:\/\/www.europesays.com\/fr\/wp-json\/wp\/v2\/types\/post"}],"author":[{"embeddable":true,"href":"https:\/\/www.europesays.com\/fr\/wp-json\/wp\/v2\/users\/2"}],"replies":[{"embeddable":true,"href":"https:\/\/www.europesays.com\/fr\/wp-json\/wp\/v2\/comments?post=607964"}],"version-history":[{"count":0,"href":"https:\/\/www.europesays.com\/fr\/wp-json\/wp\/v2\/posts\/607964\/revisions"}],"wp:featuredmedia":[{"embeddable":true,"href":"https:\/\/www.europesays.com\/fr\/wp-json\/wp\/v2\/media\/607965"}],"wp:attachment":[{"href":"https:\/\/www.europesays.com\/fr\/wp-json\/wp\/v2\/media?parent=607964"}],"wp:term":[{"taxonomy":"category","embeddable":true,"href":"https:\/\/www.europesays.com\/fr\/wp-json\/wp\/v2\/categories?post=607964"},{"taxonomy":"post_tag","embeddable":true,"href":"https:\/\/www.europesays.com\/fr\/wp-json\/wp\/v2\/tags?post=607964"}],"curies":[{"name":"wp","href":"https:\/\/api.w.org\/{rel}","templated":true}]}}