{"id":607974,"date":"2025-12-18T18:28:14","date_gmt":"2025-12-18T18:28:14","guid":{"rendered":"https:\/\/www.europesays.com\/fr\/607974\/"},"modified":"2025-12-18T18:28:14","modified_gmt":"2025-12-18T18:28:14","slug":"blocage-dun-acces-a-lautoroute-a68-pres-de-toulouse-des-agriculteurs-toujours-mobilises","status":"publish","type":"post","link":"https:\/\/www.europesays.com\/fr\/607974\/","title":{"rendered":"Blocage d\u2019un acc\u00e8s \u00e0 l\u2019autoroute A68 pr\u00e8s de Toulouse\u00a0: des agriculteurs toujours mobilis\u00e9s"},"content":{"rendered":"<p>\n                                                                    l&rsquo;essentiel<br \/>\n                                                                Les jeunes agriculteurs bloquent une bretelle d\u2019acc\u00e8s \u00e0 l\u2019autoroute A68 ce jeudi soir en Haute-Garonne.\n                            <\/p>\n<p>Les jeunes agriculteurs bloquent une bretelle d\u2019acc\u00e8s \u00e0 l\u2019autoroute A68 ce jeudi soir.<\/p>\n<p>Une quinzaine de professionnels du monde agricole occupent une bretelle\u00a0d\u2019acc\u00e8s de l\u2019autoroute Toulouse-Albi depuis 17\u00a0h\u00a030 ce jeudi 18\u00a0d\u00e9cembre 2025. Le mouvement se concentre sur les communes de Montastruc-la-Conseill\u00e8re et G\u00e9mil. Ces actions ont d\u00e9but\u00e9 il y a une semaine \u00e0 l\u2019initiative des jeunes agriculteurs locaux.<\/p>\n<p class=\"std-elt__inline\">\n        <strong>\u00c0 lire aussi :<\/strong><br \/>\n        <a href=\"https:\/\/www.ladepeche.fr\/2025\/12\/18\/colere-des-agriculteurs-gros-bazar-alors-quun-rond-point-strategique-est-bloque-pres-dikea-roques-au-sud-de-toulouse-13119031.php\" target=\"_blank\" rel=\"noopener\">Col\u00e8re des agriculteurs\u00a0: gros bazar alors qu\u2019un rond-point strat\u00e9gique est bloqu\u00e9 pr\u00e8s d\u2019Ikea Roques, au sud de Toulouse<\/a>\n    <\/p>\n<p>Selon les d\u00e9clarations de Marjorie Raynaud et C\u00e9cile Parise, copr\u00e9sidentes du JA sur le canton, \u00ab\u00a0la d\u00e9tresse des \u00e9leveurs face aux mesures d\u2019abattage syst\u00e9matique du troupeau nous a pouss\u00e9s \u00e0 agir solidairement, mais la col\u00e8re du monde agricole, ce sont aussi les accords du Mercosur, le prix des c\u00e9r\u00e9ales, des engrais, la difficult\u00e9 \u00e0 vivre de notre travail. Les raisons du m\u00e9contentement qui s\u2019\u00e9taient manifest\u00e9es il y a deux ans restent les m\u00eames\u00a0\u00bb.<\/p>\n","protected":false},"excerpt":{"rendered":"l&rsquo;essentiel Les jeunes agriculteurs bloquent une bretelle d\u2019acc\u00e8s \u00e0 l\u2019autoroute A68 ce jeudi soir en Haute-Garonne. Les jeunes&hellip;\n","protected":false},"author":2,"featured_media":607975,"comment_status":"","ping_status":"","sticky":false,"template":"","format":"standard","meta":{"footnotes":""},"categories":[2816],"tags":[1111,11,327,70814,33,1777,674,1011,27,2722,12,2680,25,2312],"class_list":{"0":"post-607974","1":"post","2":"type-post","3":"status-publish","4":"format-standard","5":"has-post-thumbnail","7":"category-toulouse","8":"tag-actu","9":"tag-actualites","10":"tag-agriculture","11":"tag-dermatose-nodulaire","12":"tag-economie","13":"tag-eu","14":"tag-europe","15":"tag-fr","16":"tag-france","17":"tag-haute-garonne","18":"tag-news","19":"tag-occitanie","20":"tag-republique-francaise","21":"tag-toulouse"},"share_on_mastodon":{"url":"https:\/\/pubeurope.com\/@fr\/115741989648749367","error":""},"_links":{"self":[{"href":"https:\/\/www.europesays.com\/fr\/wp-json\/wp\/v2\/posts\/607974","targetHints":{"allow":["GET"]}}],"collection":[{"href":"https:\/\/www.europesays.com\/fr\/wp-json\/wp\/v2\/posts"}],"about":[{"href":"https:\/\/www.europesays.com\/fr\/wp-json\/wp\/v2\/types\/post"}],"author":[{"embeddable":true,"href":"https:\/\/www.europesays.com\/fr\/wp-json\/wp\/v2\/users\/2"}],"replies":[{"embeddable":true,"href":"https:\/\/www.europesays.com\/fr\/wp-json\/wp\/v2\/comments?post=607974"}],"version-history":[{"count":0,"href":"https:\/\/www.europesays.com\/fr\/wp-json\/wp\/v2\/posts\/607974\/revisions"}],"wp:featuredmedia":[{"embeddable":true,"href":"https:\/\/www.europesays.com\/fr\/wp-json\/wp\/v2\/media\/607975"}],"wp:attachment":[{"href":"https:\/\/www.europesays.com\/fr\/wp-json\/wp\/v2\/media?parent=607974"}],"wp:term":[{"taxonomy":"category","embeddable":true,"href":"https:\/\/www.europesays.com\/fr\/wp-json\/wp\/v2\/categories?post=607974"},{"taxonomy":"post_tag","embeddable":true,"href":"https:\/\/www.europesays.com\/fr\/wp-json\/wp\/v2\/tags?post=607974"}],"curies":[{"name":"wp","href":"https:\/\/api.w.org\/{rel}","templated":true}]}}