{"id":607980,"date":"2025-12-18T18:31:16","date_gmt":"2025-12-18T18:31:16","guid":{"rendered":"https:\/\/www.europesays.com\/fr\/607980\/"},"modified":"2025-12-18T18:31:16","modified_gmt":"2025-12-18T18:31:16","slug":"au-golden-tulip-de-marseille-les-femmes-de-chambre-en-greve-en-raison-des-cadences-infernales","status":"publish","type":"post","link":"https:\/\/www.europesays.com\/fr\/607980\/","title":{"rendered":"Au Golden Tulip de Marseille, les femmes de chambre en gr\u00e8ve en raison des \u00ab\u00a0cadences infernales\u00a0\u00bb"},"content":{"rendered":"<p>Apr\u00e8s <a href=\"https:\/\/www.laprovence.com\/article\/region\/29377456456578\/les-conditions-de-travail-ne-font-qu-empirer-dans-les-ecoles-marseillaises-les-agents-en-colere\" target=\"_blank\" rel=\"noopener\">un premier jour de gr\u00e8ve<\/a> contre \u00ab\u00a0le manque de s\u00e9curit\u00e9 dans la manipulation des produits\u00a0\u00bb m\u00e9nagers le 5\u00a0d\u00e9cembre, la quinzaine d\u2019employ\u00e9es demandent la hausse de leur r\u00e9mun\u00e9ration et un 13e mois.<\/p>\n<p>\u00ab\u00a0Mon dos, c\u2019est de la compote\u00a0\u00bb<\/p>\n<p>Parmi les manifestantes, Mila travaille depuis 8\u00a0ans pour Isor au Golden Tulip et \u00ab\u00a0se sent au plus bas \u00e0 cause des cadences infernales\u00a0\u00bb. \u00ab\u00a0On prend notre service \u00e0 9\u00a0heures et on n\u2019a pas de pause jusqu\u2019\u00e0 14\u00a0heures. 15 chambres sont \u00e0 nettoyer, quand tout va bien, mais c\u2019est parfois plus. En tout cas, on a 5\u00a0heures pour tout faire\u00a0\u00bb, expose cette salari\u00e9e pay\u00e9e 12,50\u00a0euros net de l\u2019heure qui fr\u00f4le les \u00ab\u00a01\u00a0200\u00a0euros par mois\u00a0\u00bb pour un temps complet r\u00e9parti entre un forfait de base de 25\u00a0heures et des heures suppl\u00e9mentaires.<\/p>\n","protected":false},"excerpt":{"rendered":"Apr\u00e8s un premier jour de gr\u00e8ve contre \u00ab\u00a0le manque de s\u00e9curit\u00e9 dans la manipulation des produits\u00a0\u00bb m\u00e9nagers le&hellip;\n","protected":false},"author":2,"featured_media":607981,"comment_status":"","ping_status":"","sticky":false,"template":"","format":"standard","meta":{"footnotes":""},"categories":[2814],"tags":[17,1111,11,15760,1777,674,4651,1011,27,42700,6151,151,884,12,882,25,104,71914],"class_list":{"0":"post-607980","1":"post","2":"type-post","3":"status-publish","4":"format-standard","5":"has-post-thumbnail","7":"category-marseille","8":"tag-17","9":"tag-actu","10":"tag-actualites","11":"tag-chambre","12":"tag-eu","13":"tag-europe","14":"tag-femmes","15":"tag-fr","16":"tag-france","17":"tag-golden","18":"tag-greve","19":"tag-les","20":"tag-marseille","21":"tag-news","22":"tag-provence-alpes-cote-dazur","23":"tag-republique-francaise","24":"tag-societe","25":"tag-tulip"},"share_on_mastodon":{"url":"https:\/\/pubeurope.com\/@fr\/115742001402256297","error":""},"_links":{"self":[{"href":"https:\/\/www.europesays.com\/fr\/wp-json\/wp\/v2\/posts\/607980","targetHints":{"allow":["GET"]}}],"collection":[{"href":"https:\/\/www.europesays.com\/fr\/wp-json\/wp\/v2\/posts"}],"about":[{"href":"https:\/\/www.europesays.com\/fr\/wp-json\/wp\/v2\/types\/post"}],"author":[{"embeddable":true,"href":"https:\/\/www.europesays.com\/fr\/wp-json\/wp\/v2\/users\/2"}],"replies":[{"embeddable":true,"href":"https:\/\/www.europesays.com\/fr\/wp-json\/wp\/v2\/comments?post=607980"}],"version-history":[{"count":0,"href":"https:\/\/www.europesays.com\/fr\/wp-json\/wp\/v2\/posts\/607980\/revisions"}],"wp:featuredmedia":[{"embeddable":true,"href":"https:\/\/www.europesays.com\/fr\/wp-json\/wp\/v2\/media\/607981"}],"wp:attachment":[{"href":"https:\/\/www.europesays.com\/fr\/wp-json\/wp\/v2\/media?parent=607980"}],"wp:term":[{"taxonomy":"category","embeddable":true,"href":"https:\/\/www.europesays.com\/fr\/wp-json\/wp\/v2\/categories?post=607980"},{"taxonomy":"post_tag","embeddable":true,"href":"https:\/\/www.europesays.com\/fr\/wp-json\/wp\/v2\/tags?post=607980"}],"curies":[{"name":"wp","href":"https:\/\/api.w.org\/{rel}","templated":true}]}}