{"id":607982,"date":"2025-12-18T18:32:13","date_gmt":"2025-12-18T18:32:13","guid":{"rendered":"https:\/\/www.europesays.com\/fr\/607982\/"},"modified":"2025-12-18T18:32:13","modified_gmt":"2025-12-18T18:32:13","slug":"marseille-dans-cet-arrondissement-populaire-la-population-a-explose-selon-linsee","status":"publish","type":"post","link":"https:\/\/www.europesays.com\/fr\/607982\/","title":{"rendered":"Marseille. Dans cet arrondissement populaire, la population a explos\u00e9 selon l&rsquo;Insee"},"content":{"rendered":"<p>                    Par<br \/>\n        <strong><br \/>\n            <a href=\"https:\/\/actu.fr\/auteur\/fabien-binacchi\" title=\"Consulter tous les articles de Fabien Binacchi\" target=\"_blank\" rel=\"noopener\">Fabien Binacchi<\/a><br \/>\n                    <\/strong><\/p>\n<p>        Publi\u00e9 le<\/p>\n<p>            18 d\u00e9c. 2025 \u00e0 19h12        <\/p>\n<p>Les tout derniers chiffres de l\u2019Insee sont tomb\u00e9s ce jeudi 18 d\u00e9cembre 2025\u2009: ils r\u00e9v\u00e8lent <strong>l\u2019\u00e9volution du nombre d\u2019habitants en France et dans toutes les communes.<\/strong> Et les donn\u00e9es consolid\u00e9es pour 2023 font appara\u00eetre des sp\u00e9cificit\u00e9s locales. \u00c0 <a href=\"https:\/\/actu.fr\/marseille\/\" target=\"_blank\" rel=\"noopener\">Marseille<\/a> (<a href=\"https:\/\/actu.fr\/provence-alpes-cote-d-azur\/bouches-du-rhone_13\" target=\"_blank\" rel=\"noopener\">Bouches-du-Rh\u00f4ne<\/a>), qui reste, et de loin, la deuxi\u00e8me ville la plus peupl\u00e9e du pays, le nombre d\u2019habitants a particuli\u00e8rement augment\u00e9 dans un arrondissement. Explications.<\/p>\n<p>Le 3e arrondissement en plein boom<\/p>\n<p class=\" wall-content\">De 2017 \u00e0 2023, <strong>la cit\u00e9 phoc\u00e9enne a gagn\u00e9 22730 habitants.<\/strong> Mais les nouveaux arrivants (pour une population totale pass\u00e9e de 863310 \u00e0 886040 personnes, soit +\u00a02,6\u2009%) ne se sont pas r\u00e9partis uniform\u00e9ment dans les seize arrondissements que compte la ville.<\/p>\n<p class=\" wall-content\"><strong>Les arrondissements de Marseille en 2023, du plus au moins peupl\u00e9<\/strong><\/p>\n<ol class=\" wall-content\">\n<li>Le 13e avec 95112 habitants<\/li>\n<li>Le 8e avec 84683 habitants<\/li>\n<li>Le 15e avec 79161 habitants<\/li>\n<li>Le 9e avec 77406 habitants<\/li>\n<li>Le 12e avec 64399 habitants<\/li>\n<li>Le 14e avec 60505 habitants<\/li>\n<li>Le 10e avec 60317 habitants<\/li>\n<li>Le 11e avec 59883 habitants<\/li>\n<li>Le 3e avec 58029 habitants<\/li>\n<li>Le 4e avec 49363 habitants<\/li>\n<li>Le 6e avec 45702 habitants<\/li>\n<li>Le 6e avec 38476 habitants<\/li>\n<li>Le 1er avec 37599 habitants<\/li>\n<li>Le 7e avec 35173 habitants<\/li>\n<li>Le 2e avec 24378 habitants<\/li>\n<li>Le 16e avec 15854 habitants<\/li>\n<\/ol>\n<p class=\" wall-content\">Le 3e, en particulier, enregistre <strong>une v\u00e9ritable explosion<\/strong>, selon les chiffres communiqu\u00e9s par l\u2019Institut national de la statistique et des \u00e9tudes \u00e9conomiques (Insee). Compos\u00e9 des quartiers Saint-Mauront, Saint-Lazare, La Villette et Belle-de-Mai \u2013 longtemps r\u00e9put\u00e9 comme \u00e9tant le plus pauvre d\u2019Europe, ce dernier a vu sa population passer de 48764 \u00e0 58029 habitants en l\u2019espace de sept ans\u2009: soit <strong>une augmentation de 19\u2009%.<\/strong><\/p>\n<p class=\" wall-content\">C\u2019est bien plus qu\u2019ailleurs. Dans <strong>les 10e et 12e arrondissements,<\/strong> <strong>deuxi\u00e8me et troisi\u00e8me plus forts dynamismes d\u00e9mographiques<\/strong> de la ville de Marseille, le nombre de r\u00e9sidents n\u2019augmente respectivement que de 7,4\u2009% et 6,2\u2009%.<\/p>\n<p>    <img   decoding=\"async\" loading=\"lazy\" src=\"https:\/\/www.europesays.com\/fr\/wp-content\/uploads\/2025\/12\/arrondissements-marseille-960x640.jpg\" alt=\"arrondissements marseille\" width=\"960\" height=\"640\"\/><br \/>\n    Les seize arrondissements de la Ville de Marseille. (\u00a9Office de tourisme de Marseille)Le 6e perd le plus d\u2019habitants<\/p>\n<p class=\" wall-content\">Les 4e, 7e, 8e, 9e, 10e, 11e et 13e arrondissements voient \u00e9galement leur population augmenter, plus ou moins l\u00e9g\u00e8rement. \u00c0 l\u2019inverse des <strong>1er, 2e, 5e, 14e, 16e et surtout 6e<\/strong> arrondissements, qui, eux, ont perdu des habitants entre\u00a02017 et\u00a02024.<\/p>\n<p class=\" wall-content\">Celui qui regroupe les quartiers Castellane, Lodi, Notre-Dame-du-Mont, Palais-de-Justice, Pr\u00e9fecture et Vauban accuse la plus forte baisse. Et de loin\u2009: <strong>-10\u2009%.<\/strong> Si l\u2019Insee y d\u00e9nombrait 42827 personnes en 2017, elles n\u2019\u00e9taient plus que 38476 en 2023.<\/p>\n<p class=\" wall-content\">Personnalisez votre actualit\u00e9 en ajoutant vos villes et m\u00e9dias en favori avec <a href=\"https:\/\/moncompte.actu.fr\" title=\"D\u00e9couvez Mon Actu\" rel=\"nofollow noopener\" data-trk=\"{&quot;cta&quot;:{&quot;action&quot;:&quot;https:\\\/\\\/moncompte.actu.fr&quot;,&quot;category&quot;:&quot;mon compte&quot;,&quot;from&quot;:&quot;article footer&quot;,&quot;name&quot;:&quot;Mon actu&quot;,&quot;type&quot;:&quot;cta&quot;}}\" target=\"_blank\">Mon Actu<\/a>.<\/p>\n","protected":false},"excerpt":{"rendered":"Par Fabien Binacchi Publi\u00e9 le 18 d\u00e9c. 2025 \u00e0 19h12 Les tout derniers chiffres de l\u2019Insee sont tomb\u00e9s&hellip;\n","protected":false},"author":2,"featured_media":607983,"comment_status":"","ping_status":"","sticky":false,"template":"","format":"standard","meta":{"footnotes":""},"categories":[2814],"tags":[1111,11,6969,1777,674,1011,27,884,12,882,25,104],"class_list":{"0":"post-607982","1":"post","2":"type-post","3":"status-publish","4":"format-standard","5":"has-post-thumbnail","7":"category-marseille","8":"tag-actu","9":"tag-actualites","10":"tag-demographie","11":"tag-eu","12":"tag-europe","13":"tag-fr","14":"tag-france","15":"tag-marseille","16":"tag-news","17":"tag-provence-alpes-cote-dazur","18":"tag-republique-francaise","19":"tag-societe"},"share_on_mastodon":{"url":"https:\/\/pubeurope.com\/@fr\/115742006201679522","error":""},"_links":{"self":[{"href":"https:\/\/www.europesays.com\/fr\/wp-json\/wp\/v2\/posts\/607982","targetHints":{"allow":["GET"]}}],"collection":[{"href":"https:\/\/www.europesays.com\/fr\/wp-json\/wp\/v2\/posts"}],"about":[{"href":"https:\/\/www.europesays.com\/fr\/wp-json\/wp\/v2\/types\/post"}],"author":[{"embeddable":true,"href":"https:\/\/www.europesays.com\/fr\/wp-json\/wp\/v2\/users\/2"}],"replies":[{"embeddable":true,"href":"https:\/\/www.europesays.com\/fr\/wp-json\/wp\/v2\/comments?post=607982"}],"version-history":[{"count":0,"href":"https:\/\/www.europesays.com\/fr\/wp-json\/wp\/v2\/posts\/607982\/revisions"}],"wp:featuredmedia":[{"embeddable":true,"href":"https:\/\/www.europesays.com\/fr\/wp-json\/wp\/v2\/media\/607983"}],"wp:attachment":[{"href":"https:\/\/www.europesays.com\/fr\/wp-json\/wp\/v2\/media?parent=607982"}],"wp:term":[{"taxonomy":"category","embeddable":true,"href":"https:\/\/www.europesays.com\/fr\/wp-json\/wp\/v2\/categories?post=607982"},{"taxonomy":"post_tag","embeddable":true,"href":"https:\/\/www.europesays.com\/fr\/wp-json\/wp\/v2\/tags?post=607982"}],"curies":[{"name":"wp","href":"https:\/\/api.w.org\/{rel}","templated":true}]}}