{"id":607984,"date":"2025-12-18T18:33:16","date_gmt":"2025-12-18T18:33:16","guid":{"rendered":"https:\/\/www.europesays.com\/fr\/607984\/"},"modified":"2025-12-18T18:33:16","modified_gmt":"2025-12-18T18:33:16","slug":"lyon-nouveau-metro-tram-express-bruno-bernard-tacle-jean-michel-aulas-et-veronique-sarselli","status":"publish","type":"post","link":"https:\/\/www.europesays.com\/fr\/607984\/","title":{"rendered":"Lyon. Nouveau m\u00e9tro, tram express&#8230; Bruno Bernard tacle Jean-Michel Aulas et V\u00e9ronique Sarselli"},"content":{"rendered":"<p>                    Par<br \/>\n        <strong><br \/>\n            <a href=\"https:\/\/actu.fr\/auteur\/anthony-soudani\" title=\"Consulter tous les articles de Anthony Soudani\" target=\"_blank\" rel=\"noopener\">Anthony Soudani<\/a><br \/>\n                    <\/strong><\/p>\n<p>        Publi\u00e9 le<\/p>\n<p>            18 d\u00e9c. 2025 \u00e0 18h44        <\/p>\n<p>Alors que le commissaire-enqu\u00eateur a donn\u00e9 un avis favorable concernant le futur <a href=\"https:\/\/actu.fr\/auvergne-rhone-alpes\/lyon_69123\/lyon-le-trace-du-tramway-express-de-l-ouest-lyonnais-valide-ce-qui-va-changer_61076546.html\" target=\"_blank\" rel=\"noopener\">Tramway express de l\u2019ouest lyonnais<\/a> (Teol), <strong>V\u00e9ronique Sarselli<\/strong>, candidate LR \u00e0 la m\u00e9tropole de Lyon soutenue par <a href=\"https:\/\/actu.fr\/auvergne-rhone-alpes\/lyon_69123\/lyon-jean-michel-aulas-promet-une-grande-foret-urbaine-en-pleine-ville-voici-son-plan_63588062.html\" target=\"_blank\" rel=\"noopener\">Jean-Michel Aulas<\/a>, a r\u00e9cemment critiqu\u00e9 le projet des \u00e9cologistes dans une vid\u00e9o aux c\u00f4t\u00e9s du maire de Tassin-la-Demi-Lune, Pascal Charmot, contre depuis le d\u00e9but.\u00a0<br \/><strong>Bruno Bernard<\/strong> r\u00e9pond \u00e0 ses d\u00e9tracteurs aupr\u00e8s d\u2019actu Lyon \u00e0 l\u2019issue du conseil d\u2019administration du Sytral qui a eu lieu ce jeudi 18 d\u00e9cembre 2025.\u00a0<\/p>\n<p>Le maire de Tassin d\u00e9nonce l\u2019expropriation d\u2019une vingtaine de maisons<\/p>\n<p class=\" wall-content\">Le maire de l\u2019ouest lyonnais d\u00e9nonce \u00ab\u00a0l\u2019expropriation d\u2019une vingtaine de maisons dans sa commune, o\u00f9 le tramway semi-enterr\u00e9 ressortirait en surface\u00a0\u00bb.\u00a0<\/p>\n<p class=\" wall-content\">V\u00e9ronique Sarselli d\u2019ajouter : \u00ab\u00a0Ce projet, c\u2019est le r\u00e9sultat de sept ann\u00e9es de perdu finalement, un m\u00e9tro E abandonn\u00e9 pourtant pl\u00e9biscit\u00e9 par les habitants, un projet de t\u00e9l\u00e9ph\u00e9rique qui sort du chapeau abandonn\u00e9 lui aussi\u2026 et puis un tram semi-enterr\u00e9 partout sauf \u00e0 Tassin-la-Demi-Lune.\u00a0\u00bb<\/p>\n<p class=\" wall-content\">\n<p>Un projet \u00ab\u00a0concert\u00e9 et fortement am\u00e9lior\u00e9\u00a0\u00bb, d\u00e9fend Bruno Bernard<\/p>\n<p class=\" wall-content\">Interrog\u00e9 sur ces propos, <a href=\"https:\/\/actu.fr\/tag\/bruno-bernard\" target=\"_blank\" rel=\"noopener\">Bruno Bernard<\/a> d\u00e9fend le projet de Teol : \u00ab\u00a0C\u2019est <strong>un investissement de 800 millions d\u2019euros<\/strong>, le plus gros depuis le m\u00e9tro D. C\u2019est un investissement lourd pour l\u2019ouest, adapt\u00e9 au territoire, en partie enterr\u00e9. Il va permettre de relier Ala\u00ef \u00e0 Confluence en 15 minutes.\u00a0\u00bb<\/p>\n<p class=\" wall-content\">Le projet a \u00e9t\u00e9 \u00ab\u00a0concert\u00e9 et fortement am\u00e9lior\u00e9\u00a0\u00bb notamment entre M\u00e9nival et Ala\u00ef. \u00ab\u00a0C\u2019est un secteur contraint pour la circulation automobile. On a trouv\u00e9 une solution : aucune voie de circulation est enlev\u00e9e\u00a0\u00bb, affirme le pr\u00e9sident \u00e9cologiste.<\/p>\n<p class=\" wall-content\">\n<p class=\" wall-content\">Malgr\u00e9 tout, il y a encore des oppositions du maire de Tassin-la-Demi-Lune. Ce dernier affirme que \u2018le tramway va occuper l\u2019\u00e9quivalent de deux voies de circulation\u00a0\u00bb dans sa commune. \u00ab\u00a0Il va aggraver tr\u00e8s fortement le trafic quotidien. Il n\u2019y a qu\u2019\u00e0 Tassin-la-Demi-Lune que cela se passe comme \u00e7a. C\u2019est \u00e0 la fois non responsable et non \u00e9quitable.\u00a0\u00bb<\/p>\n<p>    <img   decoding=\"async\" loading=\"lazy\" src=\"https:\/\/www.europesays.com\/fr\/wp-content\/uploads\/2025\/12\/pont-tcl-la-mulatiere-lyon-sytral-teol-960x640.png\" alt=\"Une vue du futur pont du T\u00e9ol prise en direction de la colline de La Mulati\u00e8re.\" width=\"960\" height=\"640\"\/><br \/>\n    Une vue du futur pont du T\u00e9ol prise en direction de la colline de La Mulati\u00e8re. (\u00a9OMA &amp; HISM)<\/p>\n<p>Votre r\u00e9gion, votre actu !<\/p>\n<p>Recevez chaque jour les infos qui comptent pour vous.<\/p>\n<p>\t<a href=\"https:\/\/actu.fr\/newsletter\" class=\"ac-btn ac-btn--corner ac-btn--medium ac-btn--blue800\" target=\"_blank\" rel=\"noopener\">S&rsquo;incrire<\/a><\/p>\n<p class=\" wall-content\">Pour Bruno Bernard, les ambitions des uns et des autres sont claires avant les \u00e9lections : \u00ab\u00a0Nous souhaitons faire ce projet, Madame Sarselli ne le souhaite pas. Ce sont aux electeurs de choisir.\u00a0\u00bb \u00c0 noter qu\u2019en cas de marche arri\u00e8re sur le projet de Teol, <strong>au moins 56,2 millions d\u2019euros auront \u00e9t\u00e9 gaspill\u00e9s<\/strong> (somme d\u00e9j\u00e0 engag\u00e9e et vot\u00e9e pour 2025 et 2026).\u00a0<\/p>\n<p>Bruno Bernard tacle Jean-Michel Aulas et son projet de m\u00e9tro<\/p>\n<p class=\" wall-content\">Le pr\u00e9sident \u00e9cologiste sortant en a \u00e9galement profit\u00e9 pour glisser un tacle \u00e0 son autre adversaire : Jean-Michel Aulas. L\u2019ancien patron de l\u2019OL, candidat \u00e0 la mairie de Lyon face \u00e0 <a href=\"https:\/\/actu.fr\/auvergne-rhone-alpes\/lyon_69123\/lyon-polemiques-injustifiees-salir-les-artistes-gregory-doucet-defend-la-fete-des-lumieres_63595841.html\" target=\"_blank\" rel=\"noopener\">Gr\u00e9gory Doucet<\/a>, porte le projet d\u2019un m\u00e9tro pour desservir l\u2019est lyonnais. Bruno Bernard y voit un int\u00e9r\u00eat personnel\u2026<\/p>\n<blockquote class=\"ac-article-quote wall-content\">\n<p>Jean-Michel Aulas souhaite un m\u00e9tro pour D\u00e9cines et Meyzieu pour des int\u00e9r\u00eats personnels. Avec sa soci\u00e9t\u00e9 Hollnest, il a tous les concerts et les spectacles au Groupama Stadium jusqu\u2019en 2037&#8230; S&rsquo;il veut d\u00e9fendre les int\u00e9r\u00eats des Lyonnais, c\u2019est plus utile de desservir le 5e arrondissement de Lyon avec le tramway express de l&rsquo;ouest lyonnais.<\/p>\n<p>    <strong>Bruno Bernard<\/strong>\n            <\/p><\/blockquote>\n<p class=\" wall-content\">Les int\u00e9r\u00eats personnels d\u2019Aulas ? Un argument sur lequel le camp des \u00e9cologistes risque de s\u2019appuyer de plus en plus au fil de la campagne.<\/p>\n<p class=\" wall-content\">Personnalisez votre actualit\u00e9 en ajoutant vos villes et m\u00e9dias en favori avec <a href=\"https:\/\/moncompte.actu.fr\" title=\"D\u00e9couvez Mon Actu\" rel=\"nofollow noopener\" data-trk=\"{&quot;cta&quot;:{&quot;action&quot;:&quot;https:\\\/\\\/moncompte.actu.fr&quot;,&quot;category&quot;:&quot;mon compte&quot;,&quot;from&quot;:&quot;article footer&quot;,&quot;name&quot;:&quot;Mon actu&quot;,&quot;type&quot;:&quot;cta&quot;}}\" target=\"_blank\">Mon Actu<\/a>.<\/p>\n","protected":false},"excerpt":{"rendered":"Par Anthony Soudani Publi\u00e9 le 18 d\u00e9c. 2025 \u00e0 18h44 Alors que le commissaire-enqu\u00eateur a donn\u00e9 un avis&hellip;\n","protected":false},"author":2,"featured_media":607985,"comment_status":"","ping_status":"","sticky":false,"template":"","format":"standard","meta":{"footnotes":""},"categories":[1889],"tags":[1111,11,2430,5921,1777,674,1011,27,5227,2428,12,316,25,5787],"class_list":{"0":"post-607984","1":"post","2":"type-post","3":"status-publish","4":"format-standard","5":"has-post-thumbnail","7":"category-lyon","8":"tag-actu","9":"tag-actualites","10":"tag-auvergne-rhone-alpes","11":"tag-bruno-bernard","12":"tag-eu","13":"tag-europe","14":"tag-fr","15":"tag-france","16":"tag-jean-michel-aulas","17":"tag-lyon","18":"tag-news","19":"tag-politique","20":"tag-republique-francaise","21":"tag-transports-en-commun-lyonnais-tcl"},"share_on_mastodon":{"url":"https:\/\/pubeurope.com\/@fr\/115742010216249752","error":""},"_links":{"self":[{"href":"https:\/\/www.europesays.com\/fr\/wp-json\/wp\/v2\/posts\/607984","targetHints":{"allow":["GET"]}}],"collection":[{"href":"https:\/\/www.europesays.com\/fr\/wp-json\/wp\/v2\/posts"}],"about":[{"href":"https:\/\/www.europesays.com\/fr\/wp-json\/wp\/v2\/types\/post"}],"author":[{"embeddable":true,"href":"https:\/\/www.europesays.com\/fr\/wp-json\/wp\/v2\/users\/2"}],"replies":[{"embeddable":true,"href":"https:\/\/www.europesays.com\/fr\/wp-json\/wp\/v2\/comments?post=607984"}],"version-history":[{"count":0,"href":"https:\/\/www.europesays.com\/fr\/wp-json\/wp\/v2\/posts\/607984\/revisions"}],"wp:featuredmedia":[{"embeddable":true,"href":"https:\/\/www.europesays.com\/fr\/wp-json\/wp\/v2\/media\/607985"}],"wp:attachment":[{"href":"https:\/\/www.europesays.com\/fr\/wp-json\/wp\/v2\/media?parent=607984"}],"wp:term":[{"taxonomy":"category","embeddable":true,"href":"https:\/\/www.europesays.com\/fr\/wp-json\/wp\/v2\/categories?post=607984"},{"taxonomy":"post_tag","embeddable":true,"href":"https:\/\/www.europesays.com\/fr\/wp-json\/wp\/v2\/tags?post=607984"}],"curies":[{"name":"wp","href":"https:\/\/api.w.org\/{rel}","templated":true}]}}