{"id":607990,"date":"2025-12-18T18:38:18","date_gmt":"2025-12-18T18:38:18","guid":{"rendered":"https:\/\/www.europesays.com\/fr\/607990\/"},"modified":"2025-12-18T18:38:18","modified_gmt":"2025-12-18T18:38:18","slug":"les-deux-policiers-condamnes-a-3-ans-de-prison-avec-sursis","status":"publish","type":"post","link":"https:\/\/www.europesays.com\/fr\/607990\/","title":{"rendered":"les deux policiers condamn\u00e9s \u00e0 3 ans de prison avec sursis"},"content":{"rendered":"<p>                    Par<br \/>\n        <strong><br \/>\n            <a href=\"https:\/\/actu.fr\/auteur\/redaction-paris\" title=\"Consulter tous les articles de R\u00e9daction Paris\" target=\"_blank\" rel=\"noopener\">R\u00e9daction Paris<\/a><br \/>\n                    <\/strong><\/p>\n<p>        Publi\u00e9 le<\/p>\n<p>            18 d\u00e9c. 2025 \u00e0 15h16        <\/p>\n<p>Deux policiers ont \u00e9t\u00e9 reconnus coupables de <strong>violence volontaire aggrav\u00e9e<\/strong> et condamn\u00e9s \u00e0 trois ans de prison avec sursis par le tribunal correctionnel de Cr\u00e9teil ce jeudi 18 d\u00e9cembre 2025. Le 14 octobre dernier, <a href=\"https:\/\/actu.fr\/ile-de-france\/paris_75056\/video-une-voiture-de-police-percute-un-motard-a-la-sortie-de-paris-j-ai-failli-perdre-la-vie_63319893.html\" target=\"_blank\" rel=\"noopener\">ils avaient volontairement percut\u00e9 un motard<\/a> avec leur voiture de service sur l\u2019autoroute A4 en r\u00e9gion parisienne.<\/p>\n<p class=\" wall-content\">Cette peine est en outre assortie d\u2019une interdiction d\u2019exercer la profession de fonctionnaire de police <strong>pendant un an<\/strong> et de porter une arme pendant un an, avec ex\u00e9cution provisoire.<\/p>\n<p>Une vid\u00e9o virale sur les r\u00e9seaux sociaux<\/p>\n<p class=\" wall-content\">Les faits remontent \u00e0 la mi-octobre 2025, vers 17h. Les deux fonctionnaires en voiture percutent sur la gauche un motard qui roulait sur l\u2019autoroute A4, au niveau de Charenton-le-Pont (Val-de-Marne). Le policier sort m\u00eame le bras pour taper la moto et d\u00e9s\u00e9quilibrer le conducteur du deux-roues. Si celui-ci parvient \u00e0 ne pas chuter, il garde d\u00e8s lors en m\u00e9moire ce <strong>\u00ab\u00a0sentiment de mort imminente\u00a0\u00bb.\u00a0<\/strong><\/p>\n<p class=\" wall-content\">Quelques instants plus t\u00f4t, le motard avait d\u00e9j\u00e0 crois\u00e9 la voiture de police avec qui il avait eu un accrochage en voulant la d\u00e9passer par la droite vers le pont de Bercy.<\/p>\n<p class=\" wall-content\">Une vid\u00e9o avait permis d\u2019enregistrer les images du violent heurt avant qu\u2019elles ne soient diffus\u00e9es sur les r\u00e9seaux sociaux. Le motard qui, dans un premier temps n\u2019avait pas voulu d\u00e9noncer ces faits au commissariat, a fini par <strong>porter plainte pour tentative de meurtre<\/strong>. Une enqu\u00eate avait alors \u00e9t\u00e9 ouverte par l\u2019Inspection g\u00e9n\u00e9rale de la police nationale (IGPN).<\/p>\n<p class=\" wall-content\">Au tribunal, les deux policiers avaient plaid\u00e9 l\u2019accident involontaire, indiquant avoir voulu s\u2019ins\u00e9rer devant la moto qui \u00e9tait dans l\u2019angle mort du conducteur. \u00ab\u00a0Je ne pensais pas du tout l\u2019avoir touch\u00e9\u00a0\u00bb, avait assur\u00e9 ce dernier. Le bras sorti par la fen\u00eatre ? Un geste \u00ab\u00a0fait par instinct pour dire aux v\u00e9hicules derri\u00e8re de laisser le passage\u00a0\u00bb. <strong>Le procureur avait requis 18 mois de prison avec sursis<\/strong> contre les deux agents ainsi qu\u2019une interdiction d\u2019exercer leur profession pendant un an.<\/p>\n<p class=\" wall-content\">Avec AFP<\/p>\n<p class=\" wall-content\">Personnalisez votre actualit\u00e9 en ajoutant vos villes et m\u00e9dias en favori avec <a href=\"https:\/\/moncompte.actu.fr\" title=\"D\u00e9couvez Mon Actu\" rel=\"nofollow noopener\" data-trk=\"{&quot;cta&quot;:{&quot;action&quot;:&quot;https:\\\/\\\/moncompte.actu.fr&quot;,&quot;category&quot;:&quot;mon compte&quot;,&quot;from&quot;:&quot;article footer&quot;,&quot;name&quot;:&quot;Mon actu&quot;,&quot;type&quot;:&quot;cta&quot;}}\" target=\"_blank\">Mon Actu<\/a>.<\/p>\n","protected":false},"excerpt":{"rendered":"Par R\u00e9daction Paris Publi\u00e9 le 18 d\u00e9c. 2025 \u00e0 15h16 Deux policiers ont \u00e9t\u00e9 reconnus coupables de violence&hellip;\n","protected":false},"author":2,"featured_media":607991,"comment_status":"","ping_status":"","sticky":false,"template":"","format":"standard","meta":{"footnotes":""},"categories":[1888],"tags":[1111,1928,11,1927,1777,674,118,1011,27,303,12,1926,626,1925,25,7374],"class_list":{"0":"post-607990","1":"post","2":"type-post","3":"status-publish","4":"format-standard","5":"has-post-thumbnail","7":"category-paris","8":"tag-actu","9":"tag-actu-paris","10":"tag-actualites","11":"tag-actualites-paris","12":"tag-eu","13":"tag-europe","14":"tag-faits-divers","15":"tag-fr","16":"tag-france","17":"tag-justice","18":"tag-news","19":"tag-news-paris","20":"tag-paris","21":"tag-paris-news","22":"tag-republique-francaise","23":"tag-violences-policieres"},"share_on_mastodon":{"url":"https:\/\/pubeurope.com\/@fr\/115742030132437511","error":""},"_links":{"self":[{"href":"https:\/\/www.europesays.com\/fr\/wp-json\/wp\/v2\/posts\/607990","targetHints":{"allow":["GET"]}}],"collection":[{"href":"https:\/\/www.europesays.com\/fr\/wp-json\/wp\/v2\/posts"}],"about":[{"href":"https:\/\/www.europesays.com\/fr\/wp-json\/wp\/v2\/types\/post"}],"author":[{"embeddable":true,"href":"https:\/\/www.europesays.com\/fr\/wp-json\/wp\/v2\/users\/2"}],"replies":[{"embeddable":true,"href":"https:\/\/www.europesays.com\/fr\/wp-json\/wp\/v2\/comments?post=607990"}],"version-history":[{"count":0,"href":"https:\/\/www.europesays.com\/fr\/wp-json\/wp\/v2\/posts\/607990\/revisions"}],"wp:featuredmedia":[{"embeddable":true,"href":"https:\/\/www.europesays.com\/fr\/wp-json\/wp\/v2\/media\/607991"}],"wp:attachment":[{"href":"https:\/\/www.europesays.com\/fr\/wp-json\/wp\/v2\/media?parent=607990"}],"wp:term":[{"taxonomy":"category","embeddable":true,"href":"https:\/\/www.europesays.com\/fr\/wp-json\/wp\/v2\/categories?post=607990"},{"taxonomy":"post_tag","embeddable":true,"href":"https:\/\/www.europesays.com\/fr\/wp-json\/wp\/v2\/tags?post=607990"}],"curies":[{"name":"wp","href":"https:\/\/api.w.org\/{rel}","templated":true}]}}