{"id":607998,"date":"2025-12-18T18:42:14","date_gmt":"2025-12-18T18:42:14","guid":{"rendered":"https:\/\/www.europesays.com\/fr\/607998\/"},"modified":"2025-12-18T18:42:14","modified_gmt":"2025-12-18T18:42:14","slug":"la-russie-repousse-sans-cesse-les-limites-liberation","status":"publish","type":"post","link":"https:\/\/www.europesays.com\/fr\/607998\/","title":{"rendered":"\u00abLa Russie repousse sans cesse les limites\u00bb \u2013 Lib\u00e9ration"},"content":{"rendered":"<p class=\"sc-cPiKLX AiZTS text-element\">Avec le grain de la vid\u00e9o et les couleurs de l\u2019hiver, les images diffus\u00e9es par les garde-fronti\u00e8res estoniens semblent presque oniriques. On y voit trois silhouettes marcher sur une digue rocailleuse, l\u00e9ch\u00e9e par les vaguelettes d\u2019un lac qui vire au mauve. Probl\u00e8me, ces hommes sont des garde-fronti\u00e8res russes et le sol qu\u2019ils foulent est estonien. L\u2019incident s\u2019est produit mercredi 17 d\u00e9cembre dans la matin\u00e9e et aurait dur\u00e9 une vingtaine de minutes, selon Tallinn. Les Russes sont arriv\u00e9s en a\u00e9roglisseur par <a href=\"https:\/\/www.liberation.fr\/international\/europe\/en-estonie-les-russophones-se-dechirent-autour-de-la-guerre-en-ukraine-20220423_GZG6AJPCNZG2DA3KN35XSS2E7Q\/\" target=\"_blank\" rel=\"noopener\" title=\"https:\/\/www.liberation.fr\/international\/europe\/en-estonie-les-russophones-se-dechirent-autour-de-la-guerre-en-ukraine-20220423_GZG6AJPCNZG2DA3KN35XSS2E7Q\/\">la rivi\u00e8re Narva<\/a>, qui marque la limite entre Estonie et Russie dans le tiers nord de la fronti\u00e8re. A l\u2019endroit o\u00f9 le cours d\u2019eau d\u00e9bouche sur l\u2019immense lac Peipus, la d\u00e9limitation vient coller la berge russe. Mais plut\u00f4t que d\u2019y d\u00e9barquer ou de faire demi-tour, les garde-fronti\u00e8res russes ont mis pied \u00e0 terre sur une digue formant une longue \u00eele artificielle, qui appartient en quasi-totalit\u00e9 \u00e0 l\u2019Estonie. Ils semblent y avoir patrouill\u00e9, avant de repartir par l\u00e0 d\u2019o\u00f9 ils \u00e9taient venus.<\/p>\n<p class=\"sc-cPiKLX AiZTS text-element\">Cette br\u00e8ve incursion en territoire estonien pourrait para\u00eetre insignifiante, par son emplacement, sa dur\u00e9e ou son ampleur. Mais <a href=\"https:&lt;\/p&gt;&lt;\/div&gt;&lt;\/article&gt;&lt;\/div&gt;&lt;div data-fusion-lazy-id=\" f0f8vgvlad832fw=\"\"\/><\/p>\n","protected":false},"excerpt":{"rendered":"Avec le grain de la vid\u00e9o et les couleurs de l\u2019hiver, les images diffus\u00e9es par les garde-fronti\u00e8res estoniens&hellip;\n","protected":false},"author":2,"featured_media":607999,"comment_status":"","ping_status":"","sticky":false,"template":"","format":"standard","meta":{"footnotes":""},"categories":[1591],"tags":[11,554,1909,1887,12,136,1885,1886,132,364],"class_list":{"0":"post-607998","1":"post","2":"type-post","3":"status-publish","4":"format-standard","5":"has-post-thumbnail","7":"category-russie","8":"tag-actualites","9":"tag-defense","10":"tag-estonie","11":"tag-federation-de-russie","12":"tag-news","13":"tag-otan","14":"tag-russia","15":"tag-russian-federation","16":"tag-russie","17":"tag-union-europeenne"},"share_on_mastodon":{"url":"https:\/\/pubeurope.com\/@fr\/115742044616654969","error":""},"_links":{"self":[{"href":"https:\/\/www.europesays.com\/fr\/wp-json\/wp\/v2\/posts\/607998","targetHints":{"allow":["GET"]}}],"collection":[{"href":"https:\/\/www.europesays.com\/fr\/wp-json\/wp\/v2\/posts"}],"about":[{"href":"https:\/\/www.europesays.com\/fr\/wp-json\/wp\/v2\/types\/post"}],"author":[{"embeddable":true,"href":"https:\/\/www.europesays.com\/fr\/wp-json\/wp\/v2\/users\/2"}],"replies":[{"embeddable":true,"href":"https:\/\/www.europesays.com\/fr\/wp-json\/wp\/v2\/comments?post=607998"}],"version-history":[{"count":0,"href":"https:\/\/www.europesays.com\/fr\/wp-json\/wp\/v2\/posts\/607998\/revisions"}],"wp:featuredmedia":[{"embeddable":true,"href":"https:\/\/www.europesays.com\/fr\/wp-json\/wp\/v2\/media\/607999"}],"wp:attachment":[{"href":"https:\/\/www.europesays.com\/fr\/wp-json\/wp\/v2\/media?parent=607998"}],"wp:term":[{"taxonomy":"category","embeddable":true,"href":"https:\/\/www.europesays.com\/fr\/wp-json\/wp\/v2\/categories?post=607998"},{"taxonomy":"post_tag","embeddable":true,"href":"https:\/\/www.europesays.com\/fr\/wp-json\/wp\/v2\/tags?post=607998"}],"curies":[{"name":"wp","href":"https:\/\/api.w.org\/{rel}","templated":true}]}}