{"id":608008,"date":"2025-12-18T18:48:21","date_gmt":"2025-12-18T18:48:21","guid":{"rendered":"https:\/\/www.europesays.com\/fr\/608008\/"},"modified":"2025-12-18T18:48:21","modified_gmt":"2025-12-18T18:48:21","slug":"leurope-ne-doit-pas-remplacer-les-etats-unis-en-matiere-de-garanties-de-securite-selon-zelensky","status":"publish","type":"post","link":"https:\/\/www.europesays.com\/fr\/608008\/","title":{"rendered":"L&rsquo;Europe ne doit pas remplacer les \u00c9tats-Unis en mati\u00e8re de garanties de s\u00e9curit\u00e9, selon Zelensky"},"content":{"rendered":"<p class=\"mb-4 text-lg md:leading-8 break-words\">La Russie tente d&rsquo;exclure l&rsquo;Union europ\u00e9enne non seulement des n\u00e9gociations diplomatiques, mais aussi de toute garantie future de s\u00e9curit\u00e9 pour l&rsquo;Ukraine, a d\u00e9clar\u00e9 le pr\u00e9sident ukrainien Volodymyr Zelensky en r\u00e9ponse \u00e0 une question d&rsquo;Euronews lors du sommet du Conseil europ\u00e9en \u00e0 Bruxelles jeudi.<\/p>\n<p class=\"mb-4 text-lg md:leading-8 break-words\">\u00ab\u00a0Quels que soient les signaux envoy\u00e9s par la Russie, nous comprenons qu&rsquo;elle souhaite exclure la pr\u00e9sence des Europ\u00e9ens. Ce n&rsquo;est pas possible\u00a0\u00bb, a d\u00e9clar\u00e9 le pr\u00e9sident ukrainien.<\/p>\n<p class=\"mb-4 text-lg md:leading-8 break-words\">Volodymyr Zelensky a expliqu\u00e9 qu&rsquo;un engagement juridiquement contraignant des pays europ\u00e9ens et les garanties de s\u00e9curit\u00e9 des \u00c9tats-Unis \u00e9taient \u00ab\u00a0des choses diff\u00e9rentes\u00a0\u00bb.<\/p>\n<p class=\"mb-4 text-lg md:leading-8 break-words\">Les dirigeants europ\u00e9ens se sont engag\u00e9s \u00e0 prot\u00e9ger l&rsquo;Ukraine de la Russie \u00e0 l&rsquo;avenir, y compris par des moyens militaires, lors d&rsquo;une r\u00e9union <a href=\"https:\/\/fr.news.yahoo.com\/discussions-%C3%A0-berlin-zelensky-va-153309803.html\" data-ylk=\"slk:qui s&#039;est tenue lundi \u00e0 Berlin;elm:context_link;itc:0;sec:content-canvas;outcm:mb_qualified_link;_E:mb_qualified_link;ct:story;\" class=\"link  yahoo-link\" target=\"_blank\" rel=\"noopener\"><strong>qui s&rsquo;est tenue lundi \u00e0 Berlin<\/strong><\/a>.<\/p>\n<p class=\"mb-4 text-lg md:leading-8 break-words\">Dans l&rsquo;expos\u00e9 le plus d\u00e9taill\u00e9 \u00e0 ce jour des garanties de s\u00e9curit\u00e9 que les pays europ\u00e9ens sont pr\u00eats \u00e0 fournir \u00e0 l&rsquo;Ukraine, les alli\u00e9s de Kiyv ont d\u00e9clar\u00e9 qu&rsquo;ils \u00e9taient pr\u00eats \u00e0 fournir une \u00ab\u00a0force multinationale\u00a0\u00bb dirig\u00e9e par l&rsquo;Europe et op\u00e9rant sur le sol ukrainien, en s&rsquo;appuyant sur les travaux de la \u00ab\u00a0Coalition des volontaires\u00a0\u00bb pr\u00e9sid\u00e9e par la France et le Royaume-Uni.<\/p>\n<p class=\"mb-4 text-lg md:leading-8 break-words\">Volodymyr Zelensky s&rsquo;est empress\u00e9 d&rsquo;insister sur le fait que \u00ab\u00a0cela ne signifie pas que si la Russie attaque \u00e0 nouveau, l&rsquo;Europe sera en mesure de combattre avec sa pr\u00e9sence. Non, personne ne dit cela\u00a0\u00bb.<\/p>\n<p class=\"mb-4 text-lg md:leading-8 break-words\">\u00ab\u00a0La pr\u00e9sence de l&rsquo;Europe r\u00e9duit les risques d&rsquo;agression de la part de la F\u00e9d\u00e9ration de Russie. Le nombre de pays et le nombre de drapeaux nationaux dans la Coalition des volontaires r\u00e9duit les risques d&rsquo;agression, quel que soit le format, peu importe le nombre\u00a0\u00bb, a-t-il expliqu\u00e9, r\u00e9pondant \u00e0 la question d&rsquo;Euronews.<\/p>\n<p class=\"mb-4 text-lg md:leading-8 break-words\">L&rsquo;<a href=\"https:\/\/fr.news.yahoo.com\/garanties-s%C3%A9curit%C3%A9-pays-europ%C3%A9ens-pr%C3%AAts-063009730.html\" data-ylk=\"slk:engagement de l&#039;Europe;elm:context_link;itc:0;sec:content-canvas;outcm:mb_qualified_link;_E:mb_qualified_link;ct:story;\" class=\"link  yahoo-link\" target=\"_blank\" rel=\"noopener\"><strong>engagement de l&rsquo;Europe<\/strong><\/a>, m\u00eame l\u00e9galement contraignant, \u00e0 aider l&rsquo;Ukraine en cas de future attaque russe, ne peut pas remplacer les garanties de s\u00e9curit\u00e9 des \u00c9tats-Unis pour l&rsquo;Ukraine, a ajout\u00e9 le pr\u00e9sident ukrainien.<\/p>\n<p class=\"mb-4 text-lg md:leading-8 break-words\">\u00ab\u00a0Nous ne pensons pas que l&rsquo;Europe doive remplacer les \u00c9tats-Unis d&rsquo;Am\u00e9rique. Et, bien s\u00fbr, nous pensons la m\u00eame chose des garanties de s\u00e9curit\u00e9 des \u00c9tats-Unis d&rsquo;Am\u00e9rique, qui seront similaires \u00e0 l&rsquo;article 5\u00a0\u00bb.<\/p>\n<p class=\"mb-4 text-lg md:leading-8 break-words\">\u00ab\u00a0Lorsque nous parlons de l&rsquo;article 5, de l&rsquo;OTAN, nous comprenons qu&rsquo;il s&rsquo;agit d&rsquo;une r\u00e9ponse \u00e0 une agression. Et nous discuterons de ces d\u00e9tails avec nos partenaires\u00a0\u00bb, a-t-il d\u00e9clar\u00e9, admettant que tous les d\u00e9tails n&rsquo;ont pas \u00e9t\u00e9 clarifi\u00e9s et accept\u00e9s \u00e0 ce stade.<\/p>\n<p class=\"mb-4 text-lg md:leading-8 break-words\">\u00ab\u00a0Que feront les \u00c9tats-Unis si la Russie recommence \u00e0 attaquer ? Que feront ces garanties de s\u00e9curit\u00e9 ? Comment cela fonctionnera-t-il ? Comment tous les partenaires travailleront-ils ensemble ? Comment arr\u00eateront-ils Moscou, pr\u00e9cis\u00e9ment ?\u00a0\u00bb, a demand\u00e9 Volodymyr Zelensky.<\/p>\n<p class=\"mb-4 text-lg md:leading-8 break-words\">\u00ab\u00a0Je pense que nous avons besoin d&rsquo;une r\u00e9ponse \u00e0 cette question. Elle n&rsquo;a pas besoin d&rsquo;\u00eatre publique, mais elle devrait figurer dans des documents\u00a0\u00bb, a-t-il ajout\u00e9.<\/p>\n<p class=\"mb-4 text-lg md:leading-8 break-words\">Mais ce qui est clair pour Kiyv, c&rsquo;est que les <a href=\"https:\/\/fr.news.yahoo.com\/%C3%A9tats-unis-seront-impliqu%C3%A9s-garanties-051930378.html\" data-ylk=\"slk:garanties am\u00e9ricaines;elm:context_link;itc:0;sec:content-canvas;outcm:mb_qualified_link;_E:mb_qualified_link;ct:story;\" class=\"link  yahoo-link\" target=\"_blank\" rel=\"noopener\"><strong>garanties am\u00e9ricaines<\/strong><\/a> doivent \u00eatre juridiquement contraignantes.<\/p>\n<p class=\"mb-4 text-lg md:leading-8 break-words\">\u00ab\u00a0Nous comprenons qu&rsquo;il doit y avoir un article juridiquement contraignant, des garanties de s\u00e9curit\u00e9 de la part des \u00c9tats-Unis d&rsquo;Am\u00e9rique, qui doivent \u00eatre soutenues par le Congr\u00e8s am\u00e9ricain\u00a0\u00bb, a conclu le pr\u00e9sident ukrainien.<\/p>\n","protected":false},"excerpt":{"rendered":"La Russie tente d&rsquo;exclure l&rsquo;Union europ\u00e9enne non seulement des n\u00e9gociations diplomatiques, mais aussi de toute garantie future de&hellip;\n","protected":false},"author":2,"featured_media":608009,"comment_status":"","ping_status":"","sticky":false,"template":"","format":"standard","meta":{"footnotes":""},"categories":[1586],"tags":[11,73,1777,674,1011,27,45221,70285,12,28449,25,134],"class_list":{"0":"post-608008","1":"post","2":"type-post","3":"status-publish","4":"format-standard","5":"has-post-thumbnail","7":"category-europe","8":"tag-actualites","9":"tag-etats-unis","10":"tag-eu","11":"tag-europe","12":"tag-fr","13":"tag-france","14":"tag-garanties-de-securite","15":"tag-l39ukraine","16":"tag-news","17":"tag-pays-europeens","18":"tag-republique-francaise","19":"tag-volodymyr-zelensky"},"share_on_mastodon":{"url":"https:\/\/pubeurope.com\/@fr\/115742068193777933","error":""},"_links":{"self":[{"href":"https:\/\/www.europesays.com\/fr\/wp-json\/wp\/v2\/posts\/608008","targetHints":{"allow":["GET"]}}],"collection":[{"href":"https:\/\/www.europesays.com\/fr\/wp-json\/wp\/v2\/posts"}],"about":[{"href":"https:\/\/www.europesays.com\/fr\/wp-json\/wp\/v2\/types\/post"}],"author":[{"embeddable":true,"href":"https:\/\/www.europesays.com\/fr\/wp-json\/wp\/v2\/users\/2"}],"replies":[{"embeddable":true,"href":"https:\/\/www.europesays.com\/fr\/wp-json\/wp\/v2\/comments?post=608008"}],"version-history":[{"count":0,"href":"https:\/\/www.europesays.com\/fr\/wp-json\/wp\/v2\/posts\/608008\/revisions"}],"wp:featuredmedia":[{"embeddable":true,"href":"https:\/\/www.europesays.com\/fr\/wp-json\/wp\/v2\/media\/608009"}],"wp:attachment":[{"href":"https:\/\/www.europesays.com\/fr\/wp-json\/wp\/v2\/media?parent=608008"}],"wp:term":[{"taxonomy":"category","embeddable":true,"href":"https:\/\/www.europesays.com\/fr\/wp-json\/wp\/v2\/categories?post=608008"},{"taxonomy":"post_tag","embeddable":true,"href":"https:\/\/www.europesays.com\/fr\/wp-json\/wp\/v2\/tags?post=608008"}],"curies":[{"name":"wp","href":"https:\/\/api.w.org\/{rel}","templated":true}]}}