{"id":608012,"date":"2025-12-18T18:50:15","date_gmt":"2025-12-18T18:50:15","guid":{"rendered":"https:\/\/www.europesays.com\/fr\/608012\/"},"modified":"2025-12-18T18:50:15","modified_gmt":"2025-12-18T18:50:15","slug":"son-ministere-son-domicile-sa-mairie-des-perquisitions-dans-le-cadre-dune-enquete-pour-corruption","status":"publish","type":"post","link":"https:\/\/www.europesays.com\/fr\/608012\/","title":{"rendered":"Son minist\u00e8re, son domicile, sa mairie\u2026 Des perquisitions dans le cadre d\u2019une enqu\u00eate pour corruption"},"content":{"rendered":"<p>Rachida Dati a-t-elle per\u00e7u pr\u00e8s de 300.000 euros d\u2019honoraires de la part de GDF Suez quand elle \u00e9tait d\u00e9put\u00e9e europ\u00e9enne\u00a0? Et ce, sans en d\u00e9clarer la provenance\u00a0? C\u2019est ce que cherchent \u00e0 savoir les enqu\u00eateurs. Pour tenter de faire la lumi\u00e8re <a href=\"https:\/\/www.20minutes.fr\/justice\/4165010-20250723-rachida-dati-bientot-jugee-entre-soupcons-corruption-attaque-contre-magistrats-explique-affaire\" class=\"c-link c-link--is-underlined\" target=\"_blank\" rel=\"noopener\">sur ces soup\u00e7ons de corruption<\/a>, des perquisitions ont \u00e9t\u00e9 men\u00e9es ce jeudi 18\u00a0d\u00e9cembre. Le domicile de la ministre de la Culture, ainsi que la mairie du 7e\u00a0arrondissement de <a href=\"https:\/\/www.20minutes.fr\/paris\/\" class=\"c-link c-link--is-underlined\" target=\"_blank\" rel=\"noopener\">Paris<\/a>, que Rachida Dati dirige, ont fait l\u2019objet de perquisitions, a-t-on appris de source proche du dossier. Le minist\u00e8re de la Culture a \u00e9galement \u00e9t\u00e9 perquisitionn\u00e9, selon le parquet national financier.<\/p>\n<p>L&rsquo;information judiciaire est ouverte \u00ab notamment des chefs de corruption active et passive, trafic d&rsquo;influence, d\u00e9tournement de fonds publics, recel et blanchiment de ces d\u00e9lits en lien avec l&rsquo;exercice du mandat de parlementaire europ\u00e9en de Madame Rachida Dati \u00bb, \u00e9crit ainsi le procureur de la R\u00e9publique financier, Jean-Fran\u00e7ois Bohnert, dans un communiqu\u00e9, confirmant ainsi confirmant des informations du<a href=\"https:\/\/www.nouvelobs.com\/politique\/20251218.OBS110774\/exclusif-rachida-dati-perquisitionnee-par-la-justice-dans-le-cadre-d-une-nouvelle-instruction-pour-corruption.html\" rel=\"nofollow noopener\" target=\"_blank\" class=\"c-link c-link--is-underlined\"> Le Nouvel Obs<\/a> et de l\u2019\u00e9mission Compl\u00e9ment d\u2019Enqu\u00eate. Plusieurs signalements <a href=\"https:\/\/www.20minutes.fr\/justice\/4166410-20250802-bijoux-gdf-suez-outrage-magistrat-signalements-visant-rachida-dati-examines-justice\" class=\"c-link c-link--is-underlined\" target=\"_blank\" rel=\"noopener\">avaient \u00e9t\u00e9 effectu\u00e9s cet \u00e9t\u00e9<\/a> \u00e0 l\u2019encontre de la ministre, notamment concernant les 299.000 euros pr\u00e9tendument per\u00e7us en 2010-2011, quand elle \u00e9tait eurod\u00e9put\u00e9e et avocate. Des faits ni\u00e9s par la mise en cause.<\/p>\n<\/p>\n<p>Selon une enqu\u00eate diffus\u00e9e d\u00e9but juin sur France 2, les fonds du g\u00e9ant fran\u00e7ais du gaz avaient transit\u00e9 par un cabinet d\u2019avocats, STC Partners, avant d\u2019\u00eatre rebascul\u00e9s sur les comptes de Rachida Dati en\u00a02010 et\u00a02011. D&rsquo;apr\u00e8s Compl\u00e9ment d&rsquo;enqu\u00eate, l&rsquo;origine de ces revenus n&rsquo;a pas \u00e9t\u00e9 d\u00e9clar\u00e9e au Parlement europ\u00e9en comme cela est requis pour \u00e9viter les conflits d&rsquo;int\u00e9r\u00eat.<\/p>\n<p>Un proc\u00e8s d\u00e9j\u00e0 cal\u00e9 en\u00a02026<\/p>\n<p>Suspendue du parti Les R\u00e9publicains et actuelle ministre du gouvernement de S\u00e9bastien Lecornu, Rachida Dati est aussi <a href=\"https:\/\/www.20minutes.fr\/politique\/david-belliard\/4191985-20251217-municipales-2026-paris-faire-bloc-face-monstre-dati-pourquoi-gauche-range-derriere-gregoire\" class=\"c-link c-link--is-underlined\" target=\"_blank\" rel=\"noopener\">candidate \u00e0 la Mairie de Paris<\/a>.<\/p>\n<p>Apr\u00e8s ce scrutin local, <a href=\"https:\/\/www.20minutes.fr\/politique\/4161940-20250709-municipales-2026-warrior-rachida-dati-peut-devenir-boulet-macronistes\" class=\"c-link c-link--is-underlined\" target=\"_blank\" rel=\"noopener\">Rachida Dati sera aussi jug\u00e9e en septembre\u00a02026<\/a> pour \u00ab\u00a0corruption\u00a0\u00bb et \u00ab\u00a0trafic d\u2019influence passif par personne investie d\u2019un mandat \u00e9lectif\u00a0\u00bb. Elle aurait touch\u00e9 900.000 euros entre\u00a02010 et\u00a02012 de la part de Renault. Des frais cens\u00e9s r\u00e9tribuer une mission de consultante mais qui avait \u00e9t\u00e9 r\u00e9alis\u00e9e \u00ab\u00a0en toute confidentialit\u00e9, voire en toute opacit\u00e9\u00a0\u00bb, selon les juges d\u2019instruction.<\/p>\n","protected":false},"excerpt":{"rendered":"Rachida Dati a-t-elle per\u00e7u pr\u00e8s de 300.000 euros d\u2019honoraires de la part de GDF Suez quand elle \u00e9tait&hellip;\n","protected":false},"author":2,"featured_media":608013,"comment_status":"","ping_status":"","sticky":false,"template":"","format":"standard","meta":{"footnotes":""},"categories":[2],"tags":[47,11,1770,2761,1011,27,28199,662,2381,12,626,316,417,25],"class_list":{"0":"post-608012","1":"post","2":"type-post","3":"status-publish","4":"format-standard","5":"has-post-thumbnail","7":"category-actualites","8":"tag-actualite","9":"tag-actualites","10":"tag-corruption","11":"tag-elections-municipales-2026","12":"tag-fr","13":"tag-france","14":"tag-gdf-suez","15":"tag-ile-de-france","16":"tag-mairie-de-paris","17":"tag-news","18":"tag-paris","19":"tag-politique","20":"tag-rachida-dati","21":"tag-republique-francaise"},"share_on_mastodon":{"url":"https:\/\/pubeurope.com\/@fr\/115742076290826477","error":""},"_links":{"self":[{"href":"https:\/\/www.europesays.com\/fr\/wp-json\/wp\/v2\/posts\/608012","targetHints":{"allow":["GET"]}}],"collection":[{"href":"https:\/\/www.europesays.com\/fr\/wp-json\/wp\/v2\/posts"}],"about":[{"href":"https:\/\/www.europesays.com\/fr\/wp-json\/wp\/v2\/types\/post"}],"author":[{"embeddable":true,"href":"https:\/\/www.europesays.com\/fr\/wp-json\/wp\/v2\/users\/2"}],"replies":[{"embeddable":true,"href":"https:\/\/www.europesays.com\/fr\/wp-json\/wp\/v2\/comments?post=608012"}],"version-history":[{"count":0,"href":"https:\/\/www.europesays.com\/fr\/wp-json\/wp\/v2\/posts\/608012\/revisions"}],"wp:featuredmedia":[{"embeddable":true,"href":"https:\/\/www.europesays.com\/fr\/wp-json\/wp\/v2\/media\/608013"}],"wp:attachment":[{"href":"https:\/\/www.europesays.com\/fr\/wp-json\/wp\/v2\/media?parent=608012"}],"wp:term":[{"taxonomy":"category","embeddable":true,"href":"https:\/\/www.europesays.com\/fr\/wp-json\/wp\/v2\/categories?post=608012"},{"taxonomy":"post_tag","embeddable":true,"href":"https:\/\/www.europesays.com\/fr\/wp-json\/wp\/v2\/tags?post=608012"}],"curies":[{"name":"wp","href":"https:\/\/api.w.org\/{rel}","templated":true}]}}