{"id":608025,"date":"2025-12-18T19:03:11","date_gmt":"2025-12-18T19:03:11","guid":{"rendered":"https:\/\/www.europesays.com\/fr\/608025\/"},"modified":"2025-12-18T19:03:11","modified_gmt":"2025-12-18T19:03:11","slug":"exclu-tribu-de-gens-mal-eleves-marlene-schaff-hausse-le-ton-en-evoquant-la-star-academy","status":"publish","type":"post","link":"https:\/\/www.europesays.com\/fr\/608025\/","title":{"rendered":"EXCLU. \u00ab\u00a0Tribu de gens mal \u00e9lev\u00e9s\u00a0\u00bb : Marl\u00e8ne Schaff hausse le ton en \u00e9voquant la Star Academy"},"content":{"rendered":"<p>L\u2019heure est au coup de gueule pour <strong>Marl\u00e8ne<br \/>\nSchaff<\/strong>. Dans un entretien avec Closer \u00e0<br \/>\nl\u2019occasion du lancement de son spectacle A Queen is born,<br \/>\nqui commencera le 18 mars prochain \u00e0 l&rsquo;Alhambra, \u00e0 Paris, la<br \/>\nchanteuse de 42 ans a hauss\u00e9 le ton en \u00e9voquant l\u2019<a href=\"https:\/\/www.closermag.fr\/people\/star-academy-2025-leo-prive-de-tournee-sa-mere-indignee-sort-du-silence-3604771\" target=\"_blank\" rel=\"noopener\">\u00e9mission<br \/>\nStar Academy<\/a>,pour laquelle elle officie depuis 2022.<\/p>\n<p>Remont\u00e9e, la professeure d\u2019expression sc\u00e9nique est revenue sur<br \/>\n<strong>le cyberharc\u00e8lement dont sont victimes certains<br \/>\n\u00e9l\u00e8ves<\/strong> depuis le lancement de la saison 2025. \u00ab\u00a0C\u2019est<br \/>\ninacceptable, s\u2019\u00e9gosille-t-elle. <strong>\u00c0 quel moment<br \/>\ns\u2019est-on loup\u00e9, en tant que soci\u00e9t\u00e9,<\/strong> pour avoir cette<br \/>\ntribu de gens mal \u00e9lev\u00e9s\u00a0?\u00a0\u00bb<\/p>\n<p>Marl\u00e8ne Schaff\u00a0: \u00ab\u00a0Le vivre-ensemble, \u00e7a commence d\u00e9j\u00e0<br \/>\nsur son clavier\u00a0\u00bb<\/p>\n<p>Et de poursuivre\u00a0: \u00ab\u00a0C\u2019est difficile de les prot\u00e9ger de<br \/>\ntout \u00e7a. J\u2019ai moi-m\u00eame du mal \u00e0 m\u2019en prot\u00e9ger. Mais je m\u2019efforce \u00e0<br \/>\nliker tous les milliers de messages gentils que je re\u00e7ois au<br \/>\nquotidien. \u00c7a me rappelle pourquoi je fais ce m\u00e9tier.<br \/>\n<strong>J\u2019aime dire que je ne suis pas une maman, ni pour les<br \/>\n\u00e9l\u00e8ves, ni pour les personnes qui ne savent pas se comporter en<br \/>\nsoci\u00e9t\u00e9.<\/strong> Le vivre-ensemble, \u00e7a commence d\u00e9j\u00e0 sur son<br \/>\nclavier.\u00a0\u00bb<\/p>\n<p>Si Marl\u00e8ne Schaff prend autant \u00e0 c\u0153ur les insultes re\u00e7ues par<br \/>\ncertains \u00e9l\u00e8ves, c\u2019est qu\u2019elle-m\u00eame est aussi tr\u00e8s souvent prise<br \/>\npour cible. D\u00e9but d\u00e9cembre, la professeure d\u2019expression sc\u00e9nique<br \/>\ns\u2019\u00e9tait retrouv\u00e9e sous le feu de critiques particuli\u00e8rement<br \/>\nvirulentes apr\u00e8s une remarque jug\u00e9e d\u00e9plac\u00e9e \u00e0 <a href=\"https:\/\/www.closermag.fr\/tv_tele_realite\/ambre-star-academy-2025-a-tape-dans-loeil-de-cette-immense-star-de-la-chanson-francaise-3591385\" target=\"_blank\" rel=\"noopener\"><br \/>\nAmbre, une des acad\u00e9miciennes<\/a>.<\/p>\n<p>Marl\u00e8ne Schaff soutenue par Lucie<br \/>\nBernardoni<\/p>\n<p>Sur X, anciennement Twitter, elle avait r\u00e9agi\u00a0:<br \/>\n<strong>\u00ab\u00a0Un jour, j\u2019aimerais \u00eatre parfaite comme les gens de<br \/>\ntwitter.<\/strong> J\u2019aimerais savoir o\u00f9 ils trouvent les potions et<br \/>\nles onguents qui rendent sachants tout puissants. Quelles \u00e9tudes<br \/>\npour \u00eatre ainsi de fiers juges ? Quelles recherches pour \u00eatre ainsi<br \/>\nacide, m\u00e9chant et en rire ?\u00a0\u00bb<\/p>\n<p>La situation avait tant d\u00e9g\u00e9n\u00e9r\u00e9 que <a href=\"https:\/\/www.closermag.fr\/tv_tele_realite\/bah-dis-le-a-un-moment-donne-lucie-bernardoni-en-couple-avec-michael-goldman-cette-sequence-qui-en-dit-long-sur-leur-relation-3589428\" target=\"_blank\" rel=\"noopener\"><br \/>\nLucie Bernardoni<\/a>, coll\u00e8gue et amie de la chanteuse, avait pris<br \/>\nla parole sur les r\u00e9seaux pour la d\u00e9fendre. \u00ab\u00a0Marlene Schaff est<br \/>\nune femme bien et empathique. Elle \u00e9tait ma coll\u00e8gue, elle devenue<br \/>\nmon amie. De celles qui viennent vous soigner quand vous \u00eates<br \/>\nmalades. De celles qui savent tout en vous regardant sans ne rien<br \/>\ndire\u00a0\u00bb, avait-elle \u00e9crit. \u00ab\u00a0En tant qu\u2019amie, <strong>je suis<br \/>\noutr\u00e9e de voir les rivi\u00e8res de haine qu\u2019elle re\u00e7oit<\/strong> et qui<br \/>\ncristallisent les pens\u00e9es sombres de ceux qui jugent avant de<br \/>\nfaire. Ici il n\u2019y a de place que pour l\u2019amour de la musique et la<br \/>\ntransmission aux \u00e9l\u00e8ves. Marl\u00e8ne. Je t\u2019aime.\u00a0\u00bb<\/p>\n<p><strong>COMMENT ACHETER<br \/>\nCLOSER ? Votre magazine est en vente \u00e0 partir du vendredi 19<br \/>\nd\u00e9cembre 2025 chez votre marchand de journaux, sur Android, iPad et<br \/>\nsur KiosqueMag.<\/strong><\/p>\n","protected":false},"excerpt":{"rendered":"L\u2019heure est au coup de gueule pour Marl\u00e8ne Schaff. Dans un entretien avec Closer \u00e0 l\u2019occasion du lancement&hellip;\n","protected":false},"author":2,"featured_media":608026,"comment_status":"","ping_status":"","sticky":false,"template":"","format":"standard","meta":{"footnotes":""},"categories":[1359],"tags":[21303,58,59,1011,27,70426,973,5095,65861],"class_list":{"0":"post-608025","1":"post","2":"type-post","3":"status-publish","4":"format-standard","5":"has-post-thumbnail","7":"category-people","8":"tag-buzz_nonli","9":"tag-divertissement","10":"tag-entertainment","11":"tag-fr","12":"tag-france","13":"tag-marfeel_news","14":"tag-people","15":"tag-star-academy","16":"tag-trend"},"share_on_mastodon":{"url":"https:\/\/pubeurope.com\/@fr\/115742127263589553","error":""},"_links":{"self":[{"href":"https:\/\/www.europesays.com\/fr\/wp-json\/wp\/v2\/posts\/608025","targetHints":{"allow":["GET"]}}],"collection":[{"href":"https:\/\/www.europesays.com\/fr\/wp-json\/wp\/v2\/posts"}],"about":[{"href":"https:\/\/www.europesays.com\/fr\/wp-json\/wp\/v2\/types\/post"}],"author":[{"embeddable":true,"href":"https:\/\/www.europesays.com\/fr\/wp-json\/wp\/v2\/users\/2"}],"replies":[{"embeddable":true,"href":"https:\/\/www.europesays.com\/fr\/wp-json\/wp\/v2\/comments?post=608025"}],"version-history":[{"count":0,"href":"https:\/\/www.europesays.com\/fr\/wp-json\/wp\/v2\/posts\/608025\/revisions"}],"wp:featuredmedia":[{"embeddable":true,"href":"https:\/\/www.europesays.com\/fr\/wp-json\/wp\/v2\/media\/608026"}],"wp:attachment":[{"href":"https:\/\/www.europesays.com\/fr\/wp-json\/wp\/v2\/media?parent=608025"}],"wp:term":[{"taxonomy":"category","embeddable":true,"href":"https:\/\/www.europesays.com\/fr\/wp-json\/wp\/v2\/categories?post=608025"},{"taxonomy":"post_tag","embeddable":true,"href":"https:\/\/www.europesays.com\/fr\/wp-json\/wp\/v2\/tags?post=608025"}],"curies":[{"name":"wp","href":"https:\/\/api.w.org\/{rel}","templated":true}]}}